{"id":505656,"date":"2024-02-04T18:52:21","date_gmt":"2024-02-04T22:52:21","guid":{"rendered":"https:\/\/diariodominicano.com\/?p=505656"},"modified":"2024-02-04T18:54:09","modified_gmt":"2024-02-04T22:54:09","slug":"52-aniversario-del-fallecimiento-de-genaro-vazquez-rojas-el-gran-revolucionario-maestro-lider-sindical-del-magisterio-guerrerense-defensor-de-las-causas-campesinas-guerrillero","status":"publish","type":"post","link":"https:\/\/diariodominicano.com\/?p=505656","title":{"rendered":"52 aniversario del fallecimiento de Genaro V\u00e1zquez Rojas el gran revolucionario Maestro, l\u00edder sindical del magisterio guerrerense, defensor de las causas campesinas, guerrillero"},"content":{"rendered":"\n<p><strong><em>Genaro V\u00e1zquez Rojas<\/em><\/strong><\/p>\n\n\n\n<p><strong>Por Araceli Aguilar Salgado<\/strong><\/p>\n\n\n\n<p><strong><em>\u00abTrazaste el camino, tu ca\u00edda abona el proyecto que camina, la patria nos necesita\u00bb Genaro V\u00e1zquez Rojas.<\/em><\/strong><\/p>\n\n\n\n<p>Genaro V\u00e1zquez Rojas buscaba que su lucha armada lograra el establecimiento de un orden de vida social justo en beneficio de las mayor\u00edas trabajadoras de M\u00e9xico.<\/p>\n\n\n\n<figure class=\"wp-block-image size-large\"><img loading=\"lazy\" decoding=\"async\" width=\"1024\" height=\"684\" src=\"https:\/\/diariodominicano.com\/wp-content\/uploads\/2024\/02\/7-genaro-1024x684.jpg\" alt=\"\" class=\"wp-image-505658\" srcset=\"https:\/\/diariodominicano.com\/wp-content\/uploads\/2024\/02\/7-genaro-1024x684.jpg 1024w, https:\/\/diariodominicano.com\/wp-content\/uploads\/2024\/02\/7-genaro-300x200.jpg 300w, https:\/\/diariodominicano.com\/wp-content\/uploads\/2024\/02\/7-genaro-768x513.jpg 768w, https:\/\/diariodominicano.com\/wp-content\/uploads\/2024\/02\/7-genaro-816x545.jpg 816w, https:\/\/diariodominicano.com\/wp-content\/uploads\/2024\/02\/7-genaro.jpg 1280w\" sizes=\"auto, (max-width: 1024px) 100vw, 1024px\" \/><\/figure>\n\n\n\n<p>Genaro V\u00e1zquez Rojas naci\u00f3 el 10 de junio de 1931 en San Luis Acatl\u00e1n, Guerrero.<\/p>\n\n\n\n<p>Hijo del l\u00edder campesino Alfonso V\u00e1zquez y de Fel\u00edcitas Rojas, fue un l\u00edder sindical del magisterio guerrerense que, tras formar parte de la oposici\u00f3n pol\u00edtica al gobierno de Guerrero, pas\u00f3 a la clandestinidad y form\u00f3 uno de los varios grupos armados que se desarrollaron en la Sierra Madre del Sur durante las d\u00e9cadas de 1960 y 1970.<\/p>\n\n\n\n<p>Fue militante del Movimiento Revolucionario del Magisterio y despu\u00e9s del Movimiento de Liberaci\u00f3n Nacional. Tambi\u00e9n fue integrante de la Central Campesina Independiente CCI.<\/p>\n\n\n\n<figure class=\"wp-block-image size-large\"><img loading=\"lazy\" decoding=\"async\" width=\"684\" height=\"1024\" src=\"https:\/\/diariodominicano.com\/wp-content\/uploads\/2024\/02\/6-genaro-684x1024.jpg\" alt=\"\" class=\"wp-image-505659\" srcset=\"https:\/\/diariodominicano.com\/wp-content\/uploads\/2024\/02\/6-genaro-684x1024.jpg 684w, https:\/\/diariodominicano.com\/wp-content\/uploads\/2024\/02\/6-genaro-200x300.jpg 200w, https:\/\/diariodominicano.com\/wp-content\/uploads\/2024\/02\/6-genaro-768x1150.jpg 768w, https:\/\/diariodominicano.com\/wp-content\/uploads\/2024\/02\/6-genaro-816x1222.jpg 816w, https:\/\/diariodominicano.com\/wp-content\/uploads\/2024\/02\/6-genaro.jpg 855w\" sizes=\"auto, (max-width: 684px) 100vw, 684px\" \/><\/figure>\n\n\n\n<figure class=\"wp-block-image size-large\"><img loading=\"lazy\" decoding=\"async\" width=\"684\" height=\"1024\" src=\"https:\/\/diariodominicano.com\/wp-content\/uploads\/2024\/02\/5-genaro-684x1024.jpg\" alt=\"\" class=\"wp-image-505660\" srcset=\"https:\/\/diariodominicano.com\/wp-content\/uploads\/2024\/02\/5-genaro-684x1024.jpg 684w, https:\/\/diariodominicano.com\/wp-content\/uploads\/2024\/02\/5-genaro-200x300.jpg 200w, https:\/\/diariodominicano.com\/wp-content\/uploads\/2024\/02\/5-genaro-768x1150.jpg 768w, https:\/\/diariodominicano.com\/wp-content\/uploads\/2024\/02\/5-genaro-816x1222.jpg 816w, https:\/\/diariodominicano.com\/wp-content\/uploads\/2024\/02\/5-genaro.jpg 855w\" sizes=\"auto, (max-width: 684px) 100vw, 684px\" \/><\/figure>\n\n\n\n<p>Genaro V\u00e1zquez recibi\u00f3 la influencia de su padre, quien organizaba a los campesinos, copreros, caficultores e ind\u00edgenas para enfrentar a los caciques y terratenientes del municipio.<\/p>\n\n\n\n<p>Desde muy joven, Genaro tuvo una gran conciencia social y preocupaci\u00f3n por las condiciones de la poblaci\u00f3n en su lugar de origen, el estado de Guerrero, caracterizado por una gran pobreza, desigualdad social y p\u00e9simas condiciones de vida de los campesinos y agricultores, lo cual dio origen a diversos movimientos campesinos y cafetaleros con la exigencia de tierras y en denuncia de la marginaci\u00f3n.<\/p>\n\n\n\n<p>Durante su educaci\u00f3n mostr\u00f3 compromiso y entrega en su formaci\u00f3n y grandes dotes en oratoria.<\/p>\n\n\n\n<figure class=\"wp-block-image size-large\"><img loading=\"lazy\" decoding=\"async\" width=\"684\" height=\"1024\" src=\"https:\/\/diariodominicano.com\/wp-content\/uploads\/2024\/02\/4-genaro-684x1024.jpg\" alt=\"\" class=\"wp-image-505662\" srcset=\"https:\/\/diariodominicano.com\/wp-content\/uploads\/2024\/02\/4-genaro-684x1024.jpg 684w, https:\/\/diariodominicano.com\/wp-content\/uploads\/2024\/02\/4-genaro-200x300.jpg 200w, https:\/\/diariodominicano.com\/wp-content\/uploads\/2024\/02\/4-genaro-768x1150.jpg 768w, https:\/\/diariodominicano.com\/wp-content\/uploads\/2024\/02\/4-genaro-816x1222.jpg 816w, https:\/\/diariodominicano.com\/wp-content\/uploads\/2024\/02\/4-genaro.jpg 855w\" sizes=\"auto, (max-width: 684px) 100vw, 684px\" \/><\/figure>\n\n\n\n<p>Hizo su bachillerato en la Escuela Nacional Preparatoria de San Ildefonso y la licenciatura en la Escuela Nacional de Maestros, donde combin\u00f3 la academia con la lucha campesina.<\/p>\n\n\n\n<p>Viajaba cada mes a San Luis Acatl\u00e1n para acompa\u00f1ar a los ejidatarios a distintas comisiones a Chilpancingo y la Ciudad de M\u00e9xico.<\/p>\n\n\n\n<figure class=\"wp-block-image size-large\"><img loading=\"lazy\" decoding=\"async\" width=\"684\" height=\"1024\" src=\"https:\/\/diariodominicano.com\/wp-content\/uploads\/2024\/02\/1-genaro-684x1024.jpg\" alt=\"\" class=\"wp-image-505663\" srcset=\"https:\/\/diariodominicano.com\/wp-content\/uploads\/2024\/02\/1-genaro-684x1024.jpg 684w, https:\/\/diariodominicano.com\/wp-content\/uploads\/2024\/02\/1-genaro-200x300.jpg 200w, https:\/\/diariodominicano.com\/wp-content\/uploads\/2024\/02\/1-genaro-768x1150.jpg 768w, https:\/\/diariodominicano.com\/wp-content\/uploads\/2024\/02\/1-genaro-816x1222.jpg 816w, https:\/\/diariodominicano.com\/wp-content\/uploads\/2024\/02\/1-genaro.jpg 855w\" sizes=\"auto, (max-width: 684px) 100vw, 684px\" \/><\/figure>\n\n\n\n<p>El hecho de ser maestro rural implica adentrarse al M\u00e9xico de abajo, al M\u00e9xico profundo.<\/p>\n\n\n\n<p>Para muchos j\u00f3venes en diversos estados las \u00fanicas posibilidades de continuar estudios superiores las encuentran en las Normales Rurales, escuelas con internados gratuitos que no representan un gasto excesivo para los campesinos, y s\u00ed la promesa de un trabajo digno para sus hijos.<\/p>\n\n\n\n<p>Adem\u00e1s, la educaci\u00f3n en estas escuelas incluye la formaci\u00f3n de maestros involucrados con las condiciones y necesidades de la poblaci\u00f3n de la zona a la que atienden, ubicadas en lugares remotos y de los cuales normalmente son originarios.<\/p>\n\n\n\n<p>La educaci\u00f3n impartida con base social y humanista, comprometida con la poblaci\u00f3n y siguiendo el ejemplo de luchadores sociales, permite entender el papel que juegan los maestros rurales del estado de Guerrero como l\u00edderes naturales de diversos movimientos sociales.<\/p>\n\n\n\n<p>El maestro cumple un papel fundamental en la historia de la protesta en M\u00e9xico.<\/p>\n\n\n\n<p>En 1959 Genaro conoce a Leopoldo Venegas Carrasco, quien le ayuda a fundar, el 2 de septiembre de ese a\u00f1o, la Asociaci\u00f3n C\u00edvica Guerrerense (ACG), organizaci\u00f3n campesino-popular que les declara la guerra a los caciques regionales, entre ellos, al represivo gobernador del estado, Ra\u00fal Caballero Aburto.<\/p>\n\n\n\n<p>El padre de Genaro le pide renunciar a dicha Asociaci\u00f3n, a lo cual \u00e9l se niega por considerarlo una traici\u00f3n para su pueblo.<\/p>\n\n\n\n<p>A la asamblea constitutiva llegaron organizaciones guerrerenses en Ciudad de M\u00e9xico.<\/p>\n\n\n\n<p>En 1960, la ACG organiza y dirige manifestaciones de repudio contra el gobernador por la detenci\u00f3n del profesor normalista el 27 de abril de ese a\u00f1o por la carretera a Teloloapan, logrando que lo liberen 15 d\u00edas m\u00e1s tarde.<\/p>\n\n\n\n<p>Dos meses despu\u00e9s, sale la caravana de los c\u00edvicos junto con Genaro rumbo a la Ciudad de M\u00e9xico para reunirse con el presidente de la Rep\u00fablica.<\/p>\n\n\n\n<p>En el pliego petitorio demandan: la salida del gobernador Caballero Aburto, por la \u201cfalta de garant\u00edas constitucionales en el estado, despojo de tierras de los campesinos, represi\u00f3n sistem\u00e1tica cometida por pistoleros y la polic\u00eda, fraudes electorales en algunos municipios y robo en su favor y de algunos de sus familiares\u201d.<\/p>\n\n\n\n<p>La inconformidad de ACG inici\u00f3 el 1 de abril de 1960 cuando el gobierno estatal le niega la autonom\u00eda a la Universidad.<\/p>\n\n\n\n<p>La huelga estudiantil que estalla en octubre es brutalmente reprimida por Caballero Aburto.<\/p>\n\n\n\n<p>Esta situaci\u00f3n re\u00fane al movimiento de los c\u00edvicos \u2013que denunciaban los abusos del gobernador y la lucha estudiantil de la Federaci\u00f3n Estudiantil Universitaria Guerrerense, acordando unir sus demandas.<\/p>\n\n\n\n<p>El movimiento se fortalece con la incorporaci\u00f3n de los estudiantes normalistas de Ayotzinapa, entre quienes destacaba como uno de sus l\u00edderes Lucio Caba\u00f1as Barrientos.<\/p>\n\n\n\n<p>Esta movilizaci\u00f3n de normalistas, c\u00edvicos y estudiantes, se despleg\u00f3 por todo el estado de Guerrero formando brigadas, y una plataforma de lucha llev\u00f3 a la rebeli\u00f3n de 36 ayuntamientos que se les unieron y conformaron el Consejo Coordinador de las Organizaciones del Pueblo de Guerrero, destacando Chilpancingo, Acapulco y Atoyac.<\/p>\n\n\n\n<p>Siguieron movilizaciones y represiones constantes por parte del gobierno guerrerense, con un saldo de heridos y cientos de detenidos.<\/p>\n\n\n\n<p>Si bien en M\u00e9xico no existi\u00f3 una dictadura como en el caso del Cono Sur, s\u00ed se sabe que el gobierno del PRI protagoniz\u00f3 una verdadera contrainsurgencia apoyada por Estados Unidos con la finalidad de destruir los movimientos armados, al sindicalismo combativo y a los estudiantes.<\/p>\n\n\n\n<p>Lamentablemente, durante esta llamada Guerra Sucia se presentaron miles de desaparecidos, ejecutados y torturados.<\/p>\n\n\n\n<p>Durante 1961 Genaro V\u00e1zquez particip\u00f3 en la formaci\u00f3n del Movimiento Pol\u00edtico de la Juventud Mexicana en la Ciudad de M\u00e9xico, que no se concret\u00f3.<\/p>\n\n\n\n<p>El investigador Francisco G\u00f3mez Jara describe el encuentro del rebelde de Guerrero con Rub\u00e9n Jaramillo: \u201cEn el camino de regreso al estado de Guerrero, Genaro se entrevist\u00f3 en Morelos con Rub\u00e9n Jaramillo sin llegar a concertar ninguna acci\u00f3n coordinada entre ambos.\u201d<\/p>\n\n\n\n<p>Un a\u00f1o m\u00e1s tarde, el 17 de febrero, se lleva a cabo en Atoyac el II Congreso Regional del Comit\u00e9 C\u00edvico Guerrerense, con la presencia de los siete municipios de la Costa Grande, desde Acapulco hasta La Uni\u00f3n. Genaro V\u00e1zquez preside la asamblea.<\/p>\n\n\n\n<p>Meses m\u00e1s tarde, el 21 de junio, Genaro V\u00e1zquez, Antonio Sotelo y Emeterio de la Hoya C\u00e1rdenas difunden un manifiesto en el que invitaban a los campesinos a participar en el Congreso Estatal de la ACG a realizarse en Acapulco.<\/p>\n\n\n\n<p>En el documento establecieron un ideario y convocaron a la lucha organizada. Al llamado se sumaron sindicatos, comisarios ejidales, presidentes y comuneros de distintos municipios de Guerrero.<\/p>\n\n\n\n<p>El 1 de febrero de 1972, Genaro decide regresar a la Sierra de Guerrero, v\u00eda M\u00e9xico, dando la vuelta por la sierra de Michoac\u00e1n. Salieron del domicilio del licenciado Mario Padilla a las 8:00 de la noche. El chofer que consigui\u00f3 para realizar este trayecto, Salvador Flores Bello, un inexperto.<\/p>\n\n\n\n<p>En el coche viajaban Genaro, Jos\u00e9 Bracho, Sabina Ledesma Javier, Araceli y Salvador Flores.<\/p>\n\n\n\n<p>A la 01:30 de la ma\u00f1ana del 2 de febrero de 1972, el autom\u00f3vil en que viajaba Genaro V\u00e1zquez se estrell\u00f3 contra el alero de un puente, en el kil\u00f3metro 226.7 de la carretera 15 M\u00e9xico-Nogales cerca de Baj\u00fambaro, Michoac\u00e1n.<\/p>\n\n\n\n<p>Ah\u00ed, Genaro es detenido y trasladado al hospital militar de Morelia por el Ej\u00e9rcito Mexicano. Horas despu\u00e9s se da a conocer en cadena nacional que ha fallecido, hecho que hasta ahora no est\u00e1 del todo claro.<\/p>\n\n\n\n<p>Por lo que respecto a la muerte del maestro Genaro el 2 de febrero de 1972, la versi\u00f3n oficial afirma que su muerte fue provocada por el choque del auto en el que viajaba, sin embargo, existe la versi\u00f3n extraoficial de sus familiares, quienes aseguran que su deceso ocurri\u00f3 en el Hospital Regional Militar de Morelia, Michoac\u00e1n, a manos de militares.<\/p>\n\n\n\n<p>Su viuda, la maestra Consuelo Sol\u00eds Morales, se\u00f1ala que ten\u00eda un golpe en la cabeza que parec\u00eda un cachazo a 52 a\u00f1os sin el esclarecimiento de su muerte es un pendiente de justicia.<\/p>\n\n\n\n<p>A Genaro V\u00e1zquez Rojas se le recuerda como un hombre comprometido con la ense\u00f1anza y con la lucha por mejorar la vida de la poblaci\u00f3n m\u00e1s desfavorecida y explotada, por lo que de manera congruente promovi\u00f3 y construy\u00f3 diversas organizaciones campesinas, magisteriales y populares para la defensa de sus derechos humanos, pero lamentablemente sus acciones lo enfrentaban a los poderes regionales y federales, por lo que Genaro se convirti\u00f3 en el objetivo principal de los instrumentos de persecuci\u00f3n pol\u00edtica del gobierno mexicano a trav\u00e9s de sus \u00f3rganos de inteligencia.<\/p>\n\n\n\n<p>Su muerte, a 52 a\u00f1os de este acontecimiento, sigue sin esclarecerse, pese a la petici\u00f3n de sus familiares.<\/p>\n\n\n\n<p>Para evitar el olvido, la maestra Consuelo, su esposa y compa\u00f1era de lucha, cada 2 de febrero, frente a su tumba, se encarga de mantener viva la historia y el ideario del comandante Genaro V\u00e1zquez Rojas y del ACG.<\/p>\n\n\n\n<p>Genaro V\u00e1zquez Rojas comand\u00f3 la Asociaci\u00f3n C\u00edvica Nacional Revolucionaria y es considerado un s\u00edmbolo de lucha para las organizaciones y movimientos sociales actuales.<\/p>\n\n\n\n<p><strong><em>\u00abEstos montes que sirvieron de trinchera a nuestros h\u00e9roes de la Independencia y la Revoluci\u00f3n, ser\u00e1n escenario de la \u00faltima batalla definitiva que la clase campesina tiene que librar para su total liberaci\u00f3n. Es preciso llevar esta guerra hasta sus \u00faltimas consecuencias para terminar de una vez y para siempre con los caciques que se han apoderado de las tierras y de todo aquello que produce alimentos. Nuestros hijos no deben seguir siendo peones de sus hijos. Lograr la liberaci\u00f3n de M\u00e9xico y una patria nueva, o morir por ella.\u00bb Genaro V\u00e1zquez Rojas.<\/em><\/strong><\/p>\n\n\n\n<p>*Fotograf\u00edas: Facebook Delfino Ramos V\u00e1zquez.<\/p>\n\n\n\n<p><strong><em>&nbsp;<\/em><\/strong><strong>Araceli Aguilar Salgado Periodista, Abogada, Ingeniera, Escritora, Analista y comentarista mexicana, del Estado de Guerrero E-mail&nbsp;<a href=\"mailto:periodistaaaguilar@gmail.com\" target=\"_blank\" rel=\"noreferrer noopener\">periodistaaaguilar@gmail.com<\/a><\/strong><\/p>\n","protected":false},"excerpt":{"rendered":"<p>Genaro V\u00e1zquez Rojas Por Araceli Aguilar Salgado \u00abTrazaste el camino, tu ca\u00edda abona el proyecto que camina, la patria nos necesita\u00bb Genaro V\u00e1zquez Rojas. Genaro V\u00e1zquez Rojas buscaba que su lucha armada lograra el establecimiento de un orden de vida social justo en beneficio de las mayor\u00edas trabajadoras de M\u00e9xico. Genaro V\u00e1zquez Rojas naci\u00f3 el [&hellip;]<\/p>\n","protected":false},"author":28,"featured_media":505657,"comment_status":"closed","ping_status":"","sticky":false,"template":"","format":"standard","meta":{"footnotes":""},"categories":[36,26],"tags":[],"class_list":["post-505656","post","type-post","status-publish","format-standard","has-post-thumbnail","hentry","category-hombresmujeresycosas","category-efemerides"],"_links":{"self":[{"href":"https:\/\/diariodominicano.com\/index.php?rest_route=\/wp\/v2\/posts\/505656","targetHints":{"allow":["GET"]}}],"collection":[{"href":"https:\/\/diariodominicano.com\/index.php?rest_route=\/wp\/v2\/posts"}],"about":[{"href":"https:\/\/diariodominicano.com\/index.php?rest_route=\/wp\/v2\/types\/post"}],"author":[{"embeddable":true,"href":"https:\/\/diariodominicano.com\/index.php?rest_route=\/wp\/v2\/users\/28"}],"replies":[{"embeddable":true,"href":"https:\/\/diariodominicano.com\/index.php?rest_route=%2Fwp%2Fv2%2Fcomments&post=505656"}],"version-history":[{"count":4,"href":"https:\/\/diariodominicano.com\/index.php?rest_route=\/wp\/v2\/posts\/505656\/revisions"}],"predecessor-version":[{"id":505666,"href":"https:\/\/diariodominicano.com\/index.php?rest_route=\/wp\/v2\/posts\/505656\/revisions\/505666"}],"wp:featuredmedia":[{"embeddable":true,"href":"https:\/\/diariodominicano.com\/index.php?rest_route=\/wp\/v2\/media\/505657"}],"wp:attachment":[{"href":"https:\/\/diariodominicano.com\/index.php?rest_route=%2Fwp%2Fv2%2Fmedia&parent=505656"}],"wp:term":[{"taxonomy":"category","embeddable":true,"href":"https:\/\/diariodominicano.com\/index.php?rest_route=%2Fwp%2Fv2%2Fcategories&post=505656"},{"taxonomy":"post_tag","embeddable":true,"href":"https:\/\/diariodominicano.com\/index.php?rest_route=%2Fwp%2Fv2%2Ftags&post=505656"}],"curies":[{"name":"wp","href":"https:\/\/api.w.org\/{rel}","templated":true}]}}