{"id":505640,"date":"2024-02-04T18:26:55","date_gmt":"2024-02-04T22:26:55","guid":{"rendered":"https:\/\/diariodominicano.com\/?p=505640"},"modified":"2024-02-04T18:26:55","modified_gmt":"2024-02-04T22:26:55","slug":"jce-informa-suspension-y-traslados-de-servicios-de-oficinas-que-operan-en-locales-de-juntas-electorales-para-el-montaje-de-las-elecciones-municipales-del-domingo-18","status":"publish","type":"post","link":"https:\/\/diariodominicano.com\/?p=505640","title":{"rendered":"JCE informa suspensi\u00f3n y traslados de servicios de oficinas que operan en locales de juntas electorales para el montaje de las elecciones municipales del domingo 18"},"content":{"rendered":"\n<p>Archivo:<\/p>\n\n\n\n<p><strong>Santo Domingo, RD. \u2013<\/strong>\u00a0La Junta Central Electoral (JCE) inform\u00f3 el domingo de la de la suspensi\u00f3n, traslado de servicios y ajustes de horarios para las dependencias de la instituci\u00f3n que operan en locales de las juntas electorales a partir del pr\u00f3ximo lunes 5 de febrero como parte del proceso de organizaci\u00f3n y montaje de las pr\u00f3ximas elecciones ordinarias municipales del domingo 18.<\/p>\n\n\n\n<p><strong>En un comunicado de prensa el \u00f3rgano electoral explic\u00f3 que en su sede central y dependencias circundantes del Registro Civil y Cedulaci\u00f3n se suspender\u00e1n los servicios a partir del lunes 12 de febrero para retomarse a partir del lunes 26 a las 8:00 a.m.<\/strong><\/p>\n\n\n\n<p>Los servicios de Atenci\u00f3n al P\u00fablico, Certificaciones de C\u00e9dula y Extranjer\u00eda&nbsp;(Registro Electoral), as\u00ed como los de Registro Civil, se trasladar\u00e1n a las oficinas de la JCE ubicados en la calle Buenaventura Freites esquina Ave. John F. Kennedy, frente a Teleantillas, mientras que otros aspectos del servicio se brindar\u00e1n a trav\u00e9s de la l\u00ednea telef\u00f3nica y el correo&nbsp;electr\u00f3nico.<\/p>\n\n\n\n<p>As\u00ed mismo, en la Oficina Central del Estado Civil ubicada en el Centro de los H\u00e9roes se suspender\u00e1n los servicios desde el lunes 5 de febrero de 2024 al viernes 23 de febrero de 2024.<\/p>\n\n\n\n<p>La ciudadan\u00eda podr\u00e1 requerir sus servicios en los Centros de Expedici\u00f3n de Actas y C\u00e9dulas, Oficial\u00edas del Estado Civil y Centros de Cedulaci\u00f3n distribuidos en todo el Distrito Nacional, tales como los ubicados en Plaza Central de la Avenida 27 de febrero, en la Universidad Aut\u00f3noma de Santo Domingo, la oficina de la Primera Circunscripci\u00f3n de la calle Danae casi esquina calle Santiago en Ciudad Nueva, adem\u00e1s de una oficina m\u00f3vil en la Direcci\u00f3n Nacional de Pasaporte ubicada en el Centro de los H\u00e9roes.<\/p>\n\n\n\n<p>De igual manera los servicios que se ofrecen en el Palacio Electoral de Santo Domingo Este ubicado en la marginal de la Autopista Las Am\u00e9ricas se suspender\u00e1n a partir del pr\u00f3ximo lunes 5 de febrero retom\u00e1ndolos a partir del lunes 26 a las 8:00 a.m. La ciudadan\u00eda podr\u00e1 recibir estos servicios en los distintos Centros de Expedici\u00f3n de Actas y C\u00e9dulas, Oficial\u00edas del Estado Civil y Centros de Cedulaci\u00f3n distribuidos en todo el municipio tales como Coral Mall en la autopista de San Isidro, el Centro de Servicios y la 13va. Circunscripci\u00f3n en la Carretera Mella o en la Circunscripci\u00f3n 12va. en la Av. Pdte. Francisco Ure\u00f1a, pr\u00f3xima a la Av. San Vicente de Pa\u00fal.<\/p>\n\n\n\n<p>Para el resto de municipios del interior del pa\u00eds en los que las juntas electorales compartan sus locales con oficial\u00edas del Estado Civil y\/o Centros de Cedulaci\u00f3n, la Junta Central Electoral dispuso que, por igual, la suspensi\u00f3n de los servicios desde el viernes 16 de febrero y lunes 19 retornando a labores normales de atenci\u00f3n al ciudadano a partir del martes 20 de los corrientes a las 8 de la ma\u00f1ana.<\/p>\n\n\n\n<p>El resto de Oficial\u00edas del Estado Civil y Centros de Cedulaci\u00f3n que no est\u00e1n ubicados en locales de las juntas electorales continuar\u00e1n trabajando con normalidad en sus actuales direcciones.<\/p>\n\n\n\n<p><strong>Cuadro resumen de modulaci\u00f3n de servicios por las elecciones de febrero de 2024<\/strong><\/p>\n\n\n\n<figure class=\"wp-block-table\"><table><tbody><tr><td>No.<\/td><td>\u00c1rea<\/td><td>Periodo de suspensi\u00f3n<\/td><\/tr><tr><td>1<\/td><td>Sede e Inmediaciones<\/td><td>12-23 de febrero de 2024<\/td><\/tr><tr><td>2<\/td><td>Centros de Expedici\u00f3n de Actas y C\u00e9dulas<\/td><td>17 y18 de febrero de 2024<\/td><\/tr><tr><td>3<\/td><td>Oficina Central del Estado Civil<\/td><td>5-23 de febrero de 2024<\/td><\/tr><tr><td>,,4<\/td><td>Palacio Electoral Santo Domingo Este<\/td><td>5-23 de febrero de 2024<\/td><\/tr><tr><td>5<\/td><td>Oficial\u00edas del Estado Civil y Centros de Cedulaci\u00f3n quecomparten local con las Juntas Electorales<\/td><td>16-19 de febrero de 2024<\/td><\/tr><\/tbody><\/table><\/figure>\n\n\n\n<p>Direcci\u00f3n de Comunicaciones<\/p>\n\n\n\n<p>4 de febrero de 2024<\/p>\n","protected":false},"excerpt":{"rendered":"<p>Archivo: Santo Domingo, RD. \u2013\u00a0La Junta Central Electoral (JCE) inform\u00f3 el domingo de la de la suspensi\u00f3n, traslado de servicios y ajustes de horarios para las dependencias de la instituci\u00f3n que operan en locales de las juntas electorales a partir del pr\u00f3ximo lunes 5 de febrero como parte del proceso de organizaci\u00f3n y montaje de [&hellip;]<\/p>\n","protected":false},"author":28,"featured_media":267893,"comment_status":"closed","ping_status":"","sticky":true,"template":"","format":"standard","meta":{"footnotes":""},"categories":[36,20,22,27],"tags":[],"class_list":["post-505640","post","type-post","status-publish","format-standard","has-post-thumbnail","hentry","category-hombresmujeresycosas","category-dominicana-hoy","category-politica","category-portada"],"_links":{"self":[{"href":"https:\/\/diariodominicano.com\/index.php?rest_route=\/wp\/v2\/posts\/505640","targetHints":{"allow":["GET"]}}],"collection":[{"href":"https:\/\/diariodominicano.com\/index.php?rest_route=\/wp\/v2\/posts"}],"about":[{"href":"https:\/\/diariodominicano.com\/index.php?rest_route=\/wp\/v2\/types\/post"}],"author":[{"embeddable":true,"href":"https:\/\/diariodominicano.com\/index.php?rest_route=\/wp\/v2\/users\/28"}],"replies":[{"embeddable":true,"href":"https:\/\/diariodominicano.com\/index.php?rest_route=%2Fwp%2Fv2%2Fcomments&post=505640"}],"version-history":[{"count":1,"href":"https:\/\/diariodominicano.com\/index.php?rest_route=\/wp\/v2\/posts\/505640\/revisions"}],"predecessor-version":[{"id":505641,"href":"https:\/\/diariodominicano.com\/index.php?rest_route=\/wp\/v2\/posts\/505640\/revisions\/505641"}],"wp:featuredmedia":[{"embeddable":true,"href":"https:\/\/diariodominicano.com\/index.php?rest_route=\/wp\/v2\/media\/267893"}],"wp:attachment":[{"href":"https:\/\/diariodominicano.com\/index.php?rest_route=%2Fwp%2Fv2%2Fmedia&parent=505640"}],"wp:term":[{"taxonomy":"category","embeddable":true,"href":"https:\/\/diariodominicano.com\/index.php?rest_route=%2Fwp%2Fv2%2Fcategories&post=505640"},{"taxonomy":"post_tag","embeddable":true,"href":"https:\/\/diariodominicano.com\/index.php?rest_route=%2Fwp%2Fv2%2Ftags&post=505640"}],"curies":[{"name":"wp","href":"https:\/\/api.w.org\/{rel}","templated":true}]}}