{"id":505638,"date":"2024-02-04T18:21:05","date_gmt":"2024-02-04T22:21:05","guid":{"rendered":"https:\/\/diariodominicano.com\/?p=505638"},"modified":"2024-02-04T18:31:59","modified_gmt":"2024-02-04T22:31:59","slug":"jce-informa-realizo-un-amplio-operativo-de-motivacion-al-voto-de-cara-a-las-elecciones-municipales-de-2024","status":"publish","type":"post","link":"https:\/\/diariodominicano.com\/?p=505638","title":{"rendered":"JCE reporta realiz\u00f3 un amplio operativo de motivaci\u00f3n al voto de cara a las elecciones municipales de 2024"},"content":{"rendered":"\n<p>Santo Domingo, RD.-  La Junta Central Electoral (JCE) inform\u00f3 realiz\u00f3 este fin de semana un amplio operativo especial de sensibilizaci\u00f3n y motivaci\u00f3n al voto con el objetivo de educar y promover la participaci\u00f3n de la ciudadan\u00eda en las pr\u00f3ximas elecciones ordinarias municipales del pr\u00f3ximo d\u00eda 18 de febrero que abarc\u00f3 decenas de sectores de distintos municipios de 10 provincias y el Distrito Nacional.<\/p>\n\n\n\n<p>La primera jornada de esta campa\u00f1a abarc\u00f3 municipios del Gran Santo Domingo, Barahona, San Crist\u00f3bal, San Juan, Santiago, San Francisco de Macor\u00eds, Valverde; as\u00ed como sectores de los municipios La Altagracia, Hato Mayor y Mar\u00eda Trinidad S\u00e1nchez.<\/p>\n\n\n\n<p>Personal desplegado por la instituci\u00f3n,&nbsp; interactuaron con miles de personas instruy\u00e9ndoles sobre c\u00f3mo votar, qu\u00e9 es el voto preferencial, diferencia entre municipios y distritos municipales; se entreg\u00f3 material educativo como el ABC\u00c9 electoral y un instructivo de todo lo que se debe conocer de las elecciones municipales .<\/p>\n\n\n\n<p>Adem\u00e1s se les instruy\u00f3 sobre el voto accesible para garantizar un proceso electoral justo y transparente.<\/p>\n\n\n\n<p>Se busca sensibilizar la poblaci\u00f3n para bajo el principio de que la democracia no se hace sola, sino que necesita la participaci\u00f3n de la ciudadan\u00eda de la Rep\u00fablica Dominicana.<\/p>\n\n\n\n<p>La jornada educativa es coordinada por la Direcci\u00f3n de Comunicaciones, con el apoyo de la Direcci\u00f3n de Elecciones, as\u00ed como las Juntas Electorales de cada municipio.<\/p>\n\n\n\n<p>El operativo se extendi\u00f3 a negocios, paradas de motores y autobuses, iglesias, parques y arterias comerciales de los sectores.<\/p>\n\n\n\n<p>La jornada continuar\u00e1 durante esta semana en las plazas comerciales y universidades del Gran Santo Domingo, as\u00ed como en otras localidades.<\/p>\n\n\n\n<p>Voto Accesible<\/p>\n\n\n\n<p>Se explic\u00f3 a las personas que la Junta Central Electoral implementar\u00e1 en las elecciones de 2024 un conjunto de acciones destinadas a facilitar y garantizar el ejercicio del sufragio activo de las personas con discapacidad y adultos mayores, a trav\u00e9s del voto accesible.<\/p>\n\n\n\n<p>Los gestores electorales inclusivos, el voto en casa, asistido y con plantilla y las mesas auxiliares son algunas de las iniciativas que desarrollar\u00e1 la JCE para asegurar el sufragio de manera incluyente. En ese sentido, realiza diversas campa\u00f1as de educaci\u00f3n para motivar el voto a nivel general.<\/p>\n\n\n\n<p>Direcci\u00f3n de Comunicaciones JCE<\/p>\n\n\n\n<p>04 de febrero de 2024<\/p>\n","protected":false},"excerpt":{"rendered":"<p>Santo Domingo, RD.- La Junta Central Electoral (JCE) inform\u00f3 realiz\u00f3 este fin de semana un amplio operativo especial de sensibilizaci\u00f3n y motivaci\u00f3n al voto con el objetivo de educar y promover la participaci\u00f3n de la ciudadan\u00eda en las pr\u00f3ximas elecciones ordinarias municipales del pr\u00f3ximo d\u00eda 18 de febrero que abarc\u00f3 decenas de sectores de distintos [&hellip;]<\/p>\n","protected":false},"author":28,"featured_media":499502,"comment_status":"closed","ping_status":"","sticky":true,"template":"","format":"standard","meta":{"footnotes":""},"categories":[20,22,27],"tags":[],"class_list":["post-505638","post","type-post","status-publish","format-standard","has-post-thumbnail","hentry","category-dominicana-hoy","category-politica","category-portada"],"_links":{"self":[{"href":"https:\/\/diariodominicano.com\/index.php?rest_route=\/wp\/v2\/posts\/505638","targetHints":{"allow":["GET"]}}],"collection":[{"href":"https:\/\/diariodominicano.com\/index.php?rest_route=\/wp\/v2\/posts"}],"about":[{"href":"https:\/\/diariodominicano.com\/index.php?rest_route=\/wp\/v2\/types\/post"}],"author":[{"embeddable":true,"href":"https:\/\/diariodominicano.com\/index.php?rest_route=\/wp\/v2\/users\/28"}],"replies":[{"embeddable":true,"href":"https:\/\/diariodominicano.com\/index.php?rest_route=%2Fwp%2Fv2%2Fcomments&post=505638"}],"version-history":[{"count":2,"href":"https:\/\/diariodominicano.com\/index.php?rest_route=\/wp\/v2\/posts\/505638\/revisions"}],"predecessor-version":[{"id":505642,"href":"https:\/\/diariodominicano.com\/index.php?rest_route=\/wp\/v2\/posts\/505638\/revisions\/505642"}],"wp:featuredmedia":[{"embeddable":true,"href":"https:\/\/diariodominicano.com\/index.php?rest_route=\/wp\/v2\/media\/499502"}],"wp:attachment":[{"href":"https:\/\/diariodominicano.com\/index.php?rest_route=%2Fwp%2Fv2%2Fmedia&parent=505638"}],"wp:term":[{"taxonomy":"category","embeddable":true,"href":"https:\/\/diariodominicano.com\/index.php?rest_route=%2Fwp%2Fv2%2Fcategories&post=505638"},{"taxonomy":"post_tag","embeddable":true,"href":"https:\/\/diariodominicano.com\/index.php?rest_route=%2Fwp%2Fv2%2Ftags&post=505638"}],"curies":[{"name":"wp","href":"https:\/\/api.w.org\/{rel}","templated":true}]}}