{"id":505626,"date":"2024-02-04T17:54:48","date_gmt":"2024-02-04T21:54:48","guid":{"rendered":"https:\/\/diariodominicano.com\/?p=505626"},"modified":"2024-02-05T02:28:25","modified_gmt":"2024-02-05T06:28:25","slug":"ademicro-exito-y-reconocimiento-en-el-dia-nacional-del-microbiologo-dominicano","status":"publish","type":"post","link":"https:\/\/diariodominicano.com\/?p=505626","title":{"rendered":"ADEMICRO: \u00c9xito y reconocimiento en el Dia Nacional del microbi\u00f3logo dominicano"},"content":{"rendered":"\n<p><\/p>\n\n\n\n<p>Santo Domingo, RD.- El pasado 25 de enero, la Rep\u00fablica Dominicana celebr\u00f3 con entusiasmo y reconocimiento el D\u00eda Nacional del Microbi\u00f3logo Dominicano, rindiendo homenaje a los profesionales de la microbiolog\u00eda que desempe\u00f1an un papel crucial en la salud p\u00fablica y la investigaci\u00f3n cient\u00edfica en Rep\u00fablica Dominicana..<\/p>\n\n\n\n<p><\/p>\n\n\n\n<p>La Asociaci\u00f3n Dominicana de Microbiolog\u00eda (ADEMICRO) INC. Desarroll\u00f3 una jornada llena de actividades conmemorativas, destacando la contribuci\u00f3n invaluable en la detecci\u00f3n, prevenci\u00f3n y tratamiento de enfermedades causadas por microorganismos que desarrollan los microbi\u00f3logos en el pa\u00eds en las \u00e1reas m\u00e1s importantes. Desde la industria de bebidas y alimentos, Dispositivos m\u00e9dicos, asesor\u00edas en materia de habilitaci\u00f3n de laboratorios hasta la implementaci\u00f3n de programas especializados para enfermedades. Con el objetivo de garantizar la seguridad y la salud de la poblaci\u00f3n dominicana.<\/p>\n\n\n\n<p>El evento principal tuvo lugar en la biblioteca pedro mir de la Universidad Aut\u00f3noma de Santo Domingo, (UASD) donde se congregaron microbi\u00f3logos, cient\u00edficos, acad\u00e9micos, autoridades de salud y representantes de la sociedad civil, representantes de casas comerciales como: Scarmor Consulting SRL, Agrobiotek Dominicana, Grupo INVE, Cientec.<\/p>\n\n\n\n<p>Durante la ceremonia de apertura, la Lic. Carmen Luisa Garcia Rivera presidenta de la Asociaci\u00f3n Dominicana de Microbiolog\u00eda (ADEMICRO) INC., expres\u00f3 su gratitud a todos los microbi\u00f3logos por su dedicaci\u00f3n y compromiso con esta ciencia, y a la vez destac\u00f3 la importancia de tener microbi\u00f3logos acreditados al frente de los laboratorios especializado en microbiologia tanto en el sector p\u00fablico como privado quienes cuentan con todo el expertis para &nbsp;abordar los desaf\u00edos emergentes en materia de salud y seguridad alimentaria.<\/p>\n\n\n\n<p>En el marco de esta celebraci\u00f3n, se entregaron reconocimientos a microbi\u00f3logos destacados por su trayectoria y contribuci\u00f3n al avance de la microbiolog\u00eda en la Rep\u00fablica Dominicana. Entre los galardonados se encontraban: Lic. Laritza Diaz, Lic. Cristina Antigua, Lic. Sixto Aquino, Lic. F\u00e9lix Vargas, Lic. Susana de Le\u00f3n, cuyos logros y han dejado una huella significativa en cada una de sus \u00e1reas y en la comunidad cient\u00edfica.<\/p>\n\n\n\n<p>Tambi\u00e9n fueron reconocidos por sus valiosos aportes a la ciencia dominicana y especialmente a al microbiologia el Dr. Carlos Ml. Rodriguez Pe\u00f1a, Director del Fondo Nacional de Innovaci\u00f3n y Desarrollo Cient\u00edfico y Tecnol\u00f3gico (FONDOCYT), Dr. Modesto Cruz PhD, Director del Instituto Microbiologia y Parasitolog\u00eda (IMPA), Lic. Ana Cecilia Cruz Santana, primera mic\u00f3loga del pa\u00eds y actual directora del laboratorio de micolog\u00eda del IDCP.<\/p>\n\n\n\n<p>El reconocido microbi\u00f3logo dominicano Scarlet Morillo Fernandez fue designado como presidente Ad vitam de esta Instituci\u00f3n y recibi\u00f3 todos los honores de esta investidura. As\u00ed mismo, fue reconocida como microbi\u00f3loga del a\u00f1o la Lic. Vanessa P\u00e9rez Manzueta por su impecable trayectoria profesional y grandes aportes al posicionamiento de los microbi\u00f3logos en el pa\u00eds. &nbsp;<\/p>\n\n\n\n<p>La celebraci\u00f3n del D\u00eda Nacional del Microbi\u00f3logo Dominicano culmin\u00f3 con un compromiso renovado de la comunidad cient\u00edfica para seguir trabajando en pro de la salud y el bienestar de la poblaci\u00f3n. La ADEMICRO reafirma su compromiso de continuar promoviendo la investigaci\u00f3n, la educaci\u00f3n y la colaboraci\u00f3n en el \u00e1mbito de la microbiolog\u00eda para enfrentar los desaf\u00edos actuales y futuros.<\/p>\n\n\n\n<p>La informaci\u00f3n fue enviada a Diariodominicano.com por <\/p>\n\n\n\n<p><strong>Lic. Tenay Leafer Acevedo Morales<\/strong><\/p>\n\n\n\n<p><strong>Secretaria General<\/strong> de la\u2002Asociaci\u00f3n Dominicana de Microbiolog\u00eda<\/p>\n\n\n\n<p><a target=\"_blank\" href=\"mailto:ademicrord@gmail.com\" rel=\"noreferrer noopener\">ademicrord@gmail.com<\/a><\/p>\n","protected":false},"excerpt":{"rendered":"<p>Santo Domingo, RD.- El pasado 25 de enero, la Rep\u00fablica Dominicana celebr\u00f3 con entusiasmo y reconocimiento el D\u00eda Nacional del Microbi\u00f3logo Dominicano, rindiendo homenaje a los profesionales de la microbiolog\u00eda que desempe\u00f1an un papel crucial en la salud p\u00fablica y la investigaci\u00f3n cient\u00edfica en Rep\u00fablica Dominicana.. La Asociaci\u00f3n Dominicana de Microbiolog\u00eda (ADEMICRO) INC. Desarroll\u00f3 una [&hellip;]<\/p>\n","protected":false},"author":28,"featured_media":505784,"comment_status":"closed","ping_status":"","sticky":false,"template":"","format":"standard","meta":{"footnotes":""},"categories":[36,25],"tags":[],"class_list":["post-505626","post","type-post","status-publish","format-standard","has-post-thumbnail","hentry","category-hombresmujeresycosas","category-gente"],"_links":{"self":[{"href":"https:\/\/diariodominicano.com\/index.php?rest_route=\/wp\/v2\/posts\/505626","targetHints":{"allow":["GET"]}}],"collection":[{"href":"https:\/\/diariodominicano.com\/index.php?rest_route=\/wp\/v2\/posts"}],"about":[{"href":"https:\/\/diariodominicano.com\/index.php?rest_route=\/wp\/v2\/types\/post"}],"author":[{"embeddable":true,"href":"https:\/\/diariodominicano.com\/index.php?rest_route=\/wp\/v2\/users\/28"}],"replies":[{"embeddable":true,"href":"https:\/\/diariodominicano.com\/index.php?rest_route=%2Fwp%2Fv2%2Fcomments&post=505626"}],"version-history":[{"count":3,"href":"https:\/\/diariodominicano.com\/index.php?rest_route=\/wp\/v2\/posts\/505626\/revisions"}],"predecessor-version":[{"id":505780,"href":"https:\/\/diariodominicano.com\/index.php?rest_route=\/wp\/v2\/posts\/505626\/revisions\/505780"}],"wp:featuredmedia":[{"embeddable":true,"href":"https:\/\/diariodominicano.com\/index.php?rest_route=\/wp\/v2\/media\/505784"}],"wp:attachment":[{"href":"https:\/\/diariodominicano.com\/index.php?rest_route=%2Fwp%2Fv2%2Fmedia&parent=505626"}],"wp:term":[{"taxonomy":"category","embeddable":true,"href":"https:\/\/diariodominicano.com\/index.php?rest_route=%2Fwp%2Fv2%2Fcategories&post=505626"},{"taxonomy":"post_tag","embeddable":true,"href":"https:\/\/diariodominicano.com\/index.php?rest_route=%2Fwp%2Fv2%2Ftags&post=505626"}],"curies":[{"name":"wp","href":"https:\/\/api.w.org\/{rel}","templated":true}]}}