{"id":50562,"date":"2020-08-18T21:39:36","date_gmt":"2020-08-18T21:39:36","guid":{"rendered":"http:\/\/diariodominicano.ddns.net\/?p=50562"},"modified":"2020-08-18T21:39:36","modified_gmt":"2020-08-18T21:39:36","slug":"50562","status":"publish","type":"post","link":"https:\/\/diariodominicano.com\/?p=50562","title":{"rendered":""},"content":{"rendered":"<p><body><\/p>\n<p><img decoding=\"async\" src=\"img3\/Foto 3, Jimmy Sierra.jpg\" \/><br \/><img decoding=\"async\" src=\"http:\/\/localhost:8080\/img3\/Foto%201%20-%20C%C3%83%C2%A9sar%20P%C3%83%C2%A9rez,%20Jimmy%20Sierra%20y%20Leonel%20Fern%C3%83%C2%A1ndez..jpg\" \/><br \/><img decoding=\"async\" src=\"img3\/Jimmy-Sierra-3.jpg\" \/>  <\/p>\n<p><strong>Diariodominicano.com<\/strong><\/p>\n<p><strong>Jimmy Sierra<\/strong><\/p>\n<\/p>\n<p><strong>Fallece de infarto cineasta y catedr\u00e1tico Jimmy Sierra<\/strong><\/p>\n<p><strong>Santo Domingo, RD, 18 de agosto de 2020.-  <\/strong>Falleci\u00f3  la tarde de este martes de un infarto card\u00edaco el reconocido cineasta, catedr\u00e1tico universitario, escritor y productor televisivo Jimmy Sierra, momentos despu\u00e9s de llegar al Centro de Diagn\u00f3stico Medicina Avanzada y Telemedicina (Cedimat).<\/p>\n<\/p>\n<p><strong>El deceso de Julio Samuel (Jimmy) Sierra se produjo a las cuatro de la tarde, y en las pr\u00f3ximas horas su esposa Luz Albania G\u00f3mez Ram\u00edrez y su hijo Samuel Sierra G\u00f3mez informar\u00e1n el lugar y la hora de las honras f\u00fanebres.<\/strong><\/p>\n<\/p>\n<p>Sierra, quien el pasado s\u00e1bado particip\u00f3 en la <strong>Tertulia del Te\u00f3rico  <\/strong>con periodistas e intelectuales, en los \u00faltimos meses trabaj\u00f3 en su producci\u00f3n intelectual.<\/p>\n<\/p>\n<p>El tambi\u00e9n abogado, director de teatro y promotor cultural fund\u00f3, en 1962, el Club estudiantil de J\u00f3venes Amantes de la Cultura (Cejac), durante la revoluci\u00f3n de 1965 alfabetiz\u00f3 a combatientes y en 1966 dirigi\u00f3 el Movimiento Cultural Universitario (MCU) de la Universidad Aut\u00f3noma de Santo Domingo (UASD), donde fungi\u00f3 como catedr\u00e1tico.<\/p>\n<\/p>\n<p>En lo adelante, escribi\u00f3 para diferentes diarios, produjo programas de radio y televisi\u00f3n, public\u00f3 numerosos libros, que fueron objeto de premiaciones, y recibi\u00f3 premios y reconocimientos.<\/p>\n<\/p>\n<\/p>\n<h6> 2020-08-18 21:39:36 <\/h6>\n<p><!--\n<link rel=\"stylesheet\" href=\"css\/bootstrap.min.css\">\n\n\n<ul class=\"pagination\">\n\t    \n\t\n\n<li >\n\t<a href='?page_no=308'>Previous<\/a>\n\t<\/li>\n\n\n       \n    \n\n<li><a href='?page_no=1'>1<\/a><\/li>\n\n\n\n<li><a href='?page_no=2'>2<\/a><\/li>\n\n\n\n<li><a>...<\/a><\/li>\n\n\n\n<li><a href='?page_no=307'>307<\/a><\/li>\n\n\n\n<li><a href='?page_no=308'>308<\/a><\/li>\n\n\n\n<li class='active'><a>309<\/a><\/li>\n\n\n\n<li><a href='?page_no=310'>310<\/a><\/li>\n\n\n\n<li><a href='?page_no=311'>311<\/a><\/li>\n\n\n\n<li><a>...<\/a><\/li>\n\n\n\n<li><a href='?page_no=22911'>22911<\/a><\/li>\n\n\n\n<li><a href='?page_no=22912'>22912<\/a><\/li>\n\n    \n\t\n\n<li >\n\t<a href='?page_no=310'>Next<\/a>\n\t<\/li>\n\n\n    \n\n<li><a href='?page_no=22912'>Last &rsaquo;&rsaquo;<\/a><\/li>\n\n<\/ul>\n\n\n--><br \/>\n<\/body><\/p>\n","protected":false},"excerpt":{"rendered":"<p>Diariodominicano.com Jimmy Sierra Fallece de infarto cineasta y catedr\u00e1tico Jimmy Sierra Santo Domingo, RD, 18 de agosto de 2020.- Falleci\u00f3 la tarde de este martes de un infarto card\u00edaco el reconocido cineasta, catedr\u00e1tico universitario, escritor y productor televisivo Jimmy Sierra, momentos despu\u00e9s de llegar al Centro de Diagn\u00f3stico Medicina Avanzada y Telemedicina (Cedimat). El deceso [&hellip;]<\/p>\n","protected":false},"author":3,"featured_media":0,"comment_status":"open","ping_status":"open","sticky":false,"template":"","format":"standard","meta":{"footnotes":""},"categories":[21],"tags":[],"class_list":["post-50562","post","type-post","status-publish","format-standard","hentry","category-cultura"],"_links":{"self":[{"href":"https:\/\/diariodominicano.com\/index.php?rest_route=\/wp\/v2\/posts\/50562","targetHints":{"allow":["GET"]}}],"collection":[{"href":"https:\/\/diariodominicano.com\/index.php?rest_route=\/wp\/v2\/posts"}],"about":[{"href":"https:\/\/diariodominicano.com\/index.php?rest_route=\/wp\/v2\/types\/post"}],"author":[{"embeddable":true,"href":"https:\/\/diariodominicano.com\/index.php?rest_route=\/wp\/v2\/users\/3"}],"replies":[{"embeddable":true,"href":"https:\/\/diariodominicano.com\/index.php?rest_route=%2Fwp%2Fv2%2Fcomments&post=50562"}],"version-history":[{"count":0,"href":"https:\/\/diariodominicano.com\/index.php?rest_route=\/wp\/v2\/posts\/50562\/revisions"}],"wp:attachment":[{"href":"https:\/\/diariodominicano.com\/index.php?rest_route=%2Fwp%2Fv2%2Fmedia&parent=50562"}],"wp:term":[{"taxonomy":"category","embeddable":true,"href":"https:\/\/diariodominicano.com\/index.php?rest_route=%2Fwp%2Fv2%2Fcategories&post=50562"},{"taxonomy":"post_tag","embeddable":true,"href":"https:\/\/diariodominicano.com\/index.php?rest_route=%2Fwp%2Fv2%2Ftags&post=50562"}],"curies":[{"name":"wp","href":"https:\/\/api.w.org\/{rel}","templated":true}]}}