{"id":505591,"date":"2024-02-04T16:42:01","date_gmt":"2024-02-04T20:42:01","guid":{"rendered":"https:\/\/diariodominicano.com\/?p=505591"},"modified":"2024-02-04T16:42:01","modified_gmt":"2024-02-04T20:42:01","slug":"recuerdan-en-cuba-ii-declaracion-de-la-habana-en-1962","status":"publish","type":"post","link":"https:\/\/diariodominicano.com\/?p=505591","title":{"rendered":"Recuerdan en Cuba II Declaraci\u00f3n de La Habana en 1962"},"content":{"rendered":"\n<p>La Habana, 4 feb (Prensa Latina) Dirigentes de Cuba resaltaron hoy la significaci\u00f3n hist\u00f3rica de la II Declaraci\u00f3n de La Habana, que marc\u00f3 el curso socialista, antiimperialista y latinoamericanista de la Revoluci\u00f3n iniciada en la naci\u00f3n antillana en 1959.<\/p>\n\n\n\n<ul class=\"wp-block-list\">\n<li>febrero 4, 2024<\/li>\n\n\n\n<li>CST13:30 (GMT) -0500<\/li>\n<\/ul>\n\n\n\n<p>A trav\u00e9s en la red social X, el secretario de organizaci\u00f3n del Partido Comunista de Cuba, Roberto Morales, afirm\u00f3 que el hecho marc\u00f3 la historia del proceso de transformaciones sociales que impulsa Cuba.<\/p>\n\n\n\n<p>En aquella concentraci\u00f3n de un mill\u00f3n de personas en la Plaza de la Revoluci\u00f3n con Fidel Castro al frente, se reafirm\u00f3 la defensa del socialismo y la soberan\u00eda de Cuba, apunt\u00f3 Morales en referencia a aquella Segunda Asamblea General Nacional del Pueblo, convocada por el l\u00edder rebelde.<\/p>\n\n\n\n<p>Por su parte, el vicepresidente cubano Salvador Vald\u00e9s Mesa signific\u00f3 en su perfil en X que aquella fue una respuesta a la expulsi\u00f3n de Cuba de la Organizaci\u00f3n de Estados Americanos y la oficializaci\u00f3n del bloqueo de Estados Unidos.<\/p>\n\n\n\n<p>Asimismo, al ministro de Relaciones Exteriores, Bruno Rodr\u00edguez, se\u00f1al\u00f3 que la II Declaraci\u00f3n de La Habana reflej\u00f3 el latinoamericanismo, el derecho a la libre determinaci\u00f3n, la solidaridad y el internacionalismo como pilares de la pol\u00edtica exterior de Cuba.<\/p>\n\n\n\n<p>En su mensaje, Rodr\u00edguez asegur\u00f3 que la diplomacia de la isla seguir\u00e1 defendiendo esos principios soberanos.<\/p>\n\n\n\n<p>La Segunda Asamblea General Nacional del Pueblo, que aprob\u00f3 por aclamaci\u00f3n la II Declaraci\u00f3n de La Habana, constituy\u00f3 uno de los grandes acontecimientos de la proyecci\u00f3n exterior de la Revoluci\u00f3n cubana.<\/p>\n\n\n\n<p>jha\/evm<\/p>\n","protected":false},"excerpt":{"rendered":"<p>La Habana, 4 feb (Prensa Latina) Dirigentes de Cuba resaltaron hoy la significaci\u00f3n hist\u00f3rica de la II Declaraci\u00f3n de La Habana, que marc\u00f3 el curso socialista, antiimperialista y latinoamericanista de la Revoluci\u00f3n iniciada en la naci\u00f3n antillana en 1959. A trav\u00e9s en la red social X, el secretario de organizaci\u00f3n del Partido Comunista de Cuba, [&hellip;]<\/p>\n","protected":false},"author":28,"featured_media":505592,"comment_status":"closed","ping_status":"","sticky":false,"template":"","format":"standard","meta":{"footnotes":""},"categories":[26],"tags":[],"class_list":["post-505591","post","type-post","status-publish","format-standard","has-post-thumbnail","hentry","category-efemerides"],"_links":{"self":[{"href":"https:\/\/diariodominicano.com\/index.php?rest_route=\/wp\/v2\/posts\/505591","targetHints":{"allow":["GET"]}}],"collection":[{"href":"https:\/\/diariodominicano.com\/index.php?rest_route=\/wp\/v2\/posts"}],"about":[{"href":"https:\/\/diariodominicano.com\/index.php?rest_route=\/wp\/v2\/types\/post"}],"author":[{"embeddable":true,"href":"https:\/\/diariodominicano.com\/index.php?rest_route=\/wp\/v2\/users\/28"}],"replies":[{"embeddable":true,"href":"https:\/\/diariodominicano.com\/index.php?rest_route=%2Fwp%2Fv2%2Fcomments&post=505591"}],"version-history":[{"count":1,"href":"https:\/\/diariodominicano.com\/index.php?rest_route=\/wp\/v2\/posts\/505591\/revisions"}],"predecessor-version":[{"id":505593,"href":"https:\/\/diariodominicano.com\/index.php?rest_route=\/wp\/v2\/posts\/505591\/revisions\/505593"}],"wp:featuredmedia":[{"embeddable":true,"href":"https:\/\/diariodominicano.com\/index.php?rest_route=\/wp\/v2\/media\/505592"}],"wp:attachment":[{"href":"https:\/\/diariodominicano.com\/index.php?rest_route=%2Fwp%2Fv2%2Fmedia&parent=505591"}],"wp:term":[{"taxonomy":"category","embeddable":true,"href":"https:\/\/diariodominicano.com\/index.php?rest_route=%2Fwp%2Fv2%2Fcategories&post=505591"},{"taxonomy":"post_tag","embeddable":true,"href":"https:\/\/diariodominicano.com\/index.php?rest_route=%2Fwp%2Fv2%2Ftags&post=505591"}],"curies":[{"name":"wp","href":"https:\/\/api.w.org\/{rel}","templated":true}]}}