{"id":505517,"date":"2024-02-04T00:03:21","date_gmt":"2024-02-04T04:03:21","guid":{"rendered":"https:\/\/diariodominicano.com\/?p=505517"},"modified":"2024-02-04T00:06:48","modified_gmt":"2024-02-04T04:06:48","slug":"leonel-dice-que-estamos-frente-a-un-gobierno-que-mantiene-la-republica-paralizada","status":"publish","type":"post","link":"https:\/\/diariodominicano.com\/?p=505517","title":{"rendered":"Leonel dice que estamos frente a un gobierno que mantiene la Rep\u00fablica paralizada"},"content":{"rendered":"\n<p>Encabeza actividades en apoyo a candidatos municipales de las provincias Peravia y Azua, va camino a Bahoruco y Barahona.<\/p>\n\n\n\n<p>Azua.- El presidente del partido Fuerza del Pueblo y l\u00edder de la oposici\u00f3n pol\u00edtica dominicana, Leonel Fern\u00e1ndez, declar\u00f3 que el gobierno de Luis Abinader mantiene al pa\u00eds paralizado.<\/p>\n\n\n\n<p>&nbsp;\u201cLo que estamos viendo es un gobierno que mantiene toda la Rep\u00fablica paralizada\u201d,&nbsp; se\u00f1al\u00f3 el l\u00edder pol\u00edtico, al iniciar este s\u00e1bado un recorrido por varias provincias de la regi\u00f3n Sur, en apoyo a los candidatos municipales de su partido y organizaciones aliadas.<\/p>\n\n\n\n<p>Fern\u00e1ndez, candidato a la Presidencia de la Rep\u00fablica por la FP y aliados, critic\u00f3 la paralizaci\u00f3n de la construcci\u00f3n de una gran cantidad de obras prioritarias para la provincia Peravia.<\/p>\n\n\n\n<p>Entre las obras paralizadas se encuentran la construcci\u00f3n de avenida de Circunvalaci\u00f3n, la extensi\u00f3n de la Universidad Aut\u00f3noma de Santo Domingo y la remodelaci\u00f3n del hospital Nuestra Se\u00f1ora de Regla.<\/p>\n\n\n\n<p>Fern\u00e1ndez se\u00f1al\u00f3 que el gobierno de Abinader \u201cno puede hacer otra cosa que no sea paralizar el desarrollo, el progreso y la prosperidad del pueblo dominicano\u201d.<\/p>\n\n\n\n<p>&nbsp;Leonel Fern\u00e1ndez inici\u00f3 su recorrido en Ban\u00ed, provincia Peravia, desde donde parti\u00f3 hacia&nbsp; Azua, seguir\u00e1 para Bahoruco y Barahona.<\/p>\n\n\n\n<p>&nbsp;\u201cQue nos escuchen en las calles de Ban\u00ed, que en febrero y mayo e\u2019 pa\u2019 fuera que van\u201d, precis\u00f3 Fern\u00e1ndez, agregando m\u00e1s adelante que: \u201cLos que tienen la econom\u00eda paralizada e\u2019pa fuera que van\u201d.<\/p>\n\n\n\n<p>\u201cPorque est\u00e1n paralizados para enfrentar la criminalidad y la delincuencia, e\u2019 pa\u2019 fuera que van\u201d, subray\u00f3 el l\u00edder pol\u00edtico.<\/p>\n\n\n\n<p>Asegur\u00f3 que ahora podemos mirar hacia el futuro con esperanza, porque a partir del 16 de agosto, \u201cla Alianza Rescate RD y la Fuerza del Pueblo subir\u00e1n las escalinatas del Palacio Nacional\u201d.<\/p>\n\n\n\n<p>Para lograr los objetivos propuestos, Leonel Fern\u00e1ndez invit\u00f3 a la poblaci\u00f3n a votar en la casilla n\u00famero 3, por la Fuerza del Pueblo.<\/p>\n\n\n\n<p>En Ban\u00ed,&nbsp; Fern\u00e1ndez dio su apoyo al candidato a la Alcald\u00eda de esta demarcaci\u00f3n pol\u00edtica por la FP, Julio Santos, quien estuvo acompa\u00f1ado del candidato a senador de la provincia Peravia, Ra\u00fal Lara.<\/p>\n\n\n\n<p>Azua<\/p>\n\n\n\n<p>Al llegar al municipio Azua de Compostela, Leonel Fern\u00e1ndez fue recibido por un mar humano, que se extendi\u00f3 por m\u00e1s de un kil\u00f3metro de la avenida principal, la Emilio Prud Homme, hasta el punto donde el l\u00edder opositor presentar\u00e1 a los candidatos municipales.<\/p>\n\n\n\n<p>En este municipio, el pr\u00f3ximo presidente de la Rep\u00fablica volvi\u00f3 a reiterar las cr\u00edticas contra el gobierno por el abandono que mantiene sometida a la sociedad dominicana.<\/p>\n\n\n\n<p><\/p>\n\n\n\n<p>La presentaci\u00f3n de los candidatos en Azua se convirti\u00f3 en una caravana, donde Leonel Fern\u00e1ndez brind\u00f3 su respaldo al candidato a alcalde, en la boleta 3, del partido Fuerza del Pueblo, Nelson Gonz\u00e1lez.<\/p>\n\n\n\n<p>Desde Azua, el l\u00edder pol\u00edtico ir\u00e1&nbsp; hasta Vicente Noble, Barahona, para respaldar al candidato a la Alcald\u00eda de ese municipio, Manuel Batista Rom\u00e1n (El Primo Lenin).<\/p>\n\n\n\n<p>Luego Fern\u00e1ndez estar\u00e1 presidiendo similar actividad en el municipio de Tamayo, Bahoruco, respaldando las aspiraciones de&nbsp; Relton G\u00f3mez, y desde all\u00ed ir\u00e1 al distrito municipal de Uvilla, donde apoyar\u00e1 al candidato a dirigir este distrito.<\/p>\n\n\n\n<p>Barahona<\/p>\n\n\n\n<p>Esta misma tarde, el expresidente de la Rep\u00fablica y aspirante a volver a dirigir los destinos del pa\u00eds, estar\u00e1, adem\u00e1s, en el municipio de Barahona, para dar su respaldo al candidato a ocupar la direcci\u00f3n del distrito municipal de Villa Central, Ni\u00f1o De Jes\u00fas de Le\u00f3n Canario, finalizando la agenda del d\u00eda, en Santa Cruz de Barahona.<\/p>\n\n\n\n<p>El l\u00edder opositor encabezar\u00e1 una marcha-caravana en Barahona, acompa\u00f1ado de la candidata a la Alcald\u00eda Noris Medina y otros candidatos municipales.<\/p>\n\n\n\n<p>El domingo<\/p>\n\n\n\n<p>Las actividades del domingo se llevar\u00e1n a cabo en la provincia de San Crist\u00f3bal, empezando la jornada con la presentaci\u00f3n de los candidatos del distrito municipal de El Carril, a las 2:00 de la tarde.<\/p>\n\n\n\n<p>Actos similares ser\u00e1n encabezados por Leonel Fern\u00e1ndez en el distrito municipal Quita Sue\u00f1o y, en los municipios de San Gregorio de Nigua y Haina, culminando la agenda del fin de semana con una marcha-caravana en el municipio cabecera de la provincia, San Crist\u00f3bal.\u00a0\u00a0<\/p>\n\n\n\n<p>Secretar\u00eda de Comunicaciones Fuerza del Pueblo<\/p>\n\n\n\n<figure class=\"wp-block-embed is-type-wp-embed is-provider-diario-dominicano wp-block-embed-diario-dominicano\"><div class=\"wp-block-embed__wrapper\">\n<blockquote class=\"wp-embedded-content\" data-secret=\"5KtEaD2Vhm\"><a href=\"https:\/\/diariodominicano.com\/?p=505311\">Leonel Fern\u00e1ndez: \u00abEl sector agropecuario ser\u00e1 declarado de alta prioridad nacional\u00bb<\/a><\/blockquote><iframe loading=\"lazy\" class=\"wp-embedded-content\" sandbox=\"allow-scripts\" security=\"restricted\" style=\"position: absolute; visibility: hidden;\" title=\"\u00abLeonel Fern\u00e1ndez: \u00abEl sector agropecuario ser\u00e1 declarado de alta prioridad nacional\u00bb\u00bb \u2014 Diario Dominicano\" src=\"https:\/\/diariodominicano.com\/?p=505311&#038;embed=true#?secret=qeTsXNn9HI#?secret=5KtEaD2Vhm\" data-secret=\"5KtEaD2Vhm\" width=\"600\" height=\"338\" frameborder=\"0\" marginwidth=\"0\" marginheight=\"0\" scrolling=\"no\"><\/iframe>\n<\/div><\/figure>\n","protected":false},"excerpt":{"rendered":"<p>Encabeza actividades en apoyo a candidatos municipales de las provincias Peravia y Azua, va camino a Bahoruco y Barahona. Azua.- El presidente del partido Fuerza del Pueblo y l\u00edder de la oposici\u00f3n pol\u00edtica dominicana, Leonel Fern\u00e1ndez, declar\u00f3 que el gobierno de Luis Abinader mantiene al pa\u00eds paralizado. &nbsp;\u201cLo que estamos viendo es un gobierno que [&hellip;]<\/p>\n","protected":false},"author":28,"featured_media":505345,"comment_status":"closed","ping_status":"","sticky":true,"template":"","format":"standard","meta":{"footnotes":""},"categories":[22,27],"tags":[],"class_list":["post-505517","post","type-post","status-publish","format-standard","has-post-thumbnail","hentry","category-politica","category-portada"],"_links":{"self":[{"href":"https:\/\/diariodominicano.com\/index.php?rest_route=\/wp\/v2\/posts\/505517","targetHints":{"allow":["GET"]}}],"collection":[{"href":"https:\/\/diariodominicano.com\/index.php?rest_route=\/wp\/v2\/posts"}],"about":[{"href":"https:\/\/diariodominicano.com\/index.php?rest_route=\/wp\/v2\/types\/post"}],"author":[{"embeddable":true,"href":"https:\/\/diariodominicano.com\/index.php?rest_route=\/wp\/v2\/users\/28"}],"replies":[{"embeddable":true,"href":"https:\/\/diariodominicano.com\/index.php?rest_route=%2Fwp%2Fv2%2Fcomments&post=505517"}],"version-history":[{"count":4,"href":"https:\/\/diariodominicano.com\/index.php?rest_route=\/wp\/v2\/posts\/505517\/revisions"}],"predecessor-version":[{"id":505521,"href":"https:\/\/diariodominicano.com\/index.php?rest_route=\/wp\/v2\/posts\/505517\/revisions\/505521"}],"wp:featuredmedia":[{"embeddable":true,"href":"https:\/\/diariodominicano.com\/index.php?rest_route=\/wp\/v2\/media\/505345"}],"wp:attachment":[{"href":"https:\/\/diariodominicano.com\/index.php?rest_route=%2Fwp%2Fv2%2Fmedia&parent=505517"}],"wp:term":[{"taxonomy":"category","embeddable":true,"href":"https:\/\/diariodominicano.com\/index.php?rest_route=%2Fwp%2Fv2%2Fcategories&post=505517"},{"taxonomy":"post_tag","embeddable":true,"href":"https:\/\/diariodominicano.com\/index.php?rest_route=%2Fwp%2Fv2%2Ftags&post=505517"}],"curies":[{"name":"wp","href":"https:\/\/api.w.org\/{rel}","templated":true}]}}