{"id":50551,"date":"2020-08-18T22:04:34","date_gmt":"2020-08-18T22:04:34","guid":{"rendered":"http:\/\/diariodominicano.ddns.net\/?p=50551"},"modified":"2020-08-18T22:04:34","modified_gmt":"2020-08-18T22:04:34","slug":"gran-pesar-causa-fallecimiento-repentino-de-jimmy-sierra","status":"publish","type":"post","link":"https:\/\/diariodominicano.com\/?p=50551","title":{"rendered":"Gran pesar causa fallecimiento, repentino de Jimmy Sierra"},"content":{"rendered":"<p><body><\/p>\n<p><img decoding=\"async\" src=\"img3\/Jimmy-Sierra18-8-20.jpg\" \/><br \/><img decoding=\"async\" src=\"img3\/Jimmy-Sierra-3.jpg\" \/><br \/><img decoding=\"async\" src=\"img3\/jimmy22.jpg\" \/>  <\/p>\n<p><strong><span class=\"text1noticias\">diariodominicano.com<\/span><\/strong><\/p>\n<p><strong> <span class=\"text1noticias\"> Jimmy Sierra<\/span><\/strong><\/p>\n<p><strong><span class=\"text1noticias\">Santo Domingo, R. D., 18 de agosto, 2020.-<\/span><\/strong><span class=\"text1noticias\"> Un gran pesar han manifestado intelectuales, periodistas y pol\u00edticos, a trav\u00e9s de las distintas redes sociales, al conocerse el sorpresivo fallecimiento del catedr\u00e1tico universitario, abogado, periodista, historiador, cineasta, dramaturgo y director de teatro, cuentista y productor de radio y televisi\u00f3n, Julio Samuel \u00abJimmy\u00bb Sierra.<\/span><\/p>\n<\/p>\n<p><span class=\"text1noticias\">El deceso de Jimmy Sierra ocurri\u00f3 la tarde este martes momentos despu\u00e9s de ser trasladado al Centro de Diagn\u00f3sticos de Medicina Avanzada y Telemedicina (Cedimat) a consecuencia de un infarto card\u00edaco.<\/span><\/p>\n<p> <strong>Jimmy Sierra en La Tertulia del Te\u00f3tico que ofrece un espacio para presentar y debatir ideas en un espacio de respeto a la libertad del pensamiento.<\/strong><\/p>\n<\/p>\n<p><span class=\"text1noticias\">De inmediato, comenzaron a manifestarse las muestras de pesar, siendo una de las primeras, la del expresidente Leonel Fern\u00e1ndez quien expres\u00f3, \u00abcon profundo pesar despido a mi amigo y hermano Jimmy Sierra\u00bb<\/span><\/p>\n<\/p>\n<p><span class=\"text1noticias\">Fern\u00e1ndez dijo que Jimmy fue un ser humano noble e irreemplazable compa\u00f1ero de mil batallas y fuente de inspiraci\u00f3n.<\/span><\/p>\n<\/p>\n<p><span class=\"text1noticias\">Tambi\u00e9n, destac\u00f3 sus dotes de maestro y que en \u00e9l ejerci\u00f3 gran influencia en su evoluci\u00f3n pol\u00edtica y profesional.<\/span><\/p>\n<\/p>\n<p><span class=\"text1noticias\">El pasado s\u00e1bado, Jimmy particip\u00f3 en la habitual <strong>Tertulia del Te\u00f3rico<\/strong> en la que fue invitado como expositor el ex miembro de la Suprema Corte de Justicia, doctor Julio Anibal Su\u00e1rez y como moderador Juan Cruz Trifolio.<\/span><\/p>\n<\/p>\n<p><span class=\"text1noticias\">La presidenta del Colegio Dominicano de Periodistas (CDP), Mercedes Castillo lament\u00f3 la muerte del maestro Jimmy Sierra y dijo que fue un hombre de luces y comprometido con lo mejor de la sociedad dominicana. <\/span><\/p>\n<\/p>\n<p><strong><span class=\"text1noticias\">Jimmy Sierra con sus amigos, el ex presidente de la Rep\u00fablica, el doctor Leonel Fern\u00e1ndez y el soci\u00f3logo C\u00e9sar P\u00e9rez.<\/span><\/strong><\/p>\n<p><strong> <\/strong><\/p>\n<p><span class=\"text1noticias\">Jimmy Sierra naci\u00f3 en Najayo, San Crist\u00f3bal el16 de diciembre de 1944 y fue fundador junto a su hermano Bolivar Sierra, y Francisco Antonio Cerda Santos, de la Academia La Trinitaria, en el  Ensanche la Fe.<\/span><\/p>\n<\/p>\n<p><span class=\"text1noticias\">Comenz\u00f3 su actividad a los catorce a\u00f1os, fundando con un grupo de muchachos que se opon\u00eda a la dictadura de Rafael L. Trujillo. En 1960, al ingresar al liceo Eugenio Mar\u00eda de Hostos, fund\u00f3 el peri\u00f3dico \u00abEl cr\u00edtico del Primero E\u00bb. En 1962 funda la primera organizaci\u00f3n cultural de nuevo tipo en la Rep\u00fablica Dominicana, el Club Estudiantil de J\u00f3venes Amantes de la Cultura (CEJAC) y, en 1965, al estallar la Guerra de abril, en la Zona Constitucionalista crea una escuela para alfabetizar a los combatientes que luchaban contra la segunda intervenci\u00f3n militar estadounidense a la Rep\u00fablica Dominicana.<\/span><\/p>\n<p><span class=\"text1noticias\"> <\/span><\/p>\n<p><span class=\"text1noticias\">En 1976 ingres\u00f3 como profesor en la Universidad Aut\u00f3noma de Santo Domingo (UASD), donde dur\u00f3 21 a\u00f1os en los departamentos de Ciencias Pol\u00edticas y Artes.<\/span><\/p>\n<\/p>\n<p><span class=\"text1noticias\"> En 1999 fue nombrado ministro consejero de la embajada dominicana en Francia. En el 2002 recorri\u00f3 unos 50 pueblos del pa\u00eds, realizando igual cantidad de documentales de un minuto de duraci\u00f3n, los cuales subi\u00f3 a la p\u00e1gina \u00abArribasantodomingo.com\u00bb, conjuntamente con varias mini enciclopedias sobre la historia del teatro, literatura, artes pl\u00e1sticas y otros aspectos de la cultura dominicana.<\/span><\/p>\n<\/p>\n<p><span class=\"text1noticias\">En 1973 fund\u00f3 el Comit\u00e9 Pro Instituto Nacional de Estudios Cinematogr\u00e1ficos (CINEC), donde realiza varios documentales.<\/span><\/p>\n<\/p>\n<p><span class=\"text1noticias\">Entre sus obras se destacan la primera versi\u00f3n de  \u00abLa historia se escribi\u00f3 as\u00ed\u00bb, efem\u00e9rides en forma de c\u00e1psulas de un minuto de duraci\u00f3n que, luego de doce a\u00f1os permanecen en el aire, habiendo salido en el 1997, por Radio Televisi\u00f3n Dominicana y, en el 2000 por Color Visi\u00f3n. <\/span><\/p>\n<\/p>\n<p><span class=\"text1noticias\">En el 2004 hizo \u00abViaje el centro de la historia\u00bb, curso audio visual de diez horas de duraci\u00f3n, en formato de DVD, en el cual colaboraron m\u00e1s de 30 de los historiadores m\u00e1s importantes del pa\u00eds.<\/span><\/p>\n<\/p>\n<p><span class=\"text1noticias\">En 1966 comienza a publicar en el suplemento literario de El Caribe, con el cuento \u00abEl ni\u00f1o\u00bb. M\u00e1s tarde publicar\u00e1, adem\u00e1s, en el suplemento del peri\u00f3dico \u00abEl Nacional\u00bb y la revista \u00abAhora\u00bb. En el 1969, conjuntamente con Fernando S\u00e1nchez Mart\u00ednez y Antonio Lockward, public\u00f3 \u00abBordeando el r\u00edo\u00bb, con pr\u00f3logo de Pedro Mir.<\/span><\/p>\n<\/p>\n<p><span class=\"text1noticias\">Cabe destacar en esa amplia labor intelectual de Jimmy Sierra \u00abCuentos de Pap\u00e1 Leche\u00bb, narraciones infantiles, acompa\u00f1adas de un CD, con los cuentos dramatizados, la novela Idolatr\u00eda publicada en el 2016 y el \u00abDiccionario Cultural Dominicano, en el 2017<\/span>.<\/p>\n<\/p>\n<p><strong><span class=\"text1noticias\">Jimmy Sierra falleci\u00f3 la tarde del martes<\/span><\/strong><\/p>\n<\/p>\n<p><span class=\"text1noticias\">Jimmy Sierra, falleci\u00f3 momentos despu\u00e9s de llegar al Centro de Diagn\u00f3stico Medicina Avanzada y Telemedicina (Cedimat).<\/span><\/p>\n<\/p>\n<p><span class=\"text1noticias\">El deceso de Julio Samuel (Jimmy) Sierra se produjo a las cuatro de la tarde. Su esposa Luz Albania G\u00f3mez Ram\u00edrez y su hijo Samuel Sierra G\u00f3mez, informaron que el cuerpo  de Jimmy Sierra ser\u00e1 expuesto este mi\u00e9rcoles de 8:00 de la ma\u00f1ana a 2:00 de la tarde en la Capilla La Paz de la Funeraria Blandino en la avenidad Abraham Lincoln. Los restos ser\u00e1n sepultados en el Jard\u00edn Memorial en la avenida Jacobo Majluta.<\/span><\/p>\n<\/p>\n<p><span class=\"text1noticias\">Sierra, quien el pasado s\u00e1bado particip\u00f3 en la Tertulia del Te\u00f3rico con periodistas e intelectuales, en los \u00faltimos meses trabaj\u00f3 en su producci\u00f3n intelectual.<\/span><\/p>\n<\/p>\n<p><span class=\"text1noticias\">El tambi\u00e9n abogado, director de teatro y promotor cultural fund\u00f3, en 1962, el Club estudiantil de J\u00f3venes Amantes de la Cultura (Cejac), durante la revoluci\u00f3n de 1965 alfabetiz\u00f3 a combatientes y en 1966 dirigi\u00f3 el Movimiento Cultural Universitario (MCU) de la Universidad Aut\u00f3noma de Santo Domingo (UASD), donde fungi\u00f3 como catedr\u00e1tico.<\/span><\/p>\n<\/p>\n<p><span class=\"text1noticias\">En lo adelante, escribi\u00f3 para diferentes diarios, produjo programas de radio y televisi\u00f3n, public\u00f3  libros, que fueron objeto de premiaciones, y recibi\u00f3 premios y reconocimientos.<\/span><\/p>\n<\/p>\n<p>Redactado por Pura Blanco Tineo<\/p>\n<h6> 2020-08-18 22:04:34 <\/h6>\n<p><!--\n<link rel=\"stylesheet\" href=\"css\/bootstrap.min.css\">\n\n\n<ul class=\"pagination\">\n\t    \n\t\n\n<li >\n\t<a href='?page_no=307'>Previous<\/a>\n\t<\/li>\n\n\n       \n    \n\n<li><a href='?page_no=1'>1<\/a><\/li>\n\n\n\n<li><a href='?page_no=2'>2<\/a><\/li>\n\n\n\n<li><a>...<\/a><\/li>\n\n\n\n<li><a href='?page_no=306'>306<\/a><\/li>\n\n\n\n<li><a href='?page_no=307'>307<\/a><\/li>\n\n\n\n<li class='active'><a>308<\/a><\/li>\n\n\n\n<li><a href='?page_no=309'>309<\/a><\/li>\n\n\n\n<li><a href='?page_no=310'>310<\/a><\/li>\n\n\n\n<li><a>...<\/a><\/li>\n\n\n\n<li><a href='?page_no=22911'>22911<\/a><\/li>\n\n\n\n<li><a href='?page_no=22912'>22912<\/a><\/li>\n\n    \n\t\n\n<li >\n\t<a href='?page_no=309'>Next<\/a>\n\t<\/li>\n\n\n    \n\n<li><a href='?page_no=22912'>Last &rsaquo;&rsaquo;<\/a><\/li>\n\n<\/ul>\n\n\n--><br \/>\n<\/body><\/p>\n","protected":false},"excerpt":{"rendered":"<p>diariodominicano.com Jimmy Sierra Santo Domingo, R. D., 18 de agosto, 2020.- Un gran pesar han manifestado intelectuales, periodistas y pol\u00edticos, a trav\u00e9s de las distintas redes sociales, al conocerse el sorpresivo fallecimiento del catedr\u00e1tico universitario, abogado, periodista, historiador, cineasta, dramaturgo y director de teatro, cuentista y productor de radio y televisi\u00f3n, Julio Samuel \u00abJimmy\u00bb Sierra. [&hellip;]<\/p>\n","protected":false},"author":3,"featured_media":0,"comment_status":"open","ping_status":"open","sticky":false,"template":"","format":"standard","meta":{"footnotes":""},"categories":[21],"tags":[],"class_list":["post-50551","post","type-post","status-publish","format-standard","hentry","category-cultura"],"_links":{"self":[{"href":"https:\/\/diariodominicano.com\/index.php?rest_route=\/wp\/v2\/posts\/50551","targetHints":{"allow":["GET"]}}],"collection":[{"href":"https:\/\/diariodominicano.com\/index.php?rest_route=\/wp\/v2\/posts"}],"about":[{"href":"https:\/\/diariodominicano.com\/index.php?rest_route=\/wp\/v2\/types\/post"}],"author":[{"embeddable":true,"href":"https:\/\/diariodominicano.com\/index.php?rest_route=\/wp\/v2\/users\/3"}],"replies":[{"embeddable":true,"href":"https:\/\/diariodominicano.com\/index.php?rest_route=%2Fwp%2Fv2%2Fcomments&post=50551"}],"version-history":[{"count":0,"href":"https:\/\/diariodominicano.com\/index.php?rest_route=\/wp\/v2\/posts\/50551\/revisions"}],"wp:attachment":[{"href":"https:\/\/diariodominicano.com\/index.php?rest_route=%2Fwp%2Fv2%2Fmedia&parent=50551"}],"wp:term":[{"taxonomy":"category","embeddable":true,"href":"https:\/\/diariodominicano.com\/index.php?rest_route=%2Fwp%2Fv2%2Fcategories&post=50551"},{"taxonomy":"post_tag","embeddable":true,"href":"https:\/\/diariodominicano.com\/index.php?rest_route=%2Fwp%2Fv2%2Ftags&post=50551"}],"curies":[{"name":"wp","href":"https:\/\/api.w.org\/{rel}","templated":true}]}}