{"id":505503,"date":"2024-02-03T23:45:42","date_gmt":"2024-02-04T03:45:42","guid":{"rendered":"https:\/\/diariodominicano.com\/?p=505503"},"modified":"2024-02-03T23:48:11","modified_gmt":"2024-02-04T03:48:11","slug":"mvm-domingo-janet-y-omar-garantizan-transformaciones-que-demanda-la-capital-2","status":"publish","type":"post","link":"https:\/\/diariodominicano.com\/?p=505503","title":{"rendered":"MVM: \u201cDomingo, Janet y Omar garantizan transformaciones que demanda la capital\u201d"},"content":{"rendered":"\n<p><strong>\u201cPara la Alianza Opositora Rescate RD, estos tres talentos de la nueva pol\u00edtica constituyen, m\u00e1s que una esperanza, la concreci\u00f3n de la seguridad para los capitale\u00f1os\u201d.<br><br>Santo Domingo. \u2013<\/strong>\u00a0La Alianza Opositora Rescate RD hizo historia este viernes, al celebrar un concurrido evento en la Casa Nacional del Partido Revolucionario Dominicano (PRD), en respaldo a los candidatos a alcalde, vicealcaldesa y senador del Distrito Nacional por esa coalici\u00f3n pol\u00edtica.<\/p>\n\n\n\n<figure class=\"wp-block-image size-large\"><img loading=\"lazy\" decoding=\"async\" width=\"1024\" height=\"765\" src=\"https:\/\/diariodominicano.com\/wp-content\/uploads\/2024\/02\/PHOTO-2024-02-03-12-55-39_2-1024x765.jpg\" alt=\"\" class=\"wp-image-505508\" srcset=\"https:\/\/diariodominicano.com\/wp-content\/uploads\/2024\/02\/PHOTO-2024-02-03-12-55-39_2-1024x765.jpg 1024w, https:\/\/diariodominicano.com\/wp-content\/uploads\/2024\/02\/PHOTO-2024-02-03-12-55-39_2-300x224.jpg 300w, https:\/\/diariodominicano.com\/wp-content\/uploads\/2024\/02\/PHOTO-2024-02-03-12-55-39_2-768x574.jpg 768w, https:\/\/diariodominicano.com\/wp-content\/uploads\/2024\/02\/PHOTO-2024-02-03-12-55-39_2-816x609.jpg 816w, https:\/\/diariodominicano.com\/wp-content\/uploads\/2024\/02\/PHOTO-2024-02-03-12-55-39_2.jpg 1280w\" sizes=\"auto, (max-width: 1024px) 100vw, 1024px\" \/><\/figure>\n\n\n\n<p><br><br>All\u00ed, el ingeniero Miguel Vargas Maldonado afirm\u00f3 que \u201cDomingo Contreras, Janet Camilo y Omar Fern\u00e1ndez garantizan la consecuci\u00f3n de las trasformaciones que demanda la capital\u201d.<\/p>\n\n\n\n<figure class=\"wp-block-image size-large\"><img loading=\"lazy\" decoding=\"async\" width=\"1024\" height=\"682\" src=\"https:\/\/diariodominicano.com\/wp-content\/uploads\/2024\/02\/PHOTO-2024-02-03-12-55-39_1-1024x682.jpg\" alt=\"\" class=\"wp-image-505510\" srcset=\"https:\/\/diariodominicano.com\/wp-content\/uploads\/2024\/02\/PHOTO-2024-02-03-12-55-39_1-1024x682.jpg 1024w, https:\/\/diariodominicano.com\/wp-content\/uploads\/2024\/02\/PHOTO-2024-02-03-12-55-39_1-300x200.jpg 300w, https:\/\/diariodominicano.com\/wp-content\/uploads\/2024\/02\/PHOTO-2024-02-03-12-55-39_1-768x511.jpg 768w, https:\/\/diariodominicano.com\/wp-content\/uploads\/2024\/02\/PHOTO-2024-02-03-12-55-39_1-816x543.jpg 816w, https:\/\/diariodominicano.com\/wp-content\/uploads\/2024\/02\/PHOTO-2024-02-03-12-55-39_1.jpg 1280w\" sizes=\"auto, (max-width: 1024px) 100vw, 1024px\" \/><\/figure>\n\n\n\n<p><br><br>\u201cPara la Alianza Opositora Rescate RD, estos tres talentos de la nueva pol\u00edtica constituyen, m\u00e1s que una esperanza, la concreci\u00f3n de la seguridad para los capitale\u00f1os\u201d, prosigui\u00f3.<br><br>El presidente del PRD hizo el se\u00f1alamiento al encabezar el hist\u00f3rico encuentro, acompa\u00f1ado de la Direcci\u00f3n Nacional del partido que dirige. \u201cSaludo la presencia de Omar Fern\u00e1ndez y de la dirigencia de su partido, Fuerza del Pueblo, igual a Domingo Contreras y a los dirigentes del PLD aqu\u00ed presentes\u201d, sostuvo Vargas. Al reiterarles la bienvenida a \u201cla casa de Pe\u00f1a G\u00f3mez y de la democracia\u201d, les record\u00f3 que all\u00ed \u201cvieron el crisol de su formaci\u00f3n pol\u00edtica los l\u00edderes de sus partidos\u201d. Indic\u00f3 que los mismos \u201ctambi\u00e9n contribuyeron a convertir al PRD en el emblema hist\u00f3rico de la libertad y de la democracia en nuestro pa\u00eds\u201d.<br><br>\u201cEl prop\u00f3sito fundamental de esta alianza es rescatar a la Rep\u00fablica Dominicana del caos y la mala gesti\u00f3n de este gobierno\u201d, enfatiz\u00f3. Insisti\u00f3 en que \u201cla Alianza Opositora Rescate RD, que encarnan estos tres talentos de la nueva pol\u00edtica dominicana, constituye, m\u00e1s que una esperanza, la concreci\u00f3n y garant\u00eda de las demandas de los capitale\u00f1os hoy\u201d.<br><br><strong>Hablan los candidatos de la capital<\/strong><br><br>En dicho escenario, el candidato a alcalde, Domingo Contreras (Partido de la Liberaci\u00f3n Dominicana-PLD-), declar\u00f3 que \u201csin alianza no hay esperanza\u201d. \u201cOmar y yo supimos interpretar el grito de la gente del pueblo: \u2018\u00a1J\u00fantense!\u2019. Indic\u00f3 que esa expresi\u00f3n \u201cfue magistralmente interpretada por Miguel Vargas, gestor de esta gran alianza\u201d.<br><br>\u201cEn el 2020 fui \u2018novio sustituto\u2019 del PRD, cuando un personaje abandon\u00f3 al medio del camino la oportunidad que le dio Miguel, quien ha constituido el liderazgo m\u00e1s ef\u00edmero que hemos visto, como dijera un importante l\u00edder empresarial del pa\u00eds\u201d, record\u00f3. \u201cHoy estoy aqu\u00ed, no como sustituto si no como \u2018novio oficial\u2019 en la boleta del PRD\u201d, enfatiz\u00f3 Contreras. \u201cEste acuerdo que Miguel ha logrado gestar nos coloca al PLD y a la Fuerza del Pueblo en el camino de una contundente victoria\u201d, indic\u00f3.<br><br>De su lado, la candidata a vicealcaldesa, Janet Camilo (PRD), manifest\u00f3 el alto regocijo de su persona y el partido \u201cde que, en esta ruta electoral, compartamos este desaf\u00edo de, el pr\u00f3ximo 18 de febrero, ganar la Alcald\u00eda del Distrito Nacional y devolver el orgullo perrede\u00edsta de tener regidores en la Sala Capitular\u201d. Asimismo, exhort\u00f3 a los compa\u00f1eros de su partido a aunar esfuerzos en favor de la candidatura presidencial de Miguel Vargas.<br><br>Agreg\u00f3 que se diferencian del oficialismo porque \u201cno somos \u2018BAM\u2019 (bulto, allante y movimiento). Eso se lo dejamos al gobierno\u201d. \u201cEl PRD es una fuerza trabajadora\u201d, a\u00f1adi\u00f3. \u201cComo dec\u00eda Pe\u00f1a G\u00f3mez, al tocar el pito para la victoria electoral, \u00a1se han soltado otra vez los caballos del PRD!\u201d,\u00a0<strong>expres\u00f3 Camilo.<\/strong><br><br>Asimismo, el diputado y candidato a senador por la capital, Omar Fern\u00e1ndez (Fuerza del Pueblo), plante\u00f3 su entusiasmo por acudir al torneo electoral con el apoyo de Miguel Vargas y el PRD. \u201cCon mucho orgullo y honradez, vi\u00e9ndolo como una bendici\u00f3n, doy las gracias a mis compa\u00f1eros del PRD\u201d, expres\u00f3.<br><br>\u201cS\u00e9 que, gracias al apoyo de ustedes, Domingo ser\u00e1 el pr\u00f3ximo alcalde, Janet la vicealcaldesa, y ustedes me convertir\u00e1n en el senador m\u00e1s joven y m\u00e1s votado de toda la historia de la capital\u201d, agreg\u00f3 Fern\u00e1ndez.<br><br>Adem\u00e1s de los candidatos a regidur\u00edas por el PRD, Vargas estuvo acompa\u00f1ado de Peggy Cabral, Ram\u00f3n Arnaldo Pimentel, Joel D\u00edaz, Frank S\u00e1nchez Garabito, V\u00edctor Feliz, Elvis Medina, Rafael Linares, entre otros dirigentes nacionales y municipales.<br><br>Tambi\u00e9n, Maribel Acosta, coordinadora de los regidores del PLD; Luis de Le\u00f3n, de la Fuerza Bochista, as\u00ed como otros representantes de la Fuerza del Pueblo.<br><br><a href=\"https:\/\/we.tl\/t-9KbtssNjVn\" target=\"_blank\" rel=\"noreferrer noopener\">https:\/\/we.tl\/t-9KbtssNjVn<\/a><\/p>\n\n\n\n<p>alex Roa<\/p>\n\n\n\n<p><a target=\"_blank\" href=\"mailto:alexiprd300@gmail.com\" rel=\"noreferrer noopener\">alexiprd300@gmail.com<\/a><\/p>\n","protected":false},"excerpt":{"rendered":"<p>\u201cPara la Alianza Opositora Rescate RD, estos tres talentos de la nueva pol\u00edtica constituyen, m\u00e1s que una esperanza, la concreci\u00f3n de la seguridad para los capitale\u00f1os\u201d. Santo Domingo. \u2013\u00a0La Alianza Opositora Rescate RD hizo historia este viernes, al celebrar un concurrido evento en la Casa Nacional del Partido Revolucionario Dominicano (PRD), en respaldo a los [&hellip;]<\/p>\n","protected":false},"author":28,"featured_media":505504,"comment_status":"closed","ping_status":"","sticky":true,"template":"","format":"standard","meta":{"footnotes":""},"categories":[22,27],"tags":[],"class_list":["post-505503","post","type-post","status-publish","format-standard","has-post-thumbnail","hentry","category-politica","category-portada"],"_links":{"self":[{"href":"https:\/\/diariodominicano.com\/index.php?rest_route=\/wp\/v2\/posts\/505503","targetHints":{"allow":["GET"]}}],"collection":[{"href":"https:\/\/diariodominicano.com\/index.php?rest_route=\/wp\/v2\/posts"}],"about":[{"href":"https:\/\/diariodominicano.com\/index.php?rest_route=\/wp\/v2\/types\/post"}],"author":[{"embeddable":true,"href":"https:\/\/diariodominicano.com\/index.php?rest_route=\/wp\/v2\/users\/28"}],"replies":[{"embeddable":true,"href":"https:\/\/diariodominicano.com\/index.php?rest_route=%2Fwp%2Fv2%2Fcomments&post=505503"}],"version-history":[{"count":5,"href":"https:\/\/diariodominicano.com\/index.php?rest_route=\/wp\/v2\/posts\/505503\/revisions"}],"predecessor-version":[{"id":505511,"href":"https:\/\/diariodominicano.com\/index.php?rest_route=\/wp\/v2\/posts\/505503\/revisions\/505511"}],"wp:featuredmedia":[{"embeddable":true,"href":"https:\/\/diariodominicano.com\/index.php?rest_route=\/wp\/v2\/media\/505504"}],"wp:attachment":[{"href":"https:\/\/diariodominicano.com\/index.php?rest_route=%2Fwp%2Fv2%2Fmedia&parent=505503"}],"wp:term":[{"taxonomy":"category","embeddable":true,"href":"https:\/\/diariodominicano.com\/index.php?rest_route=%2Fwp%2Fv2%2Fcategories&post=505503"},{"taxonomy":"post_tag","embeddable":true,"href":"https:\/\/diariodominicano.com\/index.php?rest_route=%2Fwp%2Fv2%2Ftags&post=505503"}],"curies":[{"name":"wp","href":"https:\/\/api.w.org\/{rel}","templated":true}]}}