{"id":505474,"date":"2024-02-03T23:14:30","date_gmt":"2024-02-04T03:14:30","guid":{"rendered":"https:\/\/diariodominicano.com\/?p=505474"},"modified":"2024-02-03T23:16:38","modified_gmt":"2024-02-04T03:16:38","slug":"miguel-vargas-vaticina-karilyn-chabebe-ganara-alcaldia-e-impulsara-nuevamente-a-sfm","status":"publish","type":"post","link":"https:\/\/diariodominicano.com\/?p=505474","title":{"rendered":"Miguel Vargas vaticina Karilyn Chabebe ganar\u00e1 Alcald\u00eda e impulsar\u00e1 nuevamente a SFM"},"content":{"rendered":"\n<p><em><u>\u201cEsta joven talentosa tiene la tarea de rescatar a San Francisco de Macor\u00eds del abandono en que lo han sumido.<\/u><\/em>&nbsp;<em><u>Este tambi\u00e9n es un compromiso particular en la propuesta de gesti\u00f3n distinta que encabezaremos desde la Presidencia de la Rep\u00fablica, para rescatar al pa\u00eds\u201d.<\/u><\/em><\/p>\n\n\n\n<figure class=\"wp-block-image size-large\"><img loading=\"lazy\" decoding=\"async\" width=\"1024\" height=\"870\" src=\"https:\/\/diariodominicano.com\/wp-content\/uploads\/2024\/02\/Karilyn-Chabebe-1024x870.jpg\" alt=\"\" class=\"wp-image-505476\" srcset=\"https:\/\/diariodominicano.com\/wp-content\/uploads\/2024\/02\/Karilyn-Chabebe-1024x870.jpg 1024w, https:\/\/diariodominicano.com\/wp-content\/uploads\/2024\/02\/Karilyn-Chabebe-300x255.jpg 300w, https:\/\/diariodominicano.com\/wp-content\/uploads\/2024\/02\/Karilyn-Chabebe-768x653.jpg 768w, https:\/\/diariodominicano.com\/wp-content\/uploads\/2024\/02\/Karilyn-Chabebe-1536x1306.jpg 1536w, https:\/\/diariodominicano.com\/wp-content\/uploads\/2024\/02\/Karilyn-Chabebe-816x694.jpg 816w, https:\/\/diariodominicano.com\/wp-content\/uploads\/2024\/02\/Karilyn-Chabebe.jpg 1600w\" sizes=\"auto, (max-width: 1024px) 100vw, 1024px\" \/><\/figure>\n\n\n\n<p>Duarte, RD. \u2013 \u00a0El ingeniero Miguel Vargas Maldonado encabez\u00f3 un acto en apoyo a los candidatos municipales de esa organizaci\u00f3n y sus aliados en esta provincia. All\u00ed afirm\u00f3 que Karilyn Chabebe, dirigente nacional de la Juventud Revolucionaria Dominicana (JRD) y candidata a la Alcald\u00eda de San Francisco de Macor\u00eds, ganar\u00e1 ventajosamente la elecci\u00f3n el pr\u00f3ximo 18 de este mes e iniciar\u00e1 un muy necesario rescate de ese municipio.<\/p>\n\n\n\n<figure class=\"wp-block-image size-large\"><img loading=\"lazy\" decoding=\"async\" width=\"1024\" height=\"682\" src=\"https:\/\/diariodominicano.com\/wp-content\/uploads\/2024\/02\/03-DE-FEBRERO-2024-4-1024x682.jpg\" alt=\"\" class=\"wp-image-505478\" srcset=\"https:\/\/diariodominicano.com\/wp-content\/uploads\/2024\/02\/03-DE-FEBRERO-2024-4-1024x682.jpg 1024w, https:\/\/diariodominicano.com\/wp-content\/uploads\/2024\/02\/03-DE-FEBRERO-2024-4-300x200.jpg 300w, https:\/\/diariodominicano.com\/wp-content\/uploads\/2024\/02\/03-DE-FEBRERO-2024-4-768x512.jpg 768w, https:\/\/diariodominicano.com\/wp-content\/uploads\/2024\/02\/03-DE-FEBRERO-2024-4-1536x1023.jpg 1536w, https:\/\/diariodominicano.com\/wp-content\/uploads\/2024\/02\/03-DE-FEBRERO-2024-4-816x544.jpg 816w, https:\/\/diariodominicano.com\/wp-content\/uploads\/2024\/02\/03-DE-FEBRERO-2024-4.jpg 1600w\" sizes=\"auto, (max-width: 1024px) 100vw, 1024px\" \/><\/figure>\n\n\n\n<figure class=\"wp-block-image size-large\"><img loading=\"lazy\" decoding=\"async\" width=\"1024\" height=\"682\" src=\"https:\/\/diariodominicano.com\/wp-content\/uploads\/2024\/02\/03-DE-FEBRERO-2024-1-1024x682.jpg\" alt=\"\" class=\"wp-image-505479\" srcset=\"https:\/\/diariodominicano.com\/wp-content\/uploads\/2024\/02\/03-DE-FEBRERO-2024-1-1024x682.jpg 1024w, https:\/\/diariodominicano.com\/wp-content\/uploads\/2024\/02\/03-DE-FEBRERO-2024-1-300x200.jpg 300w, https:\/\/diariodominicano.com\/wp-content\/uploads\/2024\/02\/03-DE-FEBRERO-2024-1-768x512.jpg 768w, https:\/\/diariodominicano.com\/wp-content\/uploads\/2024\/02\/03-DE-FEBRERO-2024-1-1536x1023.jpg 1536w, https:\/\/diariodominicano.com\/wp-content\/uploads\/2024\/02\/03-DE-FEBRERO-2024-1-816x544.jpg 816w, https:\/\/diariodominicano.com\/wp-content\/uploads\/2024\/02\/03-DE-FEBRERO-2024-1.jpg 1600w\" sizes=\"auto, (max-width: 1024px) 100vw, 1024px\" \/><\/figure>\n\n\n\n<p>El presidente del Partido Revolucionario Dominicano (PRD) sostuvo, adem\u00e1s, que dicha ciudad \u201ces una emblem\u00e1tica expresi\u00f3n de las promesas incumplidas del oficialismo. Tambi\u00e9n dijo que ese territorio es \u201cv\u00edctima del enga\u00f1o y la peor gesti\u00f3n gubernamental que ha conocido el pa\u00eds\u201d.<\/p>\n\n\n\n<p>\u201cEn San Francisco no han valido las protestas y manifestaciones sociales de esta aguerrida comunidad\u201d, a\u00f1adi\u00f3 Vargas este s\u00e1bado. \u201cDe estas demandas sobre las promesas incumplidas ya se ha hecho eco la iglesia, pero el gobierno hace o\u00eddos sordos y permanece indiferente\u201d, sostuvo el tambi\u00e9n candidato presidencial del PRD.<\/p>\n\n\n\n<figure class=\"wp-block-image size-large\"><img loading=\"lazy\" decoding=\"async\" width=\"1024\" height=\"682\" src=\"https:\/\/diariodominicano.com\/wp-content\/uploads\/2024\/02\/03-DE-FEBRERO-2024-2-1024x682.jpg\" alt=\"\" class=\"wp-image-505481\" srcset=\"https:\/\/diariodominicano.com\/wp-content\/uploads\/2024\/02\/03-DE-FEBRERO-2024-2-1024x682.jpg 1024w, https:\/\/diariodominicano.com\/wp-content\/uploads\/2024\/02\/03-DE-FEBRERO-2024-2-300x200.jpg 300w, https:\/\/diariodominicano.com\/wp-content\/uploads\/2024\/02\/03-DE-FEBRERO-2024-2-768x512.jpg 768w, https:\/\/diariodominicano.com\/wp-content\/uploads\/2024\/02\/03-DE-FEBRERO-2024-2-1536x1023.jpg 1536w, https:\/\/diariodominicano.com\/wp-content\/uploads\/2024\/02\/03-DE-FEBRERO-2024-2-816x544.jpg 816w, https:\/\/diariodominicano.com\/wp-content\/uploads\/2024\/02\/03-DE-FEBRERO-2024-2.jpg 1600w\" sizes=\"auto, (max-width: 1024px) 100vw, 1024px\" \/><\/figure>\n\n\n\n<p>Sobre Chabebe, Vargas indic\u00f3 que \u201cesta joven talentosa tiene la tarea de rescatar a San Francisco de Macor\u00eds del abandono en que lo han sumido\u201d. Se\u00f1al\u00f3 que igual responsabilidad tienen los dem\u00e1s candidatos de Rescate RD en sus respectivas demarcaciones. \u201cEste tambi\u00e9n es un compromiso particular en la propuesta de gesti\u00f3n distinta que encabezaremos desde la Presidencia de la Rep\u00fablica, para rescatar al pa\u00eds\u201d, finaliz\u00f3 Vargas.&nbsp;<\/p>\n\n\n\n<p><strong>Habla la candidata a alcaldesa de SFM<\/strong><\/p>\n\n\n\n<p>Karilyn Chabebe expres\u00f3 que ha escuchado de cada uno de los sectores de su ciudad las problem\u00e1ticas que les afectan para tratar de responderlas. \u201cHe visto la preocupaci\u00f3n de las madres, que viven con miedo cuando sus hijos y nietos salen de sus casas a estudiar o trabajar\u201d, detall\u00f3. \u201cTengo un compromiso con esas familias, de trabajar en un pilar de seguridad ciudadana, que hemos denominado agenda integral para el rescate de la seguridad de San Francisco de Macor\u00eds\u201d, precis\u00f3.<\/p>\n\n\n\n<p>\u201cVamos por una ciudad sostenible, que respete el medio ambiente, con un manejo de los desechos s\u00f3lidos de \u00faltima generaci\u00f3n\u201d, prosigui\u00f3. En ese orden, resalt\u00f3 como prioridad la higienizaci\u00f3n y modernizaci\u00f3n del mercado municipal, \u201crespetando siempre la dignidad humana\u201d. Indic\u00f3 que en su gesti\u00f3n trabajar\u00e1n junto a toda la sociedad para que dicho establecimiento comercial sea accesible a todos los francomacorisanos.<\/p>\n\n\n\n<p>\u201cEn mis recorridos he visto con asombro el deterioro de las \u00e1reas de recreaci\u00f3n, como el parque de Los Espinolas, Ensanche Duarte, Madrigal, Los Rieles, y muchos otros sectores donde no cuentan con estas \u00e1reas\u201d, agreg\u00f3. Dijo que en los mismos \u201chemos hecho una propuesta de presentaci\u00f3n gr\u00e1fica a cada una de ellos, que han sido acogidas con la certeza de que, a partir del 24 de abril, estos ser\u00e1n una realidad\u201d.<\/p>\n\n\n\n<p>La candidata a alcaldesa afirm\u00f3 tambi\u00e9n que el cabildo que dirigir\u00e1 \u201cser\u00e1 un ayuntamiento humano, solidario y cercano a la gente\u201d. \u201cEn m\u00ed encontrar\u00e1n los brazos&nbsp;abiertos, no con poses hip\u00f3critas, que vienen en tiempo de campa\u00f1a, sino de una mujer que conoce la sensibilidad del ser humano, incapaz de jugar con el dolor ajeno\u201d, puntualiz\u00f3.<\/p>\n\n\n\n<p><strong>Otros detalles del evento<\/strong><\/p>\n\n\n\n<p>En el acto destac\u00f3 la presencia de los dirigentes Jorge Pe\u00f1a, quien dio la bienvenida a los presentes, y Luis Ernesto Camilo, a cargo de la presentaci\u00f3n del candidato presidencial perrede\u00edsta. Asimismo, de los l\u00edderes H\u00e9ctor Guzm\u00e1n, Ram\u00f3n Emilio Batista y Jeury Garc\u00eda. Tambi\u00e9n participaron los candidatos a directores municipales, regidores y vocales del PRD, entre otros dirigentes municipales y distritales.<\/p>\n\n\n\n<p>Comunicaci\u00f3n Integral Rep Dom<\/p>\n\n\n\n<p><a target=\"_blank\" href=\"mailto:comunicacionintegralrepdom@gmail.com\" rel=\"noreferrer noopener\">comunicacionintegralrepdom@gmail.com<\/a><\/p>\n","protected":false},"excerpt":{"rendered":"<p>\u201cEsta joven talentosa tiene la tarea de rescatar a San Francisco de Macor\u00eds del abandono en que lo han sumido.&nbsp;Este tambi\u00e9n es un compromiso particular en la propuesta de gesti\u00f3n distinta que encabezaremos desde la Presidencia de la Rep\u00fablica, para rescatar al pa\u00eds\u201d. Duarte, RD. \u2013 \u00a0El ingeniero Miguel Vargas Maldonado encabez\u00f3 un acto en [&hellip;]<\/p>\n","protected":false},"author":28,"featured_media":505475,"comment_status":"closed","ping_status":"","sticky":true,"template":"","format":"standard","meta":{"footnotes":""},"categories":[22,27],"tags":[],"class_list":["post-505474","post","type-post","status-publish","format-standard","has-post-thumbnail","hentry","category-politica","category-portada"],"_links":{"self":[{"href":"https:\/\/diariodominicano.com\/index.php?rest_route=\/wp\/v2\/posts\/505474","targetHints":{"allow":["GET"]}}],"collection":[{"href":"https:\/\/diariodominicano.com\/index.php?rest_route=\/wp\/v2\/posts"}],"about":[{"href":"https:\/\/diariodominicano.com\/index.php?rest_route=\/wp\/v2\/types\/post"}],"author":[{"embeddable":true,"href":"https:\/\/diariodominicano.com\/index.php?rest_route=\/wp\/v2\/users\/28"}],"replies":[{"embeddable":true,"href":"https:\/\/diariodominicano.com\/index.php?rest_route=%2Fwp%2Fv2%2Fcomments&post=505474"}],"version-history":[{"count":3,"href":"https:\/\/diariodominicano.com\/index.php?rest_route=\/wp\/v2\/posts\/505474\/revisions"}],"predecessor-version":[{"id":505482,"href":"https:\/\/diariodominicano.com\/index.php?rest_route=\/wp\/v2\/posts\/505474\/revisions\/505482"}],"wp:featuredmedia":[{"embeddable":true,"href":"https:\/\/diariodominicano.com\/index.php?rest_route=\/wp\/v2\/media\/505475"}],"wp:attachment":[{"href":"https:\/\/diariodominicano.com\/index.php?rest_route=%2Fwp%2Fv2%2Fmedia&parent=505474"}],"wp:term":[{"taxonomy":"category","embeddable":true,"href":"https:\/\/diariodominicano.com\/index.php?rest_route=%2Fwp%2Fv2%2Fcategories&post=505474"},{"taxonomy":"post_tag","embeddable":true,"href":"https:\/\/diariodominicano.com\/index.php?rest_route=%2Fwp%2Fv2%2Ftags&post=505474"}],"curies":[{"name":"wp","href":"https:\/\/api.w.org\/{rel}","templated":true}]}}