{"id":505464,"date":"2024-02-03T23:01:01","date_gmt":"2024-02-04T03:01:01","guid":{"rendered":"https:\/\/diariodominicano.com\/?p=505464"},"modified":"2024-02-03T23:07:30","modified_gmt":"2024-02-04T03:07:30","slug":"presidente-abinader-encabeza-concentracion-multitudinaria-en-apoyo-a-candidatos-municipales-del-prm-en-la-victoria","status":"publish","type":"post","link":"https:\/\/diariodominicano.com\/?p=505464","title":{"rendered":"Presidente Abinader encabeza concentraci\u00f3n multitudinaria en apoyo a candidatos municipales del PRM en La Victoria"},"content":{"rendered":"\n<p>Presidente Luis Abinader habl\u00f3 en el acto de apoyo  al alcalde y candidato a la reelecci\u00f3n  Miguel Antonio Savi\u00f1\u00f3n (El Gringo)<\/p>\n\n\n\n<figure class=\"wp-block-image size-large\"><img loading=\"lazy\" decoding=\"async\" width=\"576\" height=\"1024\" src=\"https:\/\/diariodominicano.com\/wp-content\/uploads\/2024\/02\/WhatsApp-Image-2024-02-03-at-9.04.16-AM-3-576x1024.jpeg\" alt=\"\" class=\"wp-image-505469\" srcset=\"https:\/\/diariodominicano.com\/wp-content\/uploads\/2024\/02\/WhatsApp-Image-2024-02-03-at-9.04.16-AM-3-576x1024.jpeg 576w, https:\/\/diariodominicano.com\/wp-content\/uploads\/2024\/02\/WhatsApp-Image-2024-02-03-at-9.04.16-AM-3-169x300.jpeg 169w, https:\/\/diariodominicano.com\/wp-content\/uploads\/2024\/02\/WhatsApp-Image-2024-02-03-at-9.04.16-AM-3-768x1365.jpeg 768w, https:\/\/diariodominicano.com\/wp-content\/uploads\/2024\/02\/WhatsApp-Image-2024-02-03-at-9.04.16-AM-3-864x1536.jpeg 864w, https:\/\/diariodominicano.com\/wp-content\/uploads\/2024\/02\/WhatsApp-Image-2024-02-03-at-9.04.16-AM-3-816x1451.jpeg 816w, https:\/\/diariodominicano.com\/wp-content\/uploads\/2024\/02\/WhatsApp-Image-2024-02-03-at-9.04.16-AM-3.jpeg 900w\" sizes=\"auto, (max-width: 576px) 100vw, 576px\" \/><\/figure>\n\n\n\n<p> Miguel Antonio Savi\u00f1\u00f3n (El Gringo)<\/p>\n\n\n\n<p><strong>LA VICTORIA, Santo Domingo Norte<\/strong>: Dirigentes y simpatizantes del Partido Revolucionario Moderno (PRM) en este distrito municipal, recibieron con alegr\u00eda y multitudinariamente la tarde de este viernes al presidente de la Rep\u00fablica y candidato a la reelecci\u00f3n por la misma organizaci\u00f3n, Luis Abinader, en respaldo al actual alcalde Miguel Antonio Savi\u00f1\u00f3n (El Gringo), quien repite en la boleta para las votaciones municipales del 18 de este mes.<\/p>\n\n\n\n<figure class=\"wp-block-image size-large\"><img loading=\"lazy\" decoding=\"async\" width=\"1024\" height=\"768\" src=\"https:\/\/diariodominicano.com\/wp-content\/uploads\/2024\/02\/WhatsApp-Image-2024-02-03-at-9.04.16-AM-4-1024x768.jpeg\" alt=\"\" class=\"wp-image-505471\" srcset=\"https:\/\/diariodominicano.com\/wp-content\/uploads\/2024\/02\/WhatsApp-Image-2024-02-03-at-9.04.16-AM-4-1024x768.jpeg 1024w, https:\/\/diariodominicano.com\/wp-content\/uploads\/2024\/02\/WhatsApp-Image-2024-02-03-at-9.04.16-AM-4-300x225.jpeg 300w, https:\/\/diariodominicano.com\/wp-content\/uploads\/2024\/02\/WhatsApp-Image-2024-02-03-at-9.04.16-AM-4-768x576.jpeg 768w, https:\/\/diariodominicano.com\/wp-content\/uploads\/2024\/02\/WhatsApp-Image-2024-02-03-at-9.04.16-AM-4-1536x1152.jpeg 1536w, https:\/\/diariodominicano.com\/wp-content\/uploads\/2024\/02\/WhatsApp-Image-2024-02-03-at-9.04.16-AM-4-816x612.jpeg 816w, https:\/\/diariodominicano.com\/wp-content\/uploads\/2024\/02\/WhatsApp-Image-2024-02-03-at-9.04.16-AM-4.jpeg 1600w\" sizes=\"auto, (max-width: 1024px) 100vw, 1024px\" \/><\/figure>\n\n\n\n<figure class=\"wp-block-image size-large\"><img loading=\"lazy\" decoding=\"async\" width=\"576\" height=\"1024\" src=\"https:\/\/diariodominicano.com\/wp-content\/uploads\/2024\/02\/WhatsApp-Image-2024-02-03-at-9.04.16-AM-1-576x1024.jpeg\" alt=\"\" class=\"wp-image-505472\" srcset=\"https:\/\/diariodominicano.com\/wp-content\/uploads\/2024\/02\/WhatsApp-Image-2024-02-03-at-9.04.16-AM-1-576x1024.jpeg 576w, https:\/\/diariodominicano.com\/wp-content\/uploads\/2024\/02\/WhatsApp-Image-2024-02-03-at-9.04.16-AM-1-169x300.jpeg 169w, https:\/\/diariodominicano.com\/wp-content\/uploads\/2024\/02\/WhatsApp-Image-2024-02-03-at-9.04.16-AM-1-768x1365.jpeg 768w, https:\/\/diariodominicano.com\/wp-content\/uploads\/2024\/02\/WhatsApp-Image-2024-02-03-at-9.04.16-AM-1-864x1536.jpeg 864w, https:\/\/diariodominicano.com\/wp-content\/uploads\/2024\/02\/WhatsApp-Image-2024-02-03-at-9.04.16-AM-1-816x1451.jpeg 816w, https:\/\/diariodominicano.com\/wp-content\/uploads\/2024\/02\/WhatsApp-Image-2024-02-03-at-9.04.16-AM-1.jpeg 900w\" sizes=\"auto, (max-width: 576px) 100vw, 576px\" \/><\/figure>\n\n\n\n<p>En sus palabras centrales, el primer mandatario resalt\u00f3 los aportes del gobierno del PRM a La Victoria en los tres a\u00f1os y medio de su gesti\u00f3n presidencial, entre los que destac\u00f3 la apertura de los recintos del Instituto Nacional de Formaci\u00f3n T\u00e9cnico Profesional (INFOTEP), el Banco de Reservas (Banreservas), los comedores econ\u00f3micos y el sistema de transporte escolar, entre otros aportes.<\/p>\n\n\n\n<p>\u201cEn 20 a\u00f1os qu\u00e9 hizo la oposici\u00f3n, m\u00e1s que promesas sin cumplir. Nosotros hemos hecho la diferencia en este sector y todav\u00eda seguiremos trabajando, porque falta mucho m\u00e1s\u201d, dijo Abinader, quien tambi\u00e9n felicit\u00f3 a la poblaci\u00f3n que su ascenso pr\u00f3ximo ascenso de distrito municipal a municipio.<\/p>\n\n\n\n<p>El presidente se\u00f1al\u00f3 el gran aporte del vicepresidente del Frente Agropecuario del PRM y actual director general del Instituto Agrario Dominicano (IAD), Francisco Guillermo Garc\u00eda, qui\u00e9n en sus dos a\u00f1os de gesti\u00f3n ha cumplido con la titulaci\u00f3n de la gran mayor\u00eda de terrenos que no contaban con t\u00edtulos de propiedad, ayudando as\u00ed al avance y crecimiento de La Victoria.<\/p>\n\n\n\n<p>De su lado, Garc\u00eda qui\u00e9n estuvo presente, acompa\u00f1ado de sus hijos y su esposa, la se\u00f1ora Minerva Rodr\u00edguez, agradeci\u00f3 las palabras del presidente y con alegr\u00eda dijo al p\u00fablico que estar\u00eda trabajando para continuar con el crecimiento de este sector de la mano del alcalde, Savi\u00f1\u00f3n y dem\u00e1s candidatos municipales.<\/p>\n\n\n\n<p>\u201cEl pueblo de la victoria tiene un agradecimiento enorme, este pueblo que ten\u00eda a\u00f1os sin ver un t\u00edtulo de propiedad, ahora la gran mayor\u00eda tiene sus t\u00edtulos definitivos, gracias al presidente Luis Abinader y la gesti\u00f3n que venimos desarrollando con mucho compromiso en el IAD\u201d, se\u00f1al\u00f3 Garc\u00eda.<\/p>\n\n\n\n<p>En el acto, celebrado en el parque central de La Victoria, participaron el presidente del partido a nivel distrital y subdirector del IAD, Luis Freddy Guzm\u00e1n; el senador por la provincia Santo Domingo, Antonio Taveras; el presidente de la C\u00e1mara de Diputados, Alfredo Pacheco; las diputadas Lucrecia Santana Leyba y Milady Dur\u00e1n, entre otros dirigentes, ante los centenares de perreme\u00edstas que coreaban sin parar \u201c4 a\u00f1os m\u00e1s\u201d.<\/p>\n\n\n\n<p>Relaciones P\u00fablicas IAD<\/p>\n\n\n\n<p><a target=\"_blank\" href=\"mailto:relacionespublicasiad@gmail.com\" rel=\"noreferrer noopener\">relacionespublicasiad@gmail.c<\/a><\/p>\n","protected":false},"excerpt":{"rendered":"<p>Presidente Luis Abinader habl\u00f3 en el acto de apoyo al alcalde y candidato a la reelecci\u00f3n Miguel Antonio Savi\u00f1\u00f3n (El Gringo) Miguel Antonio Savi\u00f1\u00f3n (El Gringo) LA VICTORIA, Santo Domingo Norte: Dirigentes y simpatizantes del Partido Revolucionario Moderno (PRM) en este distrito municipal, recibieron con alegr\u00eda y multitudinariamente la tarde de este viernes al presidente [&hellip;]<\/p>\n","protected":false},"author":28,"featured_media":505465,"comment_status":"closed","ping_status":"","sticky":false,"template":"","format":"standard","meta":{"footnotes":""},"categories":[22],"tags":[],"class_list":["post-505464","post","type-post","status-publish","format-standard","has-post-thumbnail","hentry","category-politica"],"_links":{"self":[{"href":"https:\/\/diariodominicano.com\/index.php?rest_route=\/wp\/v2\/posts\/505464","targetHints":{"allow":["GET"]}}],"collection":[{"href":"https:\/\/diariodominicano.com\/index.php?rest_route=\/wp\/v2\/posts"}],"about":[{"href":"https:\/\/diariodominicano.com\/index.php?rest_route=\/wp\/v2\/types\/post"}],"author":[{"embeddable":true,"href":"https:\/\/diariodominicano.com\/index.php?rest_route=\/wp\/v2\/users\/28"}],"replies":[{"embeddable":true,"href":"https:\/\/diariodominicano.com\/index.php?rest_route=%2Fwp%2Fv2%2Fcomments&post=505464"}],"version-history":[{"count":5,"href":"https:\/\/diariodominicano.com\/index.php?rest_route=\/wp\/v2\/posts\/505464\/revisions"}],"predecessor-version":[{"id":505473,"href":"https:\/\/diariodominicano.com\/index.php?rest_route=\/wp\/v2\/posts\/505464\/revisions\/505473"}],"wp:featuredmedia":[{"embeddable":true,"href":"https:\/\/diariodominicano.com\/index.php?rest_route=\/wp\/v2\/media\/505465"}],"wp:attachment":[{"href":"https:\/\/diariodominicano.com\/index.php?rest_route=%2Fwp%2Fv2%2Fmedia&parent=505464"}],"wp:term":[{"taxonomy":"category","embeddable":true,"href":"https:\/\/diariodominicano.com\/index.php?rest_route=%2Fwp%2Fv2%2Fcategories&post=505464"},{"taxonomy":"post_tag","embeddable":true,"href":"https:\/\/diariodominicano.com\/index.php?rest_route=%2Fwp%2Fv2%2Ftags&post=505464"}],"curies":[{"name":"wp","href":"https:\/\/api.w.org\/{rel}","templated":true}]}}