{"id":505461,"date":"2024-02-03T22:55:53","date_gmt":"2024-02-04T02:55:53","guid":{"rendered":"https:\/\/diariodominicano.com\/?p=505461"},"modified":"2024-02-03T23:23:15","modified_gmt":"2024-02-04T03:23:15","slug":"crecimiento-economico-de-2-4-es-una-mala-nueva-dice-temistocles-montas","status":"publish","type":"post","link":"https:\/\/diariodominicano.com\/?p=505461","title":{"rendered":"Crecimiento econ\u00f3mico de 2.4 % es una Mala Nueva, dice Tem\u00edstocles Mont\u00e1s"},"content":{"rendered":"\n<p>Advirti\u00f3 \u00ab<em>Es preocupante el bajo nivel de crecimiento logrado el a\u00f1o pasado en Rep\u00fablica Dominicana<\/em>.<\/p>\n\n\n\n<p>T<strong>em\u00edstocles Mont\u00e1s,<\/strong>&nbsp;vicepresidente del Partido de la Liberaci\u00f3n Dominicana (PLD), consider\u00f3 preocupante el bajo nivel de crecimiento logrado el a\u00f1o pasado con respecto a la media de las \u00faltimas d\u00e9cadas.<\/p>\n\n\n\n<p>En su an\u00e1lisis semanal que publican los peri\u00f3dicos Hoy y Vanguardia del Pueblo, Mont\u00e1s, quien fuera ministro de Econom\u00eda en los gobiernos del PLD,&nbsp; considera que \u201cno es buena noticia; es mala nueva\u201d, el informe del&nbsp;&nbsp;&nbsp;Banco Central de la Rep\u00fablica Dominicana al presentar los resultados de la econom\u00eda en t\u00e9rmino del crecimiento econ\u00f3mico y la inflaci\u00f3n durante el a\u00f1o 2023.<\/p>\n\n\n\n<p>La econom\u00eda dominicana, seg\u00fan lo inform\u00f3 el Banco Central, cerr\u00f3 el 2023 con un crecimiento promedio de 2.4 %, por debajo del 3 % estimado por el equipo del gobierno.<\/p>\n\n\n\n<p>\u201cPara que se entienda por qu\u00e9 el crecimiento del a\u00f1o 2023 es preocupante, debe indicarse que, de mantenerse un comportamiento as\u00ed, duplicar el PIB dominicano tomar\u00eda 30 a\u00f1os; atenu\u00e1ndose la generaci\u00f3n de empleos, y con efectos directos en la reducci\u00f3n de la pobreza. Adem\u00e1s, con bajas tasas de crecimiento, el pa\u00eds dispondr\u00eda de menos recursos para invertir en educaci\u00f3n, salud, infraestructura y vivienda, impactando negativamente la calidad de vida de su poblaci\u00f3n\u201d, explica el economista y dirigente pol\u00edtico.<\/p>\n\n\n\n<p>Presenta el razonamiento que, con un crecimiento econ\u00f3mico reducido, los ingresos fiscales tender\u00edan a caer, achicando la capacidad del Estado de financiar programas sociales, infraestructura y otros proyectos que promueven el desarrollo a largo plazo.<\/p>\n\n\n\n<p>Argumenta Tem\u00edstocles Mont\u00e1s, que al abundar sobre las implicaciones de un reducido crecimiento econ\u00f3mico tiene como prop\u00f3sito llamar la atenci\u00f3n sobre sus implicaciones.<\/p>\n\n\n\n<p>Recuerda que Rep\u00fablica Dominicana en los \u00faltimos 32 a\u00f1os creci\u00f3 a una tasa promedio anual de 5.1%, lo que permiti\u00f3 que el pa\u00eds duplicara su PIB cada 14 a\u00f1os. Este comportamiento permiti\u00f3 una gran transformaci\u00f3n econ\u00f3mica, social y en infraestructura, ampliamente reconocida a nivel internacional.<\/p>\n\n\n\n<p><strong>SECRETARIA DE COMUNICACIONES<\/strong><\/p>\n\n\n\n<p><strong>3 FEBRERO 204<\/strong><\/p>\n","protected":false},"excerpt":{"rendered":"<p>Advirti\u00f3 \u00abEs preocupante el bajo nivel de crecimiento logrado el a\u00f1o pasado en Rep\u00fablica Dominicana. Tem\u00edstocles Mont\u00e1s,&nbsp;vicepresidente del Partido de la Liberaci\u00f3n Dominicana (PLD), consider\u00f3 preocupante el bajo nivel de crecimiento logrado el a\u00f1o pasado con respecto a la media de las \u00faltimas d\u00e9cadas. En su an\u00e1lisis semanal que publican los peri\u00f3dicos Hoy y Vanguardia [&hellip;]<\/p>\n","protected":false},"author":28,"featured_media":505462,"comment_status":"closed","ping_status":"","sticky":false,"template":"","format":"standard","meta":{"footnotes":""},"categories":[20,18,22],"tags":[],"class_list":["post-505461","post","type-post","status-publish","format-standard","has-post-thumbnail","hentry","category-dominicana-hoy","category-economia","category-politica"],"_links":{"self":[{"href":"https:\/\/diariodominicano.com\/index.php?rest_route=\/wp\/v2\/posts\/505461","targetHints":{"allow":["GET"]}}],"collection":[{"href":"https:\/\/diariodominicano.com\/index.php?rest_route=\/wp\/v2\/posts"}],"about":[{"href":"https:\/\/diariodominicano.com\/index.php?rest_route=\/wp\/v2\/types\/post"}],"author":[{"embeddable":true,"href":"https:\/\/diariodominicano.com\/index.php?rest_route=\/wp\/v2\/users\/28"}],"replies":[{"embeddable":true,"href":"https:\/\/diariodominicano.com\/index.php?rest_route=%2Fwp%2Fv2%2Fcomments&post=505461"}],"version-history":[{"count":1,"href":"https:\/\/diariodominicano.com\/index.php?rest_route=\/wp\/v2\/posts\/505461\/revisions"}],"predecessor-version":[{"id":505463,"href":"https:\/\/diariodominicano.com\/index.php?rest_route=\/wp\/v2\/posts\/505461\/revisions\/505463"}],"wp:featuredmedia":[{"embeddable":true,"href":"https:\/\/diariodominicano.com\/index.php?rest_route=\/wp\/v2\/media\/505462"}],"wp:attachment":[{"href":"https:\/\/diariodominicano.com\/index.php?rest_route=%2Fwp%2Fv2%2Fmedia&parent=505461"}],"wp:term":[{"taxonomy":"category","embeddable":true,"href":"https:\/\/diariodominicano.com\/index.php?rest_route=%2Fwp%2Fv2%2Fcategories&post=505461"},{"taxonomy":"post_tag","embeddable":true,"href":"https:\/\/diariodominicano.com\/index.php?rest_route=%2Fwp%2Fv2%2Ftags&post=505461"}],"curies":[{"name":"wp","href":"https:\/\/api.w.org\/{rel}","templated":true}]}}