{"id":505448,"date":"2024-02-03T22:37:35","date_gmt":"2024-02-04T02:37:35","guid":{"rendered":"https:\/\/diariodominicano.com\/?p=505448"},"modified":"2024-02-03T22:42:24","modified_gmt":"2024-02-04T02:42:24","slug":"manifestacion-de-apoyo-a-carolina-mejia-del-proyecto-nando-con-luis-24","status":"publish","type":"post","link":"https:\/\/diariodominicano.com\/?p=505448","title":{"rendered":"Manifestaci\u00f3n de Apoyo a Carolina Mej\u00eda del Proyecto Nando Con Lu\u00eds 24"},"content":{"rendered":"\n<p><strong>Santo Domingo<\/strong>, RD, \u2014 El Proyecto Nando Con Lu\u00eds 24 llev\u00f3 a cabo un \u00abGran Acto de Apoyo\u00bb en el Club La Agustina, respaldando con entusiasmo la candidatura de Carolina Mej\u00eda para la reelecci\u00f3n como alcaldesa del Distrito Nacional.<\/p>\n\n\n\n<figure class=\"wp-block-image size-large\"><img loading=\"lazy\" decoding=\"async\" width=\"1024\" height=\"677\" src=\"https:\/\/diariodominicano.com\/wp-content\/uploads\/2024\/02\/IMG-20240203-WA06041-1024x677.jpg\" alt=\"\" class=\"wp-image-505451\" srcset=\"https:\/\/diariodominicano.com\/wp-content\/uploads\/2024\/02\/IMG-20240203-WA06041-1024x677.jpg 1024w, https:\/\/diariodominicano.com\/wp-content\/uploads\/2024\/02\/IMG-20240203-WA06041-300x198.jpg 300w, https:\/\/diariodominicano.com\/wp-content\/uploads\/2024\/02\/IMG-20240203-WA06041-768x508.jpg 768w, https:\/\/diariodominicano.com\/wp-content\/uploads\/2024\/02\/IMG-20240203-WA06041-1536x1016.jpg 1536w, https:\/\/diariodominicano.com\/wp-content\/uploads\/2024\/02\/IMG-20240203-WA06041-2048x1355.jpg 2048w, https:\/\/diariodominicano.com\/wp-content\/uploads\/2024\/02\/IMG-20240203-WA06041-816x540.jpg 816w\" sizes=\"auto, (max-width: 1024px) 100vw, 1024px\" \/><\/figure>\n\n\n\n<p>Carolina Mej\u00eda expres\u00f3 su gratitud a Fernando Paniagua (Nando) y su equipo por el respaldo, destacando el sobresaliente trabajo a nivel nacional en apoyo al presidente Luis Abinader. Invit\u00f3 a todos los asistentes a levantarse temprano este 18 de febrero para garantizar una paliza en las urnas a toda la oposici\u00f3n.<\/p>\n\n\n\n<figure class=\"wp-block-image size-large\"><img loading=\"lazy\" decoding=\"async\" width=\"1024\" height=\"683\" src=\"https:\/\/diariodominicano.com\/wp-content\/uploads\/2024\/02\/IMG-20240203-WA0567-1024x683.jpg\" alt=\"\" class=\"wp-image-505453\" srcset=\"https:\/\/diariodominicano.com\/wp-content\/uploads\/2024\/02\/IMG-20240203-WA0567-1024x683.jpg 1024w, https:\/\/diariodominicano.com\/wp-content\/uploads\/2024\/02\/IMG-20240203-WA0567-300x200.jpg 300w, https:\/\/diariodominicano.com\/wp-content\/uploads\/2024\/02\/IMG-20240203-WA0567-768x512.jpg 768w, https:\/\/diariodominicano.com\/wp-content\/uploads\/2024\/02\/IMG-20240203-WA0567-1536x1024.jpg 1536w, https:\/\/diariodominicano.com\/wp-content\/uploads\/2024\/02\/IMG-20240203-WA0567-2048x1366.jpg 2048w, https:\/\/diariodominicano.com\/wp-content\/uploads\/2024\/02\/IMG-20240203-WA0567-816x544.jpg 816w\" sizes=\"auto, (max-width: 1024px) 100vw, 1024px\" \/><\/figure>\n\n\n\n<figure class=\"wp-block-image size-large\"><img loading=\"lazy\" decoding=\"async\" width=\"1024\" height=\"683\" src=\"https:\/\/diariodominicano.com\/wp-content\/uploads\/2024\/02\/IMG-20240203-WA05112-1024x683.jpg\" alt=\"\" class=\"wp-image-505455\" srcset=\"https:\/\/diariodominicano.com\/wp-content\/uploads\/2024\/02\/IMG-20240203-WA05112-1024x683.jpg 1024w, https:\/\/diariodominicano.com\/wp-content\/uploads\/2024\/02\/IMG-20240203-WA05112-300x200.jpg 300w, https:\/\/diariodominicano.com\/wp-content\/uploads\/2024\/02\/IMG-20240203-WA05112-768x512.jpg 768w, https:\/\/diariodominicano.com\/wp-content\/uploads\/2024\/02\/IMG-20240203-WA05112-1536x1024.jpg 1536w, https:\/\/diariodominicano.com\/wp-content\/uploads\/2024\/02\/IMG-20240203-WA05112-2048x1365.jpg 2048w, https:\/\/diariodominicano.com\/wp-content\/uploads\/2024\/02\/IMG-20240203-WA05112-816x544.jpg 816w\" sizes=\"auto, (max-width: 1024px) 100vw, 1024px\" \/><\/figure>\n\n\n\n<p>Fernando Paniagua (Nando), presidente del PNL24, elogi\u00f3 a Carolina Mej\u00eda como una l\u00edder respaldada por toda la capital, enfatizando su compromiso, autenticidad, humildad y calidad humana. Ratific\u00f3 el compromiso de apoyo del Proyecto Nando Con Lu\u00eds 24. Anunci\u00f3 que este 18 de febrero estar\u00e1n en las calles trabajando para garantizar la victoria de Carolina Mej\u00eda y en mayo con el presidente Luis Abinader.<\/p>\n\n\n\n<p>Alberto Atallah, coordinador general de campa\u00f1a de Carolina Mej\u00eda, destac\u00f3 la colaboraci\u00f3n de Nando, exhortando a todos los compa\u00f1eros presentes a acudir masivamente este 18 de febrero a las urnas para lograr una victoria contundente.<\/p>\n\n\n\n<p>Guillermo Moreno, candidato a Senador del Distrito Nacional, felicit\u00f3 al Proyecto Nando Con Lu\u00eds 24 por el ambiente de victoria y alegr\u00eda, pronosticando que Carolina Mej\u00eda le dar\u00e1 un \u00abNocaut\u00bb a la oposici\u00f3n.<\/p>\n\n\n\n<figure class=\"wp-block-image size-large\"><img loading=\"lazy\" decoding=\"async\" width=\"1024\" height=\"683\" src=\"https:\/\/diariodominicano.com\/wp-content\/uploads\/2024\/02\/IMG-20240203-WA05861-1024x683.jpg\" alt=\"\" class=\"wp-image-505456\" srcset=\"https:\/\/diariodominicano.com\/wp-content\/uploads\/2024\/02\/IMG-20240203-WA05861-1024x683.jpg 1024w, https:\/\/diariodominicano.com\/wp-content\/uploads\/2024\/02\/IMG-20240203-WA05861-300x200.jpg 300w, https:\/\/diariodominicano.com\/wp-content\/uploads\/2024\/02\/IMG-20240203-WA05861-768x512.jpg 768w, https:\/\/diariodominicano.com\/wp-content\/uploads\/2024\/02\/IMG-20240203-WA05861-1536x1024.jpg 1536w, https:\/\/diariodominicano.com\/wp-content\/uploads\/2024\/02\/IMG-20240203-WA05861-2048x1366.jpg 2048w, https:\/\/diariodominicano.com\/wp-content\/uploads\/2024\/02\/IMG-20240203-WA05861-816x544.jpg 816w\" sizes=\"auto, (max-width: 1024px) 100vw, 1024px\" \/><\/figure>\n\n\n\n<p>El \u00abScouting Report\u00bb de Carolina Mej\u00eda, preparado por el distinguido miembro del PNL24, Lic. Jorge Casado, fue uno de los momentos aclamados por todos los asistentes.<\/p>\n\n\n\n<p>La manifestaci\u00f3n congreg\u00f3 a cientos de personas en el Club La Agustina, demostrando un entusiasmo abrumador y apoyo ferviente hacia Carolina Mej\u00eda y el Proyecto Nando Con Lu\u00eds 24.&nbsp;<\/p>\n\n\n\n<figure class=\"wp-block-image size-large\"><img loading=\"lazy\" decoding=\"async\" width=\"1024\" height=\"683\" src=\"https:\/\/diariodominicano.com\/wp-content\/uploads\/2024\/02\/IMG-20240203-WA0602-1024x683.jpg\" alt=\"\" class=\"wp-image-505457\" srcset=\"https:\/\/diariodominicano.com\/wp-content\/uploads\/2024\/02\/IMG-20240203-WA0602-1024x683.jpg 1024w, https:\/\/diariodominicano.com\/wp-content\/uploads\/2024\/02\/IMG-20240203-WA0602-300x200.jpg 300w, https:\/\/diariodominicano.com\/wp-content\/uploads\/2024\/02\/IMG-20240203-WA0602-768x512.jpg 768w, https:\/\/diariodominicano.com\/wp-content\/uploads\/2024\/02\/IMG-20240203-WA0602-1536x1024.jpg 1536w, https:\/\/diariodominicano.com\/wp-content\/uploads\/2024\/02\/IMG-20240203-WA0602-2048x1366.jpg 2048w, https:\/\/diariodominicano.com\/wp-content\/uploads\/2024\/02\/IMG-20240203-WA0602-816x544.jpg 816w\" sizes=\"auto, (max-width: 1024px) 100vw, 1024px\" \/><\/figure>\n\n\n\n<p>La bendici\u00f3n del evento estuvo a cargo del Pastor Junior Mu\u00f1oz.<\/p>\n\n\n\n<p>El evento cont\u00f3 con la destacada presencia de l\u00edderes del Partido Revolucionario Moderno (PRM), como el Ing. Hip\u00f3lito Mej\u00eda, expresidente de la Rep\u00fablica Dominicana, Leonardo Fa\u00f1a, Manuel Mej\u00eda Naut, Alfredo Pacheco, presidente de la C\u00e1mara de Diputados, Guillermo Moreno, candidato a senador del Distrito Nacional, Hip\u00f3lito Beltre, adem\u00e1s de los candidatos a regidores de la circunscripci\u00f3n 2, entre otros altos dirigentes de la zona.<\/p>\n\n\n\n<p>Relaciones PublicasPNL24<\/p>\n\n\n\n<p><a target=\"_blank\" href=\"mailto:relacionespublicaspnl24@gmail.com\" rel=\"noreferrer noopener\">relacionespublicaspnl24@gmail.com<\/a><\/p>\n","protected":false},"excerpt":{"rendered":"<p>Santo Domingo, RD, \u2014 El Proyecto Nando Con Lu\u00eds 24 llev\u00f3 a cabo un \u00abGran Acto de Apoyo\u00bb en el Club La Agustina, respaldando con entusiasmo la candidatura de Carolina Mej\u00eda para la reelecci\u00f3n como alcaldesa del Distrito Nacional. Carolina Mej\u00eda expres\u00f3 su gratitud a Fernando Paniagua (Nando) y su equipo por el respaldo, destacando [&hellip;]<\/p>\n","protected":false},"author":28,"featured_media":505449,"comment_status":"closed","ping_status":"","sticky":true,"template":"","format":"standard","meta":{"footnotes":""},"categories":[20,22,27],"tags":[],"class_list":["post-505448","post","type-post","status-publish","format-standard","has-post-thumbnail","hentry","category-dominicana-hoy","category-politica","category-portada"],"_links":{"self":[{"href":"https:\/\/diariodominicano.com\/index.php?rest_route=\/wp\/v2\/posts\/505448","targetHints":{"allow":["GET"]}}],"collection":[{"href":"https:\/\/diariodominicano.com\/index.php?rest_route=\/wp\/v2\/posts"}],"about":[{"href":"https:\/\/diariodominicano.com\/index.php?rest_route=\/wp\/v2\/types\/post"}],"author":[{"embeddable":true,"href":"https:\/\/diariodominicano.com\/index.php?rest_route=\/wp\/v2\/users\/28"}],"replies":[{"embeddable":true,"href":"https:\/\/diariodominicano.com\/index.php?rest_route=%2Fwp%2Fv2%2Fcomments&post=505448"}],"version-history":[{"count":3,"href":"https:\/\/diariodominicano.com\/index.php?rest_route=\/wp\/v2\/posts\/505448\/revisions"}],"predecessor-version":[{"id":505458,"href":"https:\/\/diariodominicano.com\/index.php?rest_route=\/wp\/v2\/posts\/505448\/revisions\/505458"}],"wp:featuredmedia":[{"embeddable":true,"href":"https:\/\/diariodominicano.com\/index.php?rest_route=\/wp\/v2\/media\/505449"}],"wp:attachment":[{"href":"https:\/\/diariodominicano.com\/index.php?rest_route=%2Fwp%2Fv2%2Fmedia&parent=505448"}],"wp:term":[{"taxonomy":"category","embeddable":true,"href":"https:\/\/diariodominicano.com\/index.php?rest_route=%2Fwp%2Fv2%2Fcategories&post=505448"},{"taxonomy":"post_tag","embeddable":true,"href":"https:\/\/diariodominicano.com\/index.php?rest_route=%2Fwp%2Fv2%2Ftags&post=505448"}],"curies":[{"name":"wp","href":"https:\/\/api.w.org\/{rel}","templated":true}]}}