{"id":505408,"date":"2024-02-03T14:51:27","date_gmt":"2024-02-03T18:51:27","guid":{"rendered":"https:\/\/diariodominicano.com\/?p=505408"},"modified":"2024-02-03T14:51:27","modified_gmt":"2024-02-03T18:51:27","slug":"el-partido-democrata-celebra-sus-primarias-en-una-carolina-del-sur-tambien-crucial-para-los-republicanos","status":"publish","type":"post","link":"https:\/\/diariodominicano.com\/?p=505408","title":{"rendered":"El Partido Dem\u00f3crata celebra sus primarias en una Carolina del Sur tambi\u00e9n crucial para los republicanos"},"content":{"rendered":"\n<p>Las urnas ya abrieron este hist\u00f3rico s\u00e1bado, 3 de febrero de 2024, en Carolina del Sur, que inaugura por primera vez el periodo de primarias presidenciales dem\u00f3cratas en EEUU. Miles de personas ya han votado en las elecciones tempranas de este territorio.<\/p>\n\n\n\n<p>febrero 03, 2024<\/p>\n\n\n\n<ul class=\"wp-block-list\">\n<li><a href=\"https:\/\/www.vozdeamerica.com\/author\/yeny-garcia-y-salome-vargas\/ikotm\">Yeny Garc\u00eda y Salom\u00e9 Vargas<\/a><\/li>\n<\/ul>\n\n\n\n<hr class=\"wp-block-separator has-alpha-channel-opacity\"\/>\n\n\n\n<p>Compartir<\/p>\n\n\n\n<ul class=\"wp-block-list\">\n<li><a href=\"https:\/\/facebook.com\/sharer.php?u=https%3a%2f%2fwww.vozdeamerica.com%2fa%2fdemocratas-inician-primarias-presidenciales-elecciones-2024-en-carolina-del-sur%2f7465163.html\" target=\"_blank\" rel=\"noreferrer noopener\"><\/a><\/li>\n\n\n\n<li><a href=\"https:\/\/twitter.com\/share?url=https%3a%2f%2fwww.vozdeamerica.com%2fa%2fdemocratas-inician-primarias-presidenciales-elecciones-2024-en-carolina-del-sur%2f7465163.html&amp;text=El+Partido+Dem%c3%b3crata+celebra+sus+primarias+en+una+Carolina+del+Sur+tambi%c3%a9n+crucial+para+los+republicanos+\" target=\"_blank\" rel=\"noreferrer noopener\"><\/a><\/li>\n\n\n\n<li><\/li>\n\n\n\n<li><a href=\"mailto:?body=https%3a%2f%2fwww.vozdeamerica.com%2fa%2fdemocratas-inician-primarias-presidenciales-elecciones-2024-en-carolina-del-sur%2f7465163.html&amp;subject=El%20Partido%20Dem%C3%B3crata%20celebra%20sus%20primarias%20en%20una%20Carolina%20del%20Sur%20tambi%C3%A9n%20crucial%20para%20los%20republicanos\"><\/a><\/li>\n<\/ul>\n\n\n\n<p><a href=\"https:\/\/www.vozdeamerica.com\/a\/democratas-inician-primarias-presidenciales-elecciones-2024-en-carolina-del-sur\/7465163.html#comments\">&nbsp;Vea comentarios<\/a><\/p>\n\n\n\n<p>&nbsp;Print<\/p>\n\n\n\n<p>Este diverso estado sure\u00f1o fue escogido por los dem\u00f3cratas para iniciar oficialmente sus primarias presidenciales en lugar de los tradicionales estados de Iowa y Nuevo Hampshire. Carolina del Sur tambi\u00e9n ser\u00e1 clave para los precandidatos republicanos Donald Trump y Nikki Haley.<\/p>\n\n\n\n<p>COLUMBIA, EEUU \u2014&nbsp;<\/p>\n\n\n\n<p>Los dem\u00f3cratas rompieron una tradici\u00f3n de d\u00e9cadas este a\u00f1o electoral al dar inicio oficial el s\u00e1bado a su periodo de primarias presidenciales en Carolina del Sur, un estado que se caracteriza por su diversidad y que hace cuatro a\u00f1os ayud\u00f3 a catapultar la candidatura del ahora presidente de Estados Unidos, Joe Biden.<\/p>\n\n\n\n<p>\u00abLa verdad es que no estar\u00eda aqu\u00ed sin los votantes dem\u00f3cratas de Carolina del Sur, y eso es un hecho\u00bb, reconoci\u00f3 durante una reciente parada de campa\u00f1a el propio mandatario, que busca la reelecci\u00f3n en un periodo de elecciones donde es muy probable que se repita un cara a cara con su contrincante de 2020, el entonces presidente Donald Trump.<\/p>\n\n\n\n<p>Trump, favorito seg\u00fan&nbsp;<strong><em><a href=\"https:\/\/www.realclearpolling.com\/polls\/president\/republican-primary\/2024\/national\" target=\"_blank\" rel=\"noreferrer noopener\">las encuestas<\/a><\/em><\/strong>&nbsp;para llevarse la nominaci\u00f3n presidencial republicana, tambi\u00e9n buscar\u00e1 ganar en el territorio sure\u00f1o frente a la exgobernadora de Carolina del Sur, Nikki Haley, el pr\u00f3ximo 24 de febrero. Haley ha puesto todas las esperanzas en su estado natal tras las victorias de su exjefe en&nbsp;<strong><em><a href=\"https:\/\/www.vozdeamerica.com\/a\/caucuses-iowa-liderazgo-trump\/7442050.html\" target=\"_blank\" rel=\"noreferrer noopener\">Iowa<\/a><\/em><\/strong>&nbsp;y&nbsp;<strong><em><a href=\"https:\/\/www.vozdeamerica.com\/a\/trump-gana-primarias-nuevo-hampshire-revancha-con-biden-parece-cada-vez-mas-probable\/7454897.html\" target=\"_blank\" rel=\"noreferrer noopener\">Nuevo Hampshire<\/a><\/em><\/strong>.<\/p>\n\n\n\n<p><a href=\"https:\/\/www.vozdeamerica.com\/a\/que-sucederia-si-biden-o-trump-se-retiraran-de-las-elecciones-de-2024\/7449123.html\"><\/a><\/p>\n\n\n\n<p><a href=\"https:\/\/www.vozdeamerica.com\/a\/que-sucederia-si-biden-o-trump-se-retiraran-de-las-elecciones-de-2024\/7449123.html\">TAMBI\u00c9N LEA<\/a><\/p>\n\n\n\n<h4 class=\"wp-block-heading\"><a href=\"https:\/\/www.vozdeamerica.com\/a\/que-sucederia-si-biden-o-trump-se-retiraran-de-las-elecciones-de-2024\/7449123.html\">\u00bfQu\u00e9 suceder\u00eda si Biden o Trump se retiraran de las elecciones de 2024?<\/a><\/h4>\n\n\n\n<p>Las votaciones en Columbia, la capital estatal de Carolina del Sur, transcurr\u00edan con normalidad en la ma\u00f1ana del s\u00e1bado, seg\u00fan pudo constatar la<em><strong>&nbsp;Voz de Am\u00e9rica<\/strong><\/em>. Miles de personas ya acudieron a los colegios electorales antes del d\u00eda se\u00f1alado para las primarias, confirmaron a la&nbsp;<em><strong>VOA&nbsp;<\/strong><\/em>funcionarios de uno de los centros de registro, que adem\u00e1s funcion\u00f3 como sede para las votaciones tempranas.<\/p>\n\n\n\n<p>\u201cAunque los primeros d\u00edas fueron lentos, pudimos ver m\u00e1s asistencia en la \u00faltima semana\u201d, dijo un funcionario, que pidi\u00f3 no ser identificado. En Carolina del Sur se puede votar de manera presencial desde 14 d\u00edas antes de la fecha se\u00f1alada para los comicios.<\/p>\n\n\n\n<p>En horas de la ma\u00f1ana del s\u00e1bado, la afluencia todav\u00eda era escasa, sin embargo, a medida que avanz\u00f3 el d\u00eda se ve\u00eda m\u00e1s actividad en gimnasios, escuelas, centros culturales y comunitarios habilitados para la votaci\u00f3n.<\/p>\n\n\n\n<p>Unos 3,3 millones de surcarolinos est\u00e1n registrados para votar este s\u00e1bado, si bien las autoridades electorales aprobaron una nueva ley de votaci\u00f3n anticipada que permite ejercer el voto en persona hasta dos semanas antes del d\u00eda de las elecciones. Hasta el pasado lunes, ya hab\u00edan votado casi 24.000 personas.<\/p>\n\n\n\n<figure class=\"wp-block-image\"><img decoding=\"async\" src=\"https:\/\/gdb.voanews.com\/01000000-0aff-0242-d594-08dc144f5ed4_tv_w650_r1.jpg\" alt=\"VOA Te Explica | \u00bfEn qu\u00e9 se diferencian los caucus de las primarias en EEUU?\" title=\"VOA Te Explica | \u00bfEn qu\u00e9 se diferencian los caucus de las primarias en EEUU?\"\/><\/figure>\n\n\n\n<p><video poster=\"https:\/\/gdb.voanews.com\/01000000-0aff-0242-d594-08dc144f5ed4_tv_w650_r1.jpg\" src=\"blob:https:\/\/www.vozdeamerica.com\/b74a21cd-de12-484e-98f2-98e430a01cd0\"><\/video><\/p>\n\n\n\n<h5 class=\"wp-block-heading\"><a href=\"https:\/\/www.vozdeamerica.com\/a\/7438397.html\" target=\"_blank\" rel=\"noreferrer noopener\">VOA Te Explica | \u00bfEn qu\u00e9 se diferencian los caucus de las primarias en EEUU?<\/a><\/h5>\n\n\n\n<p>El c\u00f3digo se ha copiado en su portapapeles.<\/p>\n\n\n\n<hr class=\"wp-block-separator has-alpha-channel-opacity\"\/>\n\n\n\n<p>Ancho&nbsp;&nbsp;pxAltura&nbsp;&nbsp;px<\/p>\n\n\n\n<ul class=\"wp-block-list\">\n<li><a href=\"https:\/\/facebook.com\/sharer.php?u=https%3a%2f%2fwww.vozdeamerica.com%2fa%2f7438397.html\" target=\"_blank\" rel=\"noreferrer noopener\">Comparta en Facebook<\/a><\/li>\n\n\n\n<li><a href=\"https:\/\/twitter.com\/share?url=https%3a%2f%2fwww.vozdeamerica.com%2fa%2f7438397.html&amp;text=VOA+Te+Explica+%7c+%c2%bfEn+qu%c3%a9+se+diferencian+los+caucus+de+las+primarias+en+EEUU%3f\" target=\"_blank\" rel=\"noreferrer noopener\">Comparta en Twitter<\/a><\/li>\n<\/ul>\n\n\n\n<p>The URL has been copied to your clipboard<\/p>\n\n\n\n<ul class=\"wp-block-list\">\n<li>Auto<\/li>\n\n\n\n<li>240p<\/li>\n\n\n\n<li>360p<\/li>\n\n\n\n<li>480p<\/li>\n\n\n\n<li>720p<\/li>\n\n\n\n<li>1080p<\/li>\n<\/ul>\n\n\n\n<p>No media source currently available<\/p>\n\n\n\n<p>0:002:490:00<\/p>\n\n\n\n<ul class=\"wp-block-list\">\n<li><\/li>\n\n\n\n<li><\/li>\n\n\n\n<li><\/li>\n\n\n\n<li><\/li>\n\n\n\n<li><\/li>\n\n\n\n<li><\/li>\n<\/ul>\n\n\n\n<p><a href=\"https:\/\/www.vozdeamerica.com\/embed\/player\/Article\/7438397.html?type=video&amp;FullScreenMode=True\" target=\"_blank\" rel=\"noreferrer noopener\"><\/a><\/p>\n\n\n\n<p>&nbsp;Descargar&nbsp;<\/p>\n\n\n\n<h3 class=\"wp-block-heading\">Una \u00abrecompensa\u00bb para Carolina del Sur<\/h3>\n\n\n\n<p>Esta es la primera vez en medio siglo que los dem\u00f3cratas cambian el tradicional cronograma de primarias presidenciales en EEUU. El propio Biden fue el impulsor de este nuevo calendario, que favorece a una diversa Carolina del Sur, con mayor\u00eda de votantes sindicales y afroamericanos, frente a la conservadora Iowa y el rico estado de Nuevo Hampshire.<\/p>\n\n\n\n<p>\u00abEl presidente Biden quer\u00eda recompensar a Carolina del Sur, y en particular a los votantes afroamericanos por apoyarlo en 2020, y de paso, defender la forma en que Carolina del Sur es m\u00e1s representativa del Partido Dem\u00f3crata o la diversidad racial dentro del Partido Dem\u00f3crata, que Nuevo Hampshire\u00bb, dijo a la&nbsp;<strong><em>Voz de Am\u00e9rica<\/em><\/strong>&nbsp;el profesor asociado de Ciencias Pol\u00edticas y Estudios Afroamericanos de la Universidad de Carolina del Sur, Todd Shaw.<\/p>\n\n\n\n<p>Shaw insisti\u00f3 en que se debe \u00abtener en cuenta que Carolina del Sur no solo brind\u00f3 un impulso a Biden en 2020, sino que tambi\u00e9n hizo lo mismo con Barack Obama en 2008, y Joe Biden fue el vicepresidente de Barack Obama\u00bb.<\/p>\n\n\n\n<blockquote class=\"wp-block-quote is-layout-flow wp-block-quote-is-layout-flow\">\n<p>El presidente Biden quer\u00eda recompensar a Carolina del Sur, y en particular a los votantes afroamericanos por apoyarlo en 2020&#8243;<\/p>\n\n\n\n<p>Todd Shaw, Universidad de Carolina del Sur<\/p>\n<\/blockquote>\n\n\n\n<p>El voto afroamericano fue clave para la victoria de Biden durante las primarias de 2020 en ese territorio. Seg\u00fan una encuesta de&nbsp;<em>Associated Press<\/em>, el 64 % de votantes de ese sector apoy\u00f3 al entonces aspirante a la Casa Blanca. El arrollador triunfo del presidente dem\u00f3crata en ese estado revivi\u00f3 su campa\u00f1a y le dio una ventaja frente a Bernie Sanders y Pete Butitieg. Ambos hab\u00edan derrotado al exvicepresidente en los definitorios Iowa y Nuevo Hampshire.<\/p>\n\n\n\n<p>Hasta ahora, los&nbsp;<em>caucus<\/em>&nbsp;o asambleas partidistas de Iowa y las \u00abprimarias inaugurales de la naci\u00f3n\u00bb en Nuevo Hampshire&nbsp;<a href=\"https:\/\/www.vozdeamerica.com\/a\/iowa-nuevo-hampshire-son-una-prioridad-para-los-aspirantes-a-la-nominacion-presidencial-eeuu-\/7427071.html\" target=\"_blank\" rel=\"noreferrer noopener\"><strong><em>iniciaban el periodo de primarias cada cuatro a\u00f1os<\/em><\/strong>&nbsp;<\/a>y establec\u00edan gu\u00edas para toda la temporada de primarias. As\u00ed sucedi\u00f3 este enero para los republicanos, que continuaron con la costumbre, amparada por leyes en ambos estados.<\/p>\n\n\n\n<p>Los dem\u00f3cratas, con Biden a la cabeza, decidieron cambiar el orden establecido y darle a Carolina del Sur un papel relevante en este periodo previo a las elecciones de noviembre. A pesar de eso, las filiales del Partido Dem\u00f3crata en Iowa y Nuevo Hampshire desafiaron al Comit\u00e9 Nacional de la formaci\u00f3n y organizaron votaciones para mantener su estatus inaugural. Estos comicios no fueron reconocidos.<\/p>\n\n\n\n<p>En Iowa se vot\u00f3 por correo y los resultados no se dar\u00e1n a conocer hasta dentro de semanas, mientras que Nuevo Hampshire realiz\u00f3 un balotaje no oficial, en el que no figuraba Biden. El presidente gan\u00f3, no obstante, debido a una campa\u00f1a para a\u00f1adir su nombre a mano en las boletas.<\/p>\n\n\n\n<p>\u00abTambi\u00e9n se podr\u00eda decir que Biden, preocupado por el menguante apoyo de los votantes afroamericanos a su campa\u00f1a, tambi\u00e9n quer\u00eda hacer un llamamiento fuerte a un estado (como Carolina del Sur) con un mayor n\u00famero de votantes afroamericanos para decir, ya sabes: &#8216;Estoy de tu lado, estoy contigo, por favor ap\u00f3yame&#8217;. Por eso creo que fue una recompensa, pero tambi\u00e9n una esperanza de ofrecer una nueva plataforma de lanzamiento para su campa\u00f1a\u00bb, destac\u00f3 Shaw.<\/p>\n\n\n\n<figure class=\"wp-block-image\"><img decoding=\"async\" src=\"https:\/\/gdb.voanews.com\/01000000-0a00-0242-dc31-08dc24c7cf21_tv_w650_r1.jpg\" alt=\"Todd Shaw, profesor de Ciencias Pol\u00edticas en la Universidad de Carolina del Sur\n\" title=\"Todd Shaw, profesor de Ciencias Pol\u00edticas en la Universidad de Carolina del Sur\n\"\/><\/figure>\n\n\n\n<p><video poster=\"https:\/\/gdb.voanews.com\/01000000-0a00-0242-dc31-08dc24c7cf21_tv_w650_r1.jpg\" src=\"blob:https:\/\/www.vozdeamerica.com\/5cb3877d-5295-4a8b-858a-b9adff2e7254\"><\/video><\/p>\n\n\n\n<h5 class=\"wp-block-heading\"><a href=\"https:\/\/www.vozdeamerica.com\/a\/7469559.html\" target=\"_blank\" rel=\"noreferrer noopener\">Todd Shaw, profesor de Ciencias Pol\u00edticas en la Universidad de Carolina del Sur<\/a><\/h5>\n\n\n\n<p>El c\u00f3digo se ha copiado en su portapapeles.<\/p>\n\n\n\n<hr class=\"wp-block-separator has-alpha-channel-opacity\"\/>\n\n\n\n<p>Ancho&nbsp;&nbsp;pxAltura&nbsp;&nbsp;px<\/p>\n\n\n\n<ul class=\"wp-block-list\">\n<li><a href=\"https:\/\/facebook.com\/sharer.php?u=https%3a%2f%2fwww.vozdeamerica.com%2fa%2f7469559.html\" target=\"_blank\" rel=\"noreferrer noopener\">Comparta en Facebook<\/a><\/li>\n\n\n\n<li><a href=\"https:\/\/twitter.com\/share?url=https%3a%2f%2fwww.vozdeamerica.com%2fa%2f7469559.html&amp;text=Todd+Shaw%2c+profesor+de+Ciencias+Pol%c3%adticas+en+la+Universidad+de+Carolina+del+Sur%0a\" target=\"_blank\" rel=\"noreferrer noopener\">Comparta en Twitter<\/a><\/li>\n<\/ul>\n\n\n\n<p>The URL has been copied to your clipboard<\/p>\n\n\n\n<ul class=\"wp-block-list\">\n<li>Auto<\/li>\n\n\n\n<li>240p<\/li>\n\n\n\n<li>360p<\/li>\n\n\n\n<li>480p<\/li>\n\n\n\n<li>720p<\/li>\n\n\n\n<li>1080p<\/li>\n<\/ul>\n\n\n\n<p>No media source currently available<\/p>\n\n\n\n<p>0:002:480:00<\/p>\n\n\n\n<ul class=\"wp-block-list\">\n<li><\/li>\n\n\n\n<li><\/li>\n\n\n\n<li><\/li>\n\n\n\n<li><\/li>\n\n\n\n<li><\/li>\n\n\n\n<li><\/li>\n<\/ul>\n\n\n\n<p><a href=\"https:\/\/www.vozdeamerica.com\/embed\/player\/Article\/7469559.html?type=video&amp;FullScreenMode=True\" target=\"_blank\" rel=\"noreferrer noopener\"><\/a><\/p>\n\n\n\n<p>&nbsp;Descargar&nbsp;<\/p>\n\n\n\n<h3 class=\"wp-block-heading\">Inicio de una carrera dem\u00f3crata con escollos<\/h3>\n\n\n\n<p>En Carolina del Sur los votos s\u00ed contar\u00e1n. Biden compite con el congresista por Minnesota Dean Phillips y con la autora de libros de autoayuda Marianne Phillips. Como incumbente, el mandatario se postula con todas las probabilidades de ser escogido como candidato presidencial durante la Convenci\u00f3n Nacional Dem\u00f3crata el pr\u00f3ximo verano.<\/p>\n\n\n\n<p>El estado sure\u00f1o celebra primarias abiertas, lo que quiere decir que cualquier votante registrado puede participar en las votaciones de cualquier partido, aunque quienes lo hagan este s\u00e1bado, no podr\u00e1n volver a las urnas el pr\u00f3ximo 24 de febrero durante los comicios republicanos.<\/p>\n\n\n\n<p>Estas votaciones tambi\u00e9n inician la asignaci\u00f3n nacional de unos 2.000 delegados partidistas dem\u00f3cratas, un complejo sistema que EEUU utiliza para confirmar la elecci\u00f3n de sus nominados presidenciales. Carolina del Sur acumula 55 delegados dem\u00f3cratas en total.<\/p>\n\n\n\n<p><a href=\"https:\/\/www.vozdeamerica.com\/a\/elecciones-estados-unidos-2024-en-ruta-electoral-\/7467980.html\"><\/a><\/p>\n\n\n\n<p><a href=\"https:\/\/www.vozdeamerica.com\/a\/elecciones-estados-unidos-2024-en-ruta-electoral-\/7467980.html\">TAMBI\u00c9N LEA<\/a><\/p>\n\n\n\n<h4 class=\"wp-block-heading\"><a href=\"https:\/\/www.vozdeamerica.com\/a\/elecciones-estados-unidos-2024-en-ruta-electoral-\/7467980.html\">En ruta electoral<\/a><\/h4>\n\n\n\n<p>La participaci\u00f3n en las primarias dem\u00f3cratas de 2020 fue de aproximadamente el 16 % de los votantes registrados. En 2016, la asistencia fue de alrededor del 13 %.<\/p>\n\n\n\n<p>Los colegios abrieron desde hace dos semanas para quienes quisieran votar presencial de manera adelantada, seg\u00fan la nueva ley. Este s\u00e1bado cerrar\u00e1n a las 7:00 pm hora local, dando por terminados las comicios.<\/p>\n\n\n\n<p>Aunque est\u00e9 casi asegurada su victoria como incumbente, porque \u00ablos presidentes en ejercicio rara vez enfrentan desaf\u00edos en las primarias\u00bb, seg\u00fan el polit\u00f3logo y profesor de la Universidad de Carolina del Sur, Chase Meyer, ha habido casos en mandatarios que buscan la reelecci\u00f3n \u00abenfrentan un desaf\u00edo importante en las primarias. Y cuando eso sucede, suele ser una mala se\u00f1al de cara a las elecciones de noviembre, ya que demuestra que su partido no est\u00e1 unido a sus espaldas\u00bb.<\/p>\n\n\n\n<p>\u00abNo hay mejor manera de predecir si un partido perder\u00e1 las elecciones de noviembre que observar si este est\u00e1 unido o dividido. Entonces, si eres Joe Biden, quieres mantener unido a tu partido, lo que significa que quieres deshacerte de Dean Phillips y Marianne Williamson lo m\u00e1s r\u00e1pido posible para unir las facciones de tu partido\u00bb, advirti\u00f3 a la&nbsp;<strong><em>VOA<\/em><\/strong>&nbsp;el experto en Pol\u00edtica estadounidense, quien pronostic\u00f3 que es muy probable que los rivales de Biden \u00abse retiren pronto\u00bb.<\/p>\n\n\n\n<figure class=\"wp-block-image\"><img decoding=\"async\" src=\"https:\/\/gdb.voanews.com\/01000000-0a00-0242-eb4e-08dc24c8d295_tv_w650_r1.jpg\" alt=\"Chase Meyer, polit\u00f3logo y profesor de la Universidad de Carolina del Sur\n\" title=\"Chase Meyer, polit\u00f3logo y profesor de la Universidad de Carolina del Sur\n\"\/><\/figure>\n\n\n\n<p><video poster=\"https:\/\/gdb.voanews.com\/01000000-0a00-0242-eb4e-08dc24c8d295_tv_w650_r1.jpg\" src=\"blob:https:\/\/www.vozdeamerica.com\/131d0856-87c2-4ec4-b212-8ddfb221cf97\"><\/video><\/p>\n\n\n\n<h5 class=\"wp-block-heading\"><a href=\"https:\/\/www.vozdeamerica.com\/a\/7469563.html\" target=\"_blank\" rel=\"noreferrer noopener\">Chase Meyer, polit\u00f3logo y profesor de la Universidad de Carolina del Sur<\/a><\/h5>\n\n\n\n<p>El c\u00f3digo se ha copiado en su portapapeles.<\/p>\n\n\n\n<hr class=\"wp-block-separator has-alpha-channel-opacity\"\/>\n\n\n\n<p>Ancho&nbsp;&nbsp;pxAltura&nbsp;&nbsp;px<\/p>\n\n\n\n<ul class=\"wp-block-list\">\n<li><a href=\"https:\/\/facebook.com\/sharer.php?u=https%3a%2f%2fwww.vozdeamerica.com%2fa%2f7469563.html\" target=\"_blank\" rel=\"noreferrer noopener\">Comparta en Facebook<\/a><\/li>\n\n\n\n<li><a href=\"https:\/\/twitter.com\/share?url=https%3a%2f%2fwww.vozdeamerica.com%2fa%2f7469563.html&amp;text=Chase+Meyer%2c+polit%c3%b3logo+y+profesor+de+la+Universidad+de+Carolina+del+Sur%0a\" target=\"_blank\" rel=\"noreferrer noopener\">Comparta en Twitter<\/a><\/li>\n<\/ul>\n\n\n\n<p>The URL has been copied to your clipboard<\/p>\n\n\n\n<ul class=\"wp-block-list\">\n<li>Auto<\/li>\n\n\n\n<li>240p<\/li>\n\n\n\n<li>360p<\/li>\n\n\n\n<li>480p<\/li>\n\n\n\n<li>720p<\/li>\n\n\n\n<li>1080p<\/li>\n<\/ul>\n\n\n\n<p>No media source currently available<\/p>\n\n\n\n<p>0:001:060:00<\/p>\n\n\n\n<ul class=\"wp-block-list\">\n<li><\/li>\n\n\n\n<li><\/li>\n\n\n\n<li><\/li>\n\n\n\n<li><\/li>\n\n\n\n<li><\/li>\n\n\n\n<li><\/li>\n<\/ul>\n\n\n\n<p><a href=\"https:\/\/www.vozdeamerica.com\/embed\/player\/Article\/7469563.html?type=video&amp;FullScreenMode=True\" target=\"_blank\" rel=\"noreferrer noopener\"><\/a><\/p>\n\n\n\n<p>&nbsp;Descargar&nbsp;<\/p>\n\n\n\n<p>A pesar de contar con la mayor\u00eda de los apoyos y una carrera casi segura hacia la nominaci\u00f3n, la campa\u00f1a presidencial de Biden no est\u00e1 exenta de escollos en Carolina del Sur. La econom\u00eda, sobre todo los altos precios de los alimentos y la vivienda, est\u00e1n entre las preocupaciones del sector afroamericano en Carolina del Sur, agreg\u00f3 Todd Shaw.<\/p>\n\n\n\n<p>\u00abHay otras cuestiones que preocupan a los votantes afroamericanos. Y esos son, sin duda, los problemas relacionados con la reforma policial y de justicia penal (&#8230;) Los votantes afroamericanos m\u00e1s j\u00f3venes podr\u00edan estar preocupados por el hecho de que la administraci\u00f3n Biden no haya podido hacer tanto como esperaba con respecto a la deuda estudiantil\u00bb, precis\u00f3 adem\u00e1s el analista.<\/p>\n\n\n\n<h3 class=\"wp-block-heading\">Batalla feroz por el voto republicano<\/h3>\n\n\n\n<p>Despu\u00e9s de quedar segunda en Nuevo Hampshire y tercera en Iowa -por detr\u00e1s de Trump y el gobernador de la Florida, Ron DeSantis,&nbsp;<em><strong><a href=\"https:\/\/www.vozdeamerica.com\/a\/ron-desantis-pone-fin-a-su-carrera-a-la-casa-blanca-en-2024-\/7449943.html\" target=\"_blank\" rel=\"noreferrer noopener\">ahora retirado de la carrera<\/a><\/strong><\/em>-, la exembajadora de EEUU ante la ONU Nikki Haley tiene mucho en juego en su estado natal.<\/p>\n\n\n\n<p>\u00abEsta carrera est\u00e1 lejos de terminar\u00bb, dijo Haley tras ser anunciados los resultados que le dieron la victoria a su antiguo jefe. \u00abQuedan docenas de estados por recorrer, y el siguiente es mi dulce estado de Carolina del Sur\u00bb, asegur\u00f3 la exgobernadora de este territorio.<\/p>\n\n\n\n<p>Aunque cuenta con considerables apoyos financieros y la simpat\u00eda de sus compatriotas, analistas ven poco probable que Haley resulte ganadora este febrero en el estado sure\u00f1o.<\/p>\n\n\n\n<p>\u00abEs muy dif\u00edcil ver c\u00f3mo la embajadora Haley podr\u00eda vencer a Trump\u00bb, afirm\u00f3 a la&nbsp;<em><strong>VOA<\/strong>&nbsp;<\/em>el polit\u00f3logo y profesor de la George Washington University (GWU), Peter Loge, poco despu\u00e9s de las votaciones en Nuevo Hampshire. Loge apunt\u00f3 que el expresidente mantiene un f\u00e9rreo control sobre los votantes de su partido, por lo que a la exembajadora le ser\u00e1 complicado dominar en ese campo.<\/p>\n\n\n\n<h5 class=\"wp-block-heading\"><a href=\"https:\/\/www.vozdeamerica.com\/a\/7468003.html\" target=\"_blank\" rel=\"noreferrer noopener\">Una encuesta se\u00f1ala que la popularidad del presidente Biden contin\u00faa en descenso<\/a><\/h5>\n\n\n\n<p><small>Por&nbsp;<a href=\"https:\/\/www.vozdeamerica.com\/\" target=\"_blank\" rel=\"noreferrer noopener\">Voz de Am\u00e9rica<\/a><\/small><\/p>\n\n\n\n<p>El c\u00f3digo se ha copiado en su portapapeles.<\/p>\n\n\n\n<p>The URL has been copied to your clipboard<\/p>\n\n\n\n<ul class=\"wp-block-list\">\n<li><a href=\"https:\/\/facebook.com\/sharer.php?u=https%3a%2f%2fwww.vozdeamerica.com%2fa%2f7468003.html\" target=\"_blank\" rel=\"noreferrer noopener\">Comparta en Facebook<\/a><\/li>\n\n\n\n<li><a href=\"https:\/\/twitter.com\/share?url=https%3a%2f%2fwww.vozdeamerica.com%2fa%2f7468003.html&amp;text=Una+encuesta+se%c3%b1ala+que+la+popularidad+del+presidente+Biden+contin%c3%baa+en+descenso%0a\" target=\"_blank\" rel=\"noreferrer noopener\">Comparta en Twitter<\/a><\/li>\n<\/ul>\n\n\n\n<p>No media source currently available<\/p>\n\n\n\n<p>0:002:170:00<\/p>\n\n\n\n<p>&nbsp;Descargar&nbsp;&nbsp;Pop-out player<\/p>\n\n\n\n<p>La precandidata \u00abes popular en Carolina del Sur, pero no tanto como Trump. Adem\u00e1s, muchos pol\u00edticos de alto perfil de Carolina del Sur han respaldado a Trump, lo que dificulta a\u00fan m\u00e1s la tarea\u00bb, dijo a la&nbsp;<strong><em>VOA<\/em><\/strong>&nbsp;el director del programa de Gesti\u00f3n Pol\u00edtica de la GWU, Todd Belt, en referencia a apoyos como el del senador por Carolina del Sur, Tim Scott, exaspirante republicano a la Casa Blanca.<\/p>\n\n\n\n<p>Sin embargo, otros expertos mencionan el apoyo que votantes independientes han ofrecido a Haley y los&nbsp;<strong><em><a href=\"https:\/\/www.vozdeamerica.com\/a\/trump-resiliente-desafios-legales-\/7442804.html\" target=\"_blank\" rel=\"noreferrer noopener\">91 cargos federales que enfrenta Trump<\/a><\/em><\/strong>, acusado de interferencia en las elecciones presidenciales de 2020, junto a otros procesos estatales.<\/p>\n\n\n\n<p>\u00abSiempre existe la posibilidad de que los problemas legales y la incoherencia de Trump empeoren. (&#8230;) Si Haley tiene un n\u00famero significativo de delegados y contin\u00faa atrayendo a los moderados, podr\u00eda influir en el resultado\u00bb, insisti\u00f3 a la&nbsp;<em><strong>VOA<\/strong><\/em>&nbsp;la profesora em\u00e9rita de Gobernanza en el Dartmouth College, Linda Fowler.<\/p>\n","protected":false},"excerpt":{"rendered":"<p>Las urnas ya abrieron este hist\u00f3rico s\u00e1bado, 3 de febrero de 2024, en Carolina del Sur, que inaugura por primera vez el periodo de primarias presidenciales dem\u00f3cratas en EEUU. Miles de personas ya han votado en las elecciones tempranas de este territorio. febrero 03, 2024 Compartir &nbsp;Vea comentarios &nbsp;Print Este diverso estado sure\u00f1o fue escogido [&hellip;]<\/p>\n","protected":false},"author":28,"featured_media":505409,"comment_status":"closed","ping_status":"","sticky":true,"template":"","format":"standard","meta":{"footnotes":""},"categories":[22,27],"tags":[],"class_list":["post-505408","post","type-post","status-publish","format-standard","has-post-thumbnail","hentry","category-politica","category-portada"],"_links":{"self":[{"href":"https:\/\/diariodominicano.com\/index.php?rest_route=\/wp\/v2\/posts\/505408","targetHints":{"allow":["GET"]}}],"collection":[{"href":"https:\/\/diariodominicano.com\/index.php?rest_route=\/wp\/v2\/posts"}],"about":[{"href":"https:\/\/diariodominicano.com\/index.php?rest_route=\/wp\/v2\/types\/post"}],"author":[{"embeddable":true,"href":"https:\/\/diariodominicano.com\/index.php?rest_route=\/wp\/v2\/users\/28"}],"replies":[{"embeddable":true,"href":"https:\/\/diariodominicano.com\/index.php?rest_route=%2Fwp%2Fv2%2Fcomments&post=505408"}],"version-history":[{"count":1,"href":"https:\/\/diariodominicano.com\/index.php?rest_route=\/wp\/v2\/posts\/505408\/revisions"}],"predecessor-version":[{"id":505410,"href":"https:\/\/diariodominicano.com\/index.php?rest_route=\/wp\/v2\/posts\/505408\/revisions\/505410"}],"wp:featuredmedia":[{"embeddable":true,"href":"https:\/\/diariodominicano.com\/index.php?rest_route=\/wp\/v2\/media\/505409"}],"wp:attachment":[{"href":"https:\/\/diariodominicano.com\/index.php?rest_route=%2Fwp%2Fv2%2Fmedia&parent=505408"}],"wp:term":[{"taxonomy":"category","embeddable":true,"href":"https:\/\/diariodominicano.com\/index.php?rest_route=%2Fwp%2Fv2%2Fcategories&post=505408"},{"taxonomy":"post_tag","embeddable":true,"href":"https:\/\/diariodominicano.com\/index.php?rest_route=%2Fwp%2Fv2%2Ftags&post=505408"}],"curies":[{"name":"wp","href":"https:\/\/api.w.org\/{rel}","templated":true}]}}