{"id":50540,"date":"2020-08-19T02:17:17","date_gmt":"2020-08-19T02:17:17","guid":{"rendered":"http:\/\/diariodominicano.ddns.net\/?p=50540"},"modified":"2020-08-19T02:17:17","modified_gmt":"2020-08-19T02:17:17","slug":"dominicanos-y-espanoles-se-enfrentan-en-el-rio-macabon","status":"publish","type":"post","link":"https:\/\/diariodominicano.com\/?p=50540","title":{"rendered":"Dominicanos y espa\u00f1oles se enfrentan en el r\u00edo Macab\u00f3n"},"content":{"rendered":"<p><body><\/p>\n<p><img decoding=\"async\" src=\"img3\/benito00.jpg\" \/>  <\/p>\n<p><strong>Diariodominicano.com<\/strong><\/p>\n<p><strong>En la Guerra de la Restauraci\u00f3n:<\/strong><\/p>\n<p>Dominicanos y espa\u00f1oles se enfrentan en el r\u00edo Macab\u00f3n<\/p>\n<\/p>\n<p><strong>GUAYUBIN, el  19 de agosto de 1863,<\/strong> en la Guerra de la Restauraci\u00f3n, la fuerza restauradora que comandaba el general Benito Monci\u00f3n, tirote\u00f3 a la caballer\u00eda del Gobernador de Santiago, General Manuel Buceta, que se encontraba en Las Pastillas, en la marcha hacia Guayub\u00edn.<\/p>\n<\/p>\n<p>   Un  precisa que los militares espa\u00f1oles contestaron el tiroteo, pero no hubo combate.<\/p>\n<\/p>\n<p>    El  mismo d\u00eda 19 de agosto de 1863, la fuerza militar del  general Polanco al escuchar los disparos,  persigui\u00f3 a la caballer\u00eda espa\u00f1ola y se enfrentaron en el r\u00edo Macab\u00f3n.<\/p>\n<\/p>\n<p>   En esa circunstancia, las tropas del general  Benito Monci\u00f3n atacaron de sorpresa, lo que oblig\u00f3 a replegarse a la tropa del  brigadier  Manuel Buceta, que sigui\u00f3 la marcha hacia Guayubin.<\/p>\n<\/p>\n<p>   Un informe militar precisa que el Brigadier Manuel Buceta dej\u00f3 en el campo de batalla gran parte de su columna, como consecuencia de las heridas arteras del machete dominicano.  <\/p>\n<\/p>\n<p>   El d\u00eda anterior, el 18 de agosto de 1863, el Capit\u00e1n S\u00e1nchez con 10 jinetes, emboscaron al brigadier Manuel Buceta, en la Carbonera.<\/p>\n<\/p>\n<p>      A su vez,  Juan Antonio Polanco y sus hombres tomaron por asalto a Guayub\u00edn. Y Federico de Jes\u00fas Garc\u00eda, al mando de sus fuerzas, ocup\u00f3 a Montecristi.<\/p>\n<\/p>\n<p>   El mismo d\u00eda 18 de agosto de 1863, Santiago Rodr\u00edguez dirigi\u00f3 sus fuerzas hacia las comunidades de Sabaneta. <\/p>\n<\/p>\n<p>    Benito Monci\u00f3n se dirigi\u00f3 con sus tropas a Las Pastillas, en Dajab\u00f3n.<\/p>\n<\/p>\n<p>     El  17 de agosto de 1863,  tropas dominicanas comandadas por los generales Benito Monci\u00f3n, Jos\u00e9 Cabrera y Pedro Antonio Pimentel, iniciaron los ataques contra las guarniciones y patrullas espa\u00f1olas, que comandaba el brigadier  Manuel Buceta.<\/p>\n<\/p>\n<p>   El mismo d\u00eda 17 de agosto, las fuerzas del general Pedro Antonio Pimentel destrozaron en el r\u00edo Macab\u00f3n, una columna espa\u00f1ola que se dirig\u00eda de Dajab\u00f3n al municipio de Guayub\u00edn.<\/p>\n<\/p>\n<p>    El brigadier Manuel Buceta era el Gobernador de Santiago. Cuando se produjo el \u00abGrito de Capotillo\u00bb, el 16 de agosto de 1863, se encontraba en  un recorrido por la l\u00ednea Noroeste y la Frontera, con el prop\u00f3sito de comprobar cu\u00e1l era la situaci\u00f3n en la zona.<\/p>\n<\/p>\n<p>    La Guerra de la Restauraci\u00f3n comenz\u00f3 el d\u00eda  16 de Agosto de 1863, y termin\u00f3 con el rescate de la soberan\u00eda de la Rep\u00fablica Dominicana.<\/p>\n<\/p>\n<p>      La anexi\u00f3n de Rep\u00fablica Dominicana a Espa\u00f1a fue proclamada por el Presidente Pedro Santana, en un acto celebrado en la plaza de la Catedral de Santo Domingo, el d\u00eda 18 de marzo de 1861.  <\/p>\n<\/p>\n<p>     A pesar de que los dominicanos proclamaron la Restauraci\u00f3n de la Rep\u00fablica el d\u00eda 16 de agosto de 1863,  los espa\u00f1oles se resist\u00edan a salir del pa\u00eds y se acantonaron  en varios puntos del pa\u00eds.<\/p>\n<\/p>\n<p>     En un proceso de negociaciones se lleg\u00f3  al acuerdo que produjo la salida de los remanentes del Ej\u00e9rcito Espa\u00f1ol a partir del d\u00eda 10 de julio de 1865, con lo que termin\u00f3 de manera definitiva la Guerra de la Restauraci\u00f3n.<\/p>\n<\/p>\n<h6> 2020-08-19 02:17:17 <\/h6>\n<p><!--\n<link rel=\"stylesheet\" href=\"css\/bootstrap.min.css\">\n\n\n<ul class=\"pagination\">\n\t    \n\t\n\n<li >\n\t<a href='?page_no=306'>Previous<\/a>\n\t<\/li>\n\n\n       \n    \n\n<li><a href='?page_no=1'>1<\/a><\/li>\n\n\n\n<li><a href='?page_no=2'>2<\/a><\/li>\n\n\n\n<li><a>...<\/a><\/li>\n\n\n\n<li><a href='?page_no=305'>305<\/a><\/li>\n\n\n\n<li><a href='?page_no=306'>306<\/a><\/li>\n\n\n\n<li class='active'><a>307<\/a><\/li>\n\n\n\n<li><a href='?page_no=308'>308<\/a><\/li>\n\n\n\n<li><a href='?page_no=309'>309<\/a><\/li>\n\n\n\n<li><a>...<\/a><\/li>\n\n\n\n<li><a href='?page_no=22911'>22911<\/a><\/li>\n\n\n\n<li><a href='?page_no=22912'>22912<\/a><\/li>\n\n    \n\t\n\n<li >\n\t<a href='?page_no=308'>Next<\/a>\n\t<\/li>\n\n\n    \n\n<li><a href='?page_no=22912'>Last &rsaquo;&rsaquo;<\/a><\/li>\n\n<\/ul>\n\n\n--><br \/>\n<\/body><\/p>\n","protected":false},"excerpt":{"rendered":"<p>Diariodominicano.com En la Guerra de la Restauraci\u00f3n: Dominicanos y espa\u00f1oles se enfrentan en el r\u00edo Macab\u00f3n GUAYUBIN, el 19 de agosto de 1863, en la Guerra de la Restauraci\u00f3n, la fuerza restauradora que comandaba el general Benito Monci\u00f3n, tirote\u00f3 a la caballer\u00eda del Gobernador de Santiago, General Manuel Buceta, que se encontraba en Las Pastillas, [&hellip;]<\/p>\n","protected":false},"author":3,"featured_media":0,"comment_status":"open","ping_status":"open","sticky":false,"template":"","format":"standard","meta":{"footnotes":""},"categories":[21],"tags":[],"class_list":["post-50540","post","type-post","status-publish","format-standard","hentry","category-cultura"],"_links":{"self":[{"href":"https:\/\/diariodominicano.com\/index.php?rest_route=\/wp\/v2\/posts\/50540","targetHints":{"allow":["GET"]}}],"collection":[{"href":"https:\/\/diariodominicano.com\/index.php?rest_route=\/wp\/v2\/posts"}],"about":[{"href":"https:\/\/diariodominicano.com\/index.php?rest_route=\/wp\/v2\/types\/post"}],"author":[{"embeddable":true,"href":"https:\/\/diariodominicano.com\/index.php?rest_route=\/wp\/v2\/users\/3"}],"replies":[{"embeddable":true,"href":"https:\/\/diariodominicano.com\/index.php?rest_route=%2Fwp%2Fv2%2Fcomments&post=50540"}],"version-history":[{"count":0,"href":"https:\/\/diariodominicano.com\/index.php?rest_route=\/wp\/v2\/posts\/50540\/revisions"}],"wp:attachment":[{"href":"https:\/\/diariodominicano.com\/index.php?rest_route=%2Fwp%2Fv2%2Fmedia&parent=50540"}],"wp:term":[{"taxonomy":"category","embeddable":true,"href":"https:\/\/diariodominicano.com\/index.php?rest_route=%2Fwp%2Fv2%2Fcategories&post=50540"},{"taxonomy":"post_tag","embeddable":true,"href":"https:\/\/diariodominicano.com\/index.php?rest_route=%2Fwp%2Fv2%2Ftags&post=50540"}],"curies":[{"name":"wp","href":"https:\/\/api.w.org\/{rel}","templated":true}]}}