{"id":505393,"date":"2024-02-03T14:30:51","date_gmt":"2024-02-03T18:30:51","guid":{"rendered":"https:\/\/diariodominicano.com\/?p=505393"},"modified":"2024-02-03T14:30:51","modified_gmt":"2024-02-03T18:30:51","slug":"miguel-vargas-encabezara-encuentros-con-perredeistas-de-varias-provincias-este-fin-de-semana","status":"publish","type":"post","link":"https:\/\/diariodominicano.com\/?p=505393","title":{"rendered":"Miguel Vargas encabezar\u00e1 encuentros con perrede\u00edstas de varias provincias este fin de semana"},"content":{"rendered":"\n<p>Santo Domingo, RD. \u2013 \u00a0Como parte de los trabajos en esta campa\u00f1a electoral, este fin de semana el candidato presidencial del Partido Revolucionario Dominicano (PRD), ingeniero Miguel Vargas Maldonado, sostendr\u00e1 reuniones con la militancia perrede\u00edsta en el Distrito Nacional y las provincias Duarte y Peravia.<\/p>\n\n\n\n<p>El tambi\u00e9n presidente del PRD iniciar\u00e1 la jornada este viernes, a las 04:00 p. m., con una actividad para candidatos de la organizaci\u00f3n opositora en su Casa Nacional, en la capital.<\/p>\n\n\n\n<p>Al d\u00eda siguiente, encabezar\u00e1 un encuentro con la familia perrede\u00edsta, a las 04:00 p. m., en el local del partido en San Francisco de Macor\u00eds.<\/p>\n\n\n\n<p>Para este domingo, Vargas tiene previsto un evento en las instalaciones del PRD en Villa Fundaci\u00f3n, provincia Peravia. El mismo est\u00e1 pautado para las 10:00 a.m.<\/p>\n\n\n\n<p>Ese d\u00eda, a las 12:00 meridiano, encabezar\u00e1 otra actividad en el local perrede\u00edsta de Ban\u00ed. Para las 02:00 p. m., el presidente del PRD sostendr\u00e1 una concentraci\u00f3n en Pizarrete. Esta contar\u00e1 con la participaci\u00f3n de los distritos Carret\u00f3n y Las Barias, provincia Peravia.<\/p>\n\n\n\n<p>Comunicaci\u00f3n Integral Rep Dom<\/p>\n\n\n\n<p><a target=\"_blank\" href=\"mailto:comunicacionintegralrepdom@gmail.com\" rel=\"noreferrer noopener\">comunicacionintegralrepdom@<\/a><\/p>\n","protected":false},"excerpt":{"rendered":"<p>Santo Domingo, RD. \u2013 \u00a0Como parte de los trabajos en esta campa\u00f1a electoral, este fin de semana el candidato presidencial del Partido Revolucionario Dominicano (PRD), ingeniero Miguel Vargas Maldonado, sostendr\u00e1 reuniones con la militancia perrede\u00edsta en el Distrito Nacional y las provincias Duarte y Peravia. El tambi\u00e9n presidente del PRD iniciar\u00e1 la jornada este viernes, [&hellip;]<\/p>\n","protected":false},"author":28,"featured_media":505394,"comment_status":"closed","ping_status":"","sticky":true,"template":"","format":"standard","meta":{"footnotes":""},"categories":[22,27],"tags":[],"class_list":["post-505393","post","type-post","status-publish","format-standard","has-post-thumbnail","hentry","category-politica","category-portada"],"_links":{"self":[{"href":"https:\/\/diariodominicano.com\/index.php?rest_route=\/wp\/v2\/posts\/505393","targetHints":{"allow":["GET"]}}],"collection":[{"href":"https:\/\/diariodominicano.com\/index.php?rest_route=\/wp\/v2\/posts"}],"about":[{"href":"https:\/\/diariodominicano.com\/index.php?rest_route=\/wp\/v2\/types\/post"}],"author":[{"embeddable":true,"href":"https:\/\/diariodominicano.com\/index.php?rest_route=\/wp\/v2\/users\/28"}],"replies":[{"embeddable":true,"href":"https:\/\/diariodominicano.com\/index.php?rest_route=%2Fwp%2Fv2%2Fcomments&post=505393"}],"version-history":[{"count":1,"href":"https:\/\/diariodominicano.com\/index.php?rest_route=\/wp\/v2\/posts\/505393\/revisions"}],"predecessor-version":[{"id":505395,"href":"https:\/\/diariodominicano.com\/index.php?rest_route=\/wp\/v2\/posts\/505393\/revisions\/505395"}],"wp:featuredmedia":[{"embeddable":true,"href":"https:\/\/diariodominicano.com\/index.php?rest_route=\/wp\/v2\/media\/505394"}],"wp:attachment":[{"href":"https:\/\/diariodominicano.com\/index.php?rest_route=%2Fwp%2Fv2%2Fmedia&parent=505393"}],"wp:term":[{"taxonomy":"category","embeddable":true,"href":"https:\/\/diariodominicano.com\/index.php?rest_route=%2Fwp%2Fv2%2Fcategories&post=505393"},{"taxonomy":"post_tag","embeddable":true,"href":"https:\/\/diariodominicano.com\/index.php?rest_route=%2Fwp%2Fv2%2Ftags&post=505393"}],"curies":[{"name":"wp","href":"https:\/\/api.w.org\/{rel}","templated":true}]}}