{"id":505344,"date":"2024-02-03T01:11:03","date_gmt":"2024-02-03T05:11:03","guid":{"rendered":"https:\/\/diariodominicano.com\/?p=505344"},"modified":"2024-02-03T01:11:03","modified_gmt":"2024-02-03T05:11:03","slug":"leonel-con-las-provincias-del-sur-este-fin-de-semana-en-apoyo-a-candidatos-municipales","status":"publish","type":"post","link":"https:\/\/diariodominicano.com\/?p=505344","title":{"rendered":"Leonel con las provincias del Sur este fin de semana en apoyo a candidatos municipales"},"content":{"rendered":"\n<p>Visitar\u00e1 Peravia, Azua, Bahoruco y Barahona este s\u00e1bado; y  el domingo estar\u00e1 en San Crist\u00f3bal.<\/p>\n\n\n\n<p>Santo Domingo, RD.- El presidente del partido Fuerza del Pueblo (FP), Leonel Fern\u00e1ndez, estar\u00e1 este fin de semana en el Sur del pa\u00eds, en caravanas y concentraciones proselitistas en apoyo a los candidatos municipales que se presentar\u00e1n en las elecciones del 18 de este mes de febrero.\u00a0<\/p>\n\n\n\n<p>El l\u00edder de la oposici\u00f3n pol\u00edtica dominicana iniciar\u00e1 las actividades del s\u00e1bado a las 10:00 a.m. con la presentaci\u00f3n de los candidatos municipales de Ban\u00ed, en la provincia Peravia, inform\u00f3 la secretar\u00eda de Comunicaciones de FP..\u00a0<\/p>\n\n\n\n<p>A las 11:00 a.m. estar\u00e1 en la presentaci\u00f3n de candidatos municipales del municipio Azua de Compostela, en tanto que, a las 2:00 de la tarde pasar\u00e1 a la provincia Barahona, iniciando con la presentaci\u00f3n de los candidatos en Vicente Noble.&nbsp;<\/p>\n\n\n\n<p>A las 2:30 Fern\u00e1ndez estar\u00e1 arribando al municipio de Tamayo, en la provincia Bahoruco, pasando posteriormente al distrito municipal de Uvilla, en ambos lugares encabezar\u00e1 actos de presentaci\u00f3n de candidatos municipales.&nbsp;&nbsp;<\/p>\n\n\n\n<p>A las 4:00 p.m. Leonel Fern\u00e1ndez regresar\u00e1 a la provincia Barahona, para dar su respaldo a los candidatos municipales de Villa Central y, para finalizar la agenda del d\u00eda, en Santa Cruz de Barahona, municipio cabecera de la provincia, el l\u00edder opositor encabezar\u00e1 una marcha caravana.&nbsp;<\/p>\n\n\n\n<p><strong>El domingo<\/strong><\/p>\n\n\n\n<p>Las actividades del domingo se concentrar\u00e1n en la provincia San Crist\u00f3bal, empezando la jornada con la presentaci\u00f3n de los candidatos del distrito municipal de El Carril, a las 2:00 p.m.; actos similares ser\u00e1n encabezados por Leonel Fern\u00e1ndez durante esa tarde en el distrito municipal Quita Sue\u00f1o y, en los municipios de San Gregorio de Nigua y Haina, culminando la agenda del fin de semana con una marcha-caravana en el municipio cabecera de la provincia, San Crist\u00f3bal.&nbsp;&nbsp;<\/p>\n\n\n\n<p><\/p>\n","protected":false},"excerpt":{"rendered":"<p>Visitar\u00e1 Peravia, Azua, Bahoruco y Barahona este s\u00e1bado; y el domingo estar\u00e1 en San Crist\u00f3bal. Santo Domingo, RD.- El presidente del partido Fuerza del Pueblo (FP), Leonel Fern\u00e1ndez, estar\u00e1 este fin de semana en el Sur del pa\u00eds, en caravanas y concentraciones proselitistas en apoyo a los candidatos municipales que se presentar\u00e1n en las elecciones [&hellip;]<\/p>\n","protected":false},"author":28,"featured_media":505345,"comment_status":"closed","ping_status":"","sticky":true,"template":"","format":"standard","meta":{"footnotes":""},"categories":[22,27],"tags":[],"class_list":["post-505344","post","type-post","status-publish","format-standard","has-post-thumbnail","hentry","category-politica","category-portada"],"_links":{"self":[{"href":"https:\/\/diariodominicano.com\/index.php?rest_route=\/wp\/v2\/posts\/505344","targetHints":{"allow":["GET"]}}],"collection":[{"href":"https:\/\/diariodominicano.com\/index.php?rest_route=\/wp\/v2\/posts"}],"about":[{"href":"https:\/\/diariodominicano.com\/index.php?rest_route=\/wp\/v2\/types\/post"}],"author":[{"embeddable":true,"href":"https:\/\/diariodominicano.com\/index.php?rest_route=\/wp\/v2\/users\/28"}],"replies":[{"embeddable":true,"href":"https:\/\/diariodominicano.com\/index.php?rest_route=%2Fwp%2Fv2%2Fcomments&post=505344"}],"version-history":[{"count":1,"href":"https:\/\/diariodominicano.com\/index.php?rest_route=\/wp\/v2\/posts\/505344\/revisions"}],"predecessor-version":[{"id":505346,"href":"https:\/\/diariodominicano.com\/index.php?rest_route=\/wp\/v2\/posts\/505344\/revisions\/505346"}],"wp:featuredmedia":[{"embeddable":true,"href":"https:\/\/diariodominicano.com\/index.php?rest_route=\/wp\/v2\/media\/505345"}],"wp:attachment":[{"href":"https:\/\/diariodominicano.com\/index.php?rest_route=%2Fwp%2Fv2%2Fmedia&parent=505344"}],"wp:term":[{"taxonomy":"category","embeddable":true,"href":"https:\/\/diariodominicano.com\/index.php?rest_route=%2Fwp%2Fv2%2Fcategories&post=505344"},{"taxonomy":"post_tag","embeddable":true,"href":"https:\/\/diariodominicano.com\/index.php?rest_route=%2Fwp%2Fv2%2Ftags&post=505344"}],"curies":[{"name":"wp","href":"https:\/\/api.w.org\/{rel}","templated":true}]}}