{"id":505329,"date":"2024-02-03T00:48:37","date_gmt":"2024-02-03T04:48:37","guid":{"rendered":"https:\/\/diariodominicano.com\/?p=505329"},"modified":"2024-02-03T00:48:37","modified_gmt":"2024-02-03T04:48:37","slug":"asociacion-de-comite-de-amas-de-casa-del-distrito-nacional-acacdisna-respalda-a-carolina-mejia-por-4-anos-mas","status":"publish","type":"post","link":"https:\/\/diariodominicano.com\/?p=505329","title":{"rendered":"Asociaci\u00f3n de Comit\u00e9 de Amas de Casa del Distrito Nacional (ACACDISNA) respalda a Carolina Mej\u00eda por 4 a\u00f1os m\u00e1s"},"content":{"rendered":"\n<p><strong>Santo Domingo R.D.-<\/strong>&nbsp;La Asociaci\u00f3n de Comit\u00e9 de Amas de Casa del Distrito Nacional (ACACDISNA) expres\u00f3 su total respaldo a la actual alcaldesa y candidata por el Partido Revolucionario Moderno (PRM), Carolina Mej\u00eda, destacando su compromiso y dedicaci\u00f3n en beneficio de la comunidad.&nbsp;<\/p>\n\n\n\n<figure class=\"wp-block-image size-large\"><img loading=\"lazy\" decoding=\"async\" width=\"1024\" height=\"683\" src=\"https:\/\/diariodominicano.com\/wp-content\/uploads\/2024\/02\/a483861f-e8b5-419e-bd92-b0adaab61f1f-1024x683.jpg\" alt=\"\" class=\"wp-image-505331\" srcset=\"https:\/\/diariodominicano.com\/wp-content\/uploads\/2024\/02\/a483861f-e8b5-419e-bd92-b0adaab61f1f-1024x683.jpg 1024w, https:\/\/diariodominicano.com\/wp-content\/uploads\/2024\/02\/a483861f-e8b5-419e-bd92-b0adaab61f1f-300x200.jpg 300w, https:\/\/diariodominicano.com\/wp-content\/uploads\/2024\/02\/a483861f-e8b5-419e-bd92-b0adaab61f1f-768x512.jpg 768w, https:\/\/diariodominicano.com\/wp-content\/uploads\/2024\/02\/a483861f-e8b5-419e-bd92-b0adaab61f1f-1536x1024.jpg 1536w, https:\/\/diariodominicano.com\/wp-content\/uploads\/2024\/02\/a483861f-e8b5-419e-bd92-b0adaab61f1f-816x544.jpg 816w, https:\/\/diariodominicano.com\/wp-content\/uploads\/2024\/02\/a483861f-e8b5-419e-bd92-b0adaab61f1f.jpg 1600w\" sizes=\"auto, (max-width: 1024px) 100vw, 1024px\" \/><\/figure>\n\n\n\n<figure class=\"wp-block-image size-large\"><img loading=\"lazy\" decoding=\"async\" width=\"1024\" height=\"669\" src=\"https:\/\/diariodominicano.com\/wp-content\/uploads\/2024\/02\/6f6e4645-e32c-40e4-b8c6-98e786025d41-1024x669.jpg\" alt=\"\" class=\"wp-image-505332\" srcset=\"https:\/\/diariodominicano.com\/wp-content\/uploads\/2024\/02\/6f6e4645-e32c-40e4-b8c6-98e786025d41-1024x669.jpg 1024w, https:\/\/diariodominicano.com\/wp-content\/uploads\/2024\/02\/6f6e4645-e32c-40e4-b8c6-98e786025d41-300x196.jpg 300w, https:\/\/diariodominicano.com\/wp-content\/uploads\/2024\/02\/6f6e4645-e32c-40e4-b8c6-98e786025d41-768x502.jpg 768w, https:\/\/diariodominicano.com\/wp-content\/uploads\/2024\/02\/6f6e4645-e32c-40e4-b8c6-98e786025d41-1536x1004.jpg 1536w, https:\/\/diariodominicano.com\/wp-content\/uploads\/2024\/02\/6f6e4645-e32c-40e4-b8c6-98e786025d41-816x533.jpg 816w, https:\/\/diariodominicano.com\/wp-content\/uploads\/2024\/02\/6f6e4645-e32c-40e4-b8c6-98e786025d41.jpg 1600w\" sizes=\"auto, (max-width: 1024px) 100vw, 1024px\" \/><\/figure>\n\n\n\n<p>Las l\u00edderes de esta asociaci\u00f3n, encabezada por su presidenta, Ana Bertilia, resaltaron que brindan un apoyo total a Carolina Mej\u00eda, poniendo a disposici\u00f3n incluso parte de su planta f\u00edsica para la creaci\u00f3n de una escuela de capacitaci\u00f3n dom\u00e9stica o una escuela laboral con caracter\u00edsticas t\u00e9cnicas.&nbsp;<\/p>\n\n\n\n<p>Explic\u00f3 que las aulas est\u00e1n dise\u00f1adas espec\u00edficamente para la formaci\u00f3n de mujeres y que ceder\u00edan este espacio exclusivamente a la actual alcaldesa para contribuir al desarrollo de programas de capacitaci\u00f3n que beneficien a la comunidad.&nbsp;<\/p>\n\n\n\n<p>Las integrantes de ACACDISNA, Rosario L\u00f3pez, Ana Bertilia Cabrera, Milagros Garc\u00eda, Carmen L\u00f3pez, Helena Mart\u00ednez entre otras, destacaron que la asociaci\u00f3n se form\u00f3 en respuesta a las problem\u00e1ticas sociales en Villas Agr\u00edcolas.&nbsp;<\/p>\n\n\n\n<p>Esta iniciativa surgi\u00f3 como una propuesta para abordar de manera integral los desaf\u00edos que enfrentan las amas de casa en la comunidad. La idea original de la asociaci\u00f3n fue presentada al l\u00edder Jos\u00e9 Francisco Pe\u00f1a G\u00f3mez, quien sugiri\u00f3 ampliar la iniciativa a nivel general, convirti\u00e9ndola as\u00ed en una fuerza unificada para la mejora social.&nbsp;<\/p>\n\n\n\n<p>Desde entonces, ACACDISNA ha llevado a cabo diversos proyectos y programas dirigidos a las amas de casa, ni\u00f1os, j\u00f3venes y adultos mayores.&nbsp;<\/p>\n\n\n\n<p>Entre los logros destacados se encuentran una escuela de educaci\u00f3n continua, una escuela de capacitaci\u00f3n t\u00e9cnica en colaboraci\u00f3n con INFORTEP, charlas, foros y talleres educativos, operativos m\u00e9dicos, y la creaci\u00f3n de un consultorio para salud m\u00e9dica preventiva, reconocido por Salud P\u00fablica como centro de atenci\u00f3n primaria.&nbsp;<\/p>\n\n\n\n<figure class=\"wp-block-image size-large\"><img loading=\"lazy\" decoding=\"async\" width=\"1024\" height=\"659\" src=\"https:\/\/diariodominicano.com\/wp-content\/uploads\/2024\/02\/d4d1cf71-7474-49c7-a189-e1f3f9f0c8d5-1024x659.jpg\" alt=\"\" class=\"wp-image-505333\" srcset=\"https:\/\/diariodominicano.com\/wp-content\/uploads\/2024\/02\/d4d1cf71-7474-49c7-a189-e1f3f9f0c8d5-1024x659.jpg 1024w, https:\/\/diariodominicano.com\/wp-content\/uploads\/2024\/02\/d4d1cf71-7474-49c7-a189-e1f3f9f0c8d5-300x193.jpg 300w, https:\/\/diariodominicano.com\/wp-content\/uploads\/2024\/02\/d4d1cf71-7474-49c7-a189-e1f3f9f0c8d5-768x494.jpg 768w, https:\/\/diariodominicano.com\/wp-content\/uploads\/2024\/02\/d4d1cf71-7474-49c7-a189-e1f3f9f0c8d5-1536x989.jpg 1536w, https:\/\/diariodominicano.com\/wp-content\/uploads\/2024\/02\/d4d1cf71-7474-49c7-a189-e1f3f9f0c8d5-816x525.jpg 816w, https:\/\/diariodominicano.com\/wp-content\/uploads\/2024\/02\/d4d1cf71-7474-49c7-a189-e1f3f9f0c8d5.jpg 1600w\" sizes=\"auto, (max-width: 1024px) 100vw, 1024px\" \/><\/figure>\n\n\n\n<figure class=\"wp-block-image size-large\"><img loading=\"lazy\" decoding=\"async\" width=\"1024\" height=\"687\" src=\"https:\/\/diariodominicano.com\/wp-content\/uploads\/2024\/02\/8d4d56b3-e05f-4aa8-bc98-a61ee4633aec-1024x687.jpg\" alt=\"\" class=\"wp-image-505334\" srcset=\"https:\/\/diariodominicano.com\/wp-content\/uploads\/2024\/02\/8d4d56b3-e05f-4aa8-bc98-a61ee4633aec-1024x687.jpg 1024w, https:\/\/diariodominicano.com\/wp-content\/uploads\/2024\/02\/8d4d56b3-e05f-4aa8-bc98-a61ee4633aec-300x201.jpg 300w, https:\/\/diariodominicano.com\/wp-content\/uploads\/2024\/02\/8d4d56b3-e05f-4aa8-bc98-a61ee4633aec-768x515.jpg 768w, https:\/\/diariodominicano.com\/wp-content\/uploads\/2024\/02\/8d4d56b3-e05f-4aa8-bc98-a61ee4633aec-1536x1030.jpg 1536w, https:\/\/diariodominicano.com\/wp-content\/uploads\/2024\/02\/8d4d56b3-e05f-4aa8-bc98-a61ee4633aec-816x547.jpg 816w, https:\/\/diariodominicano.com\/wp-content\/uploads\/2024\/02\/8d4d56b3-e05f-4aa8-bc98-a61ee4633aec.jpg 1600w\" sizes=\"auto, (max-width: 1024px) 100vw, 1024px\" \/><\/figure>\n\n\n\n<figure class=\"wp-block-image size-large\"><img loading=\"lazy\" decoding=\"async\" width=\"1024\" height=\"645\" src=\"https:\/\/diariodominicano.com\/wp-content\/uploads\/2024\/02\/183aab73-7ed4-4da8-a293-56eeed971a1d-1024x645.jpg\" alt=\"\" class=\"wp-image-505335\" srcset=\"https:\/\/diariodominicano.com\/wp-content\/uploads\/2024\/02\/183aab73-7ed4-4da8-a293-56eeed971a1d-1024x645.jpg 1024w, https:\/\/diariodominicano.com\/wp-content\/uploads\/2024\/02\/183aab73-7ed4-4da8-a293-56eeed971a1d-300x189.jpg 300w, https:\/\/diariodominicano.com\/wp-content\/uploads\/2024\/02\/183aab73-7ed4-4da8-a293-56eeed971a1d-768x484.jpg 768w, https:\/\/diariodominicano.com\/wp-content\/uploads\/2024\/02\/183aab73-7ed4-4da8-a293-56eeed971a1d-1536x968.jpg 1536w, https:\/\/diariodominicano.com\/wp-content\/uploads\/2024\/02\/183aab73-7ed4-4da8-a293-56eeed971a1d-816x514.jpg 816w, https:\/\/diariodominicano.com\/wp-content\/uploads\/2024\/02\/183aab73-7ed4-4da8-a293-56eeed971a1d.jpg 1600w\" sizes=\"auto, (max-width: 1024px) 100vw, 1024px\" \/><\/figure>\n\n\n\n<p>La asociaci\u00f3n tambi\u00e9n ha desempe\u00f1ado un papel crucial en proyectos de asistencia social y psicol\u00f3gica para mujeres v\u00edctimas de violencia, contribuyendo significativamente a mejorar la calidad de vida de las amas de casa en la comunidad. ACACDISNA ve en Carolina Mej\u00eda la l\u00edder id\u00f3nea para continuar con la transformaci\u00f3n positiva del Distrito Nacional y, por ende, manifiestan su firme respaldo a su candidatura para la reelecci\u00f3n como alcaldesa.&nbsp;<\/p>\n\n\n\n<p>La asociaci\u00f3n conf\u00eda en que, bajo el liderazgo de Mej\u00eda, podr\u00e1n seguir colaborando de manera efectiva para el beneficio de todas las mujeres amas de casa y la comunidad en general.<\/p>\n\n\n\n<p>Nieves Aimee Disla Martinez<\/p>\n\n\n\n<p><a target=\"_blank\" href=\"mailto:dislamartineznievesaimee@gmail.com\" rel=\"noreferrer noopener\">dislamartineznievesaimee@gmail<\/a><\/p>\n","protected":false},"excerpt":{"rendered":"<p>Santo Domingo R.D.-&nbsp;La Asociaci\u00f3n de Comit\u00e9 de Amas de Casa del Distrito Nacional (ACACDISNA) expres\u00f3 su total respaldo a la actual alcaldesa y candidata por el Partido Revolucionario Moderno (PRM), Carolina Mej\u00eda, destacando su compromiso y dedicaci\u00f3n en beneficio de la comunidad.&nbsp; Las l\u00edderes de esta asociaci\u00f3n, encabezada por su presidenta, Ana Bertilia, resaltaron que [&hellip;]<\/p>\n","protected":false},"author":28,"featured_media":505330,"comment_status":"closed","ping_status":"","sticky":false,"template":"","format":"standard","meta":{"footnotes":""},"categories":[22],"tags":[],"class_list":["post-505329","post","type-post","status-publish","format-standard","has-post-thumbnail","hentry","category-politica"],"_links":{"self":[{"href":"https:\/\/diariodominicano.com\/index.php?rest_route=\/wp\/v2\/posts\/505329","targetHints":{"allow":["GET"]}}],"collection":[{"href":"https:\/\/diariodominicano.com\/index.php?rest_route=\/wp\/v2\/posts"}],"about":[{"href":"https:\/\/diariodominicano.com\/index.php?rest_route=\/wp\/v2\/types\/post"}],"author":[{"embeddable":true,"href":"https:\/\/diariodominicano.com\/index.php?rest_route=\/wp\/v2\/users\/28"}],"replies":[{"embeddable":true,"href":"https:\/\/diariodominicano.com\/index.php?rest_route=%2Fwp%2Fv2%2Fcomments&post=505329"}],"version-history":[{"count":1,"href":"https:\/\/diariodominicano.com\/index.php?rest_route=\/wp\/v2\/posts\/505329\/revisions"}],"predecessor-version":[{"id":505336,"href":"https:\/\/diariodominicano.com\/index.php?rest_route=\/wp\/v2\/posts\/505329\/revisions\/505336"}],"wp:featuredmedia":[{"embeddable":true,"href":"https:\/\/diariodominicano.com\/index.php?rest_route=\/wp\/v2\/media\/505330"}],"wp:attachment":[{"href":"https:\/\/diariodominicano.com\/index.php?rest_route=%2Fwp%2Fv2%2Fmedia&parent=505329"}],"wp:term":[{"taxonomy":"category","embeddable":true,"href":"https:\/\/diariodominicano.com\/index.php?rest_route=%2Fwp%2Fv2%2Fcategories&post=505329"},{"taxonomy":"post_tag","embeddable":true,"href":"https:\/\/diariodominicano.com\/index.php?rest_route=%2Fwp%2Fv2%2Ftags&post=505329"}],"curies":[{"name":"wp","href":"https:\/\/api.w.org\/{rel}","templated":true}]}}