{"id":505311,"date":"2024-02-03T15:29:45","date_gmt":"2024-02-03T19:29:45","guid":{"rendered":"https:\/\/diariodominicano.com\/?p=505311"},"modified":"2024-02-03T18:35:08","modified_gmt":"2024-02-03T22:35:08","slug":"leonel-fernandez-el-sector-agropecuario-sera-declarado-de-alta-prioridad-nacional","status":"publish","type":"post","link":"https:\/\/diariodominicano.com\/?p=505311","title":{"rendered":"Leonel Fern\u00e1ndez: \u00abEl sector agropecuario ser\u00e1 declarado de alta prioridad nacional\u00bb"},"content":{"rendered":"\n<p>Moca, RD.- El sector agropecuario ser\u00e1 declarado de alta prioridad nacional, en el pr\u00f3ximo gobierno de Leonel Fern\u00e1ndez, asegur\u00f3 el propio candidato presidencial y l\u00edder del partido Fuerza del Pueblo (FP) y de la oposici\u00f3n pol\u00edtica dominicana.<\/p>\n\n\n\n<p>Dijo que un gobierno de la FP, tendr\u00e1 como visi\u00f3n principal declarar el sector agropecuario como de alta prioridad para lograr el desarrollo de la Rep\u00fablica Dominicana.<\/p>\n\n\n\n<p>Las declaraciones de Fern\u00e1ndez fueron emitidas en  una conferencia pro recaudaci\u00f3n de fondos, en el municipio  Moca, capital de la  provincia Espaillat, donde se dirigi\u00f3 a empresarios y productores agropecuarios de la regi\u00f3n norte.<\/p>\n\n\n\n<p>En esa actividad, el l\u00edder opositor acus\u00f3 al gobierno de Luis Abinader de gobernar para el beneficio de unos pocos y en perjuicio de la mayor\u00eda de dominicanos.<\/p>\n\n\n\n<p>El candidato presidencial de un grupo de partidos, movimientos y agrupaciones pol\u00edticas, hizo saber que la crisis que sufre Rep\u00fablica Dominicana tendr\u00e1 que superarse, necesariamente, con un nuevo gobierno que les tocar\u00e1 encabezar.<\/p>\n\n\n\n<p>\u201cLa Fuerza del Pueblo considera que la producci\u00f3n agropecuaria es de inter\u00e9s p\u00fablico y de alta prioridad en un pr\u00f3ximo gobierno\u201d, asegur\u00f3 Fern\u00e1ndez.<\/p>\n\n\n\n<p><strong>\u00bfPor qu\u00e9 de alta prioridad?,<\/strong> se pregunt\u00f3 Leonel Fern\u00e1ndez.<\/p>\n\n\n\n<p>Y a seguidas respondi\u00f3: \u201cPorque para existir, la gente necesita alimentarse y los alimentos son la energ\u00eda para el cuerpo humano\u201d.<\/p>\n\n\n\n<p>\u201cY por eso es que consideramos como alt\u00edsima prioridad la producci\u00f3n agropecuaria, porque es producci\u00f3n de alimentos\u201d, subray\u00f3.<\/p>\n\n\n\n<p>Sostuvo que en el pr\u00f3ximo gobierno de la Fuerza del Pueblo se volver\u00e1 a tener del 85 al 90% de la producci\u00f3n de alimentos que el pueblo dominicano consume.<\/p>\n\n\n\n<p>Fern\u00e1ndez resalt\u00f3 que es un privilegio, que no tiene cualquier pa\u00eds, el hecho de que la sociedad dominicana tenga la capacidad para poder producir el 85 o el 90% de los alimentos que consume.<\/p>\n","protected":false},"excerpt":{"rendered":"<p>Moca, RD.- El sector agropecuario ser\u00e1 declarado de alta prioridad nacional, en el pr\u00f3ximo gobierno de Leonel Fern\u00e1ndez, asegur\u00f3 el propio candidato presidencial y l\u00edder del partido Fuerza del Pueblo (FP) y de la oposici\u00f3n pol\u00edtica dominicana. Dijo que un gobierno de la FP, tendr\u00e1 como visi\u00f3n principal declarar el sector agropecuario como de alta [&hellip;]<\/p>\n","protected":false},"author":7,"featured_media":505426,"comment_status":"closed","ping_status":"","sticky":true,"template":"","format":"standard","meta":{"footnotes":""},"categories":[36,18,22,27],"tags":[],"class_list":["post-505311","post","type-post","status-publish","format-standard","has-post-thumbnail","hentry","category-hombresmujeresycosas","category-economia","category-politica","category-portada"],"_links":{"self":[{"href":"https:\/\/diariodominicano.com\/index.php?rest_route=\/wp\/v2\/posts\/505311","targetHints":{"allow":["GET"]}}],"collection":[{"href":"https:\/\/diariodominicano.com\/index.php?rest_route=\/wp\/v2\/posts"}],"about":[{"href":"https:\/\/diariodominicano.com\/index.php?rest_route=\/wp\/v2\/types\/post"}],"author":[{"embeddable":true,"href":"https:\/\/diariodominicano.com\/index.php?rest_route=\/wp\/v2\/users\/7"}],"replies":[{"embeddable":true,"href":"https:\/\/diariodominicano.com\/index.php?rest_route=%2Fwp%2Fv2%2Fcomments&post=505311"}],"version-history":[{"count":3,"href":"https:\/\/diariodominicano.com\/index.php?rest_route=\/wp\/v2\/posts\/505311\/revisions"}],"predecessor-version":[{"id":505435,"href":"https:\/\/diariodominicano.com\/index.php?rest_route=\/wp\/v2\/posts\/505311\/revisions\/505435"}],"wp:featuredmedia":[{"embeddable":true,"href":"https:\/\/diariodominicano.com\/index.php?rest_route=\/wp\/v2\/media\/505426"}],"wp:attachment":[{"href":"https:\/\/diariodominicano.com\/index.php?rest_route=%2Fwp%2Fv2%2Fmedia&parent=505311"}],"wp:term":[{"taxonomy":"category","embeddable":true,"href":"https:\/\/diariodominicano.com\/index.php?rest_route=%2Fwp%2Fv2%2Fcategories&post=505311"},{"taxonomy":"post_tag","embeddable":true,"href":"https:\/\/diariodominicano.com\/index.php?rest_route=%2Fwp%2Fv2%2Ftags&post=505311"}],"curies":[{"name":"wp","href":"https:\/\/api.w.org\/{rel}","templated":true}]}}