{"id":505298,"date":"2024-02-02T23:24:51","date_gmt":"2024-02-03T03:24:51","guid":{"rendered":"https:\/\/diariodominicano.com\/?p=505298"},"modified":"2024-02-02T23:33:36","modified_gmt":"2024-02-03T03:33:36","slug":"frente-amplio-resalta-valores-de-su-candidato-dio-astacio","status":"publish","type":"post","link":"https:\/\/diariodominicano.com\/?p=505298","title":{"rendered":"Frente Amplio resalta valores de su candidato D\u00edo Astacio"},"content":{"rendered":"\n<figure class=\"wp-block-table\"><table><tbody><tr><td> <br>Santo Domingo, RD. \u2013 El partido Frente Amplio que proclam\u00f3 a D\u00edo Astacio como su candidato a alcalde en Santo Domingo Este, declar\u00f3 que la alcald\u00eda contar\u00e1 con un gerente adornado de grandes valores.<br><br> Juan Dionicio Rodr\u00edguez afirm\u00f3 que el frente amplio lucha d\u00eda y noche hasta lograr llevar hasta la alcald\u00eda a Dio Astacio.<br><br>Manuel Salazar director de campa\u00f1a del Frente Amplio en Santo Domingo Este, asever\u00f3 que el FA siempre ha sido fiel a la causa de este municipio para que se convierta en ciudad.<br><br><br>\u2018\u2019Fieles como siempre a esa causa, asumimos que los que fueron desplazados del gobierno municipal en el 2020, constituyen el principal peligro que se cierne sobre la ciudad que, con sus contundentes avances, hoy es Santo Domingo Este\u2019\u2019, sostuvo Salazar.<br><br><br>D\u00edo Astacio dijo  que con el apoyo del Frente Amplio se siente seguro del triunfo. Tambi\u00e9n destac\u00f3 la importaci\u00f3n del Frente Amplio  de cara al proceso electoral y su papel en defensa del voto. Invit\u00f3 a que le acompa\u00f1en en la gobernanza durante su gesti\u00f3n.<br><br>Los dirigentes del FA expresaron que, con ese pacto, buscan que Santo Domingo Este se convierta en un municipio y ciudad modelo, donde los recursos recibidos a trav\u00e9s del Presupuesto de Ingresos y Ley de Gastos P\u00fablicos, as\u00ed como de los arbitrios y ordenanzas municipales sean\u00a0\u00a0 manejados con eficiencia, pulcritud, eficacia, honestidad y transparencia.<br><\/td><\/tr><\/tbody><\/table><figcaption class=\"wp-element-caption\">Comunicaciones Frente Amplio<\/figcaption><\/figure>\n\n\n\n<figure class=\"wp-block-image size-large\"><img loading=\"lazy\" decoding=\"async\" width=\"1024\" height=\"574\" src=\"https:\/\/diariodominicano.com\/wp-content\/uploads\/2024\/02\/Dio-Astacio-00-1024x574.jpg\" alt=\"\" class=\"wp-image-505304\" srcset=\"https:\/\/diariodominicano.com\/wp-content\/uploads\/2024\/02\/Dio-Astacio-00-1024x574.jpg 1024w, https:\/\/diariodominicano.com\/wp-content\/uploads\/2024\/02\/Dio-Astacio-00-300x168.jpg 300w, https:\/\/diariodominicano.com\/wp-content\/uploads\/2024\/02\/Dio-Astacio-00-768x430.jpg 768w, https:\/\/diariodominicano.com\/wp-content\/uploads\/2024\/02\/Dio-Astacio-00-816x457.jpg 816w, https:\/\/diariodominicano.com\/wp-content\/uploads\/2024\/02\/Dio-Astacio-00.jpg 1080w\" sizes=\"auto, (max-width: 1024px) 100vw, 1024px\" \/><\/figure>\n","protected":false},"excerpt":{"rendered":"<p>Santo Domingo, RD. \u2013 El partido Frente Amplio que proclam\u00f3 a D\u00edo Astacio como su candidato a alcalde en Santo Domingo Este, declar\u00f3 que la alcald\u00eda contar\u00e1 con un gerente adornado de grandes valores. Juan Dionicio Rodr\u00edguez afirm\u00f3 que el frente amplio lucha d\u00eda y noche hasta lograr llevar hasta la alcald\u00eda a Dio Astacio. [&hellip;]<\/p>\n","protected":false},"author":28,"featured_media":505299,"comment_status":"closed","ping_status":"","sticky":false,"template":"","format":"standard","meta":{"footnotes":""},"categories":[22],"tags":[],"class_list":["post-505298","post","type-post","status-publish","format-standard","has-post-thumbnail","hentry","category-politica"],"_links":{"self":[{"href":"https:\/\/diariodominicano.com\/index.php?rest_route=\/wp\/v2\/posts\/505298","targetHints":{"allow":["GET"]}}],"collection":[{"href":"https:\/\/diariodominicano.com\/index.php?rest_route=\/wp\/v2\/posts"}],"about":[{"href":"https:\/\/diariodominicano.com\/index.php?rest_route=\/wp\/v2\/types\/post"}],"author":[{"embeddable":true,"href":"https:\/\/diariodominicano.com\/index.php?rest_route=\/wp\/v2\/users\/28"}],"replies":[{"embeddable":true,"href":"https:\/\/diariodominicano.com\/index.php?rest_route=%2Fwp%2Fv2%2Fcomments&post=505298"}],"version-history":[{"count":5,"href":"https:\/\/diariodominicano.com\/index.php?rest_route=\/wp\/v2\/posts\/505298\/revisions"}],"predecessor-version":[{"id":505305,"href":"https:\/\/diariodominicano.com\/index.php?rest_route=\/wp\/v2\/posts\/505298\/revisions\/505305"}],"wp:featuredmedia":[{"embeddable":true,"href":"https:\/\/diariodominicano.com\/index.php?rest_route=\/wp\/v2\/media\/505299"}],"wp:attachment":[{"href":"https:\/\/diariodominicano.com\/index.php?rest_route=%2Fwp%2Fv2%2Fmedia&parent=505298"}],"wp:term":[{"taxonomy":"category","embeddable":true,"href":"https:\/\/diariodominicano.com\/index.php?rest_route=%2Fwp%2Fv2%2Fcategories&post=505298"},{"taxonomy":"post_tag","embeddable":true,"href":"https:\/\/diariodominicano.com\/index.php?rest_route=%2Fwp%2Fv2%2Ftags&post=505298"}],"curies":[{"name":"wp","href":"https:\/\/api.w.org\/{rel}","templated":true}]}}