{"id":505295,"date":"2024-02-02T23:08:05","date_gmt":"2024-02-03T03:08:05","guid":{"rendered":"https:\/\/diariodominicano.com\/?p=505295"},"modified":"2024-02-03T01:25:26","modified_gmt":"2024-02-03T05:25:26","slug":"abinader-seguira-tirado-a-las-calles-este-fin-de-semana-en-apoyo-a-los-candidatos-y-candidatas-del-prm","status":"publish","type":"post","link":"https:\/\/diariodominicano.com\/?p=505295","title":{"rendered":"Abinader con agenda este fin de semana en apoyo a los candidatos y candidatas del PRM"},"content":{"rendered":"\n<p>En La Victoria <strong>proclama pr\u00f3ximos 4 a\u00f1os ser\u00e1n mejores <\/strong><\/p>\n\n\n\n<p>SANTO DOMINGO, RD.- El candidato presidencial por el Partido Revolucionario Moderno (PRM) y partidos aliados , Luis Abinader, encabezar\u00e1 concentraciones y multitudinarias caravanas desde este viernes al domingo en apoyo a los candidatos a las alcald\u00edas de Pantoja, La Victoria, Cien Fuegos, Puerto Plata, Dajab\u00f3n y Mao, inform\u00f3 el PRM.<\/p>\n\n\n\n<p><strong>Aqu\u00ed est\u00e1 el distrito municipal de Pantoja, comprometido a trabajar para lograr la victoria este 18 de febrero<\/strong>: <strong>Abinader<\/strong><\/p>\n\n\n\n<p>El recorrido de este viernes de Abinader inici\u00f3 en Pantoja con una concentraci\u00f3n a las 3:00 de la tarde en apoyo al candidato a alcalde, Fidel de los Santos. M\u00e1s adelante, realiz\u00f3 una concentraci\u00f3n en La Victoria junto al candidato de este municipio, Miguel Savi\u00f1\u00f3n (El Gringo).<\/p>\n\n\n\n<figure class=\"wp-block-image size-full\"><img loading=\"lazy\" decoding=\"async\" width=\"360\" height=\"240\" src=\"https:\/\/diariodominicano.com\/wp-content\/uploads\/2024\/02\/GFXVC7dXEAAKUFX.jpg\" alt=\"\" class=\"wp-image-505370\" srcset=\"https:\/\/diariodominicano.com\/wp-content\/uploads\/2024\/02\/GFXVC7dXEAAKUFX.jpg 360w, https:\/\/diariodominicano.com\/wp-content\/uploads\/2024\/02\/GFXVC7dXEAAKUFX-300x200.jpg 300w\" sizes=\"auto, (max-width: 360px) 100vw, 360px\" \/><\/figure>\n\n\n\n<figure class=\"wp-block-image size-full\"><img loading=\"lazy\" decoding=\"async\" width=\"360\" height=\"257\" src=\"https:\/\/diariodominicano.com\/wp-content\/uploads\/2024\/02\/GFXVC7YWQAAa5iP.jpg\" alt=\"\" class=\"wp-image-505352\" srcset=\"https:\/\/diariodominicano.com\/wp-content\/uploads\/2024\/02\/GFXVC7YWQAAa5iP.jpg 360w, https:\/\/diariodominicano.com\/wp-content\/uploads\/2024\/02\/GFXVC7YWQAAa5iP-300x214.jpg 300w\" sizes=\"auto, (max-width: 360px) 100vw, 360px\" \/><\/figure>\n\n\n\n<p>Abinader reaccion\u00f3 emocionado por el apoyo que recibi\u00f3  en Pantoja. En su cuenta\u2002de X escribi\u00f3: \u00abAqu\u00ed est\u00e1 el distrito municipal de Pantoja, comprometido a trabajar para lograr la victoria este 18 de febrero y que sigamos trabajando de la mano con Fidel de los Santos. As\u00ed qued\u00f3 demostrado con este gran acto celebrado hoy, en apoyo a nuestros candidatos municipales\u00bb,\u2026<\/p>\n\n\n\n<p><strong>Abinader proclama pr\u00f3ximos 4 a\u00f1os ser\u00e1n mejores <\/strong><\/p>\n\n\n\n<p>El presidente de la Rep\u00fablica y candidato  resalt\u00f3 en La Victoria  las obras que ha hecho en el reci\u00e9n creado municipio La Victoria y vaticin\u00f3 que los pr\u00f3ximos cuatro a\u00f1os ser\u00e1n mejores, porque no habr\u00e1 pandemia.<\/p>\n\n\n\n<p>\u201cPero imag\u00ednense, si hicimos todo eso en momentos dif\u00edciles de la econom\u00eda, con pandemia, con muchos problemas, imag\u00ednense ahora en cuatro a\u00f1os m\u00e1s\u201d, destac\u00f3 tras  se\u00f1alar que en La Victoria  inaugur\u00f3 una escuela, un liceo, la instalaci\u00f3n de una sucursal de Banreservas, el INFOTEP, el transporte escolar y  asfaltado, entre otras obras en tan s\u00f3lo 3 a\u00f1os.<\/p>\n\n\n\n<p>Cont\u00f3 a sus seguidores que previo a su intervenci\u00f3n le preguntaba a sus compa\u00f1eros: \u201c\u00bfY en 20 a\u00f1os, qu\u00e9 ellos hicieron? \u00bfY en 20 a\u00f1os, qu\u00e9 ellos hicieron?\u201d, a lo que el p\u00fablico respondi\u00f3 \u201cnada\u201d.<\/p>\n\n\n\n<p>El presidente de la Rep\u00fablica y candidato a la reelecci\u00f3n trat\u00f3 el tema  en alusi\u00f3n a las administraciones del PLD que permaneci\u00f3 en el poder por 16 a\u00f1os seguidos, m\u00e1s los 4 del per\u00edodo 1996-2004. De estos 20, Leonel Fern\u00e1ndez gobern\u00f3 12 y Danilo Medina 8.<\/p>\n\n\n\n<h3 class=\"wp-block-heading\">S\u00e1bado 3 de febrero<\/h3>\n\n\n\n<p>La jornada pol\u00edtica de Abinader iniciar\u00e1 el s\u00e1bado a las 10:00 de la ma\u00f1ana con una marcha caravana en Cien Fuegos, Santiago Oeste, en apoyo al candidato a la reelecci\u00f3n, Eddy B\u00e1ez.<\/p>\n\n\n\n<p>En la tarde, encabezar\u00e1 dos caravanas, iniciando en Montellano junto a H\u00e9ctor Almonte y culminar\u00e1 su jornada en el municipio cabecera de Puerto Plata con Roquelito Garc\u00eda.<\/p>\n\n\n\n<h3 class=\"wp-block-heading\">Domingo 4 de febrero<\/h3>\n\n\n\n<p>El recorrido del domingo iniciar\u00e1 con una marcha caravana a las 11:00 de la ma\u00f1ana en Dajab\u00f3n Y en la tarde, terminar\u00e1 su jornada pol\u00edtica en Mao provincia Valverde con una caravana.<\/p>\n\n\n\n<p>Las elecciones municipales est\u00e1n pautadas para el pr\u00f3ximo domingo 18 de este mes. Las  congresuales y presidenciales se realizar\u00e1n el pr\u00f3ximo 19 de mayo,<\/p>\n\n\n\n<figure class=\"wp-block-image\"><img decoding=\"async\" src=\"https:\/\/ci3.googleusercontent.com\/meips\/ADKq_NZ5rMmPlrPZlDYNUYOqmzMy7fZ57otk1JjQcpFfqtc1veANeVuDvqBduHE7Di8mJNSxoYI2T2VlkotV2jePesn-A6qhaApUho2PmruZXMKPqad2lGE=s0-d-e1-ft#https:\/\/lavozdelprm.org\/wp-content\/uploads\/2024\/02\/image-11.png\" alt=\"\"\/><\/figure>\n\n\n\n<hr class=\"wp-block-separator has-alpha-channel-opacity\"\/>\n\n\n\n<p><strong>Prensa PRM<\/strong><\/p>\n","protected":false},"excerpt":{"rendered":"<p>En La Victoria proclama pr\u00f3ximos 4 a\u00f1os ser\u00e1n mejores SANTO DOMINGO, RD.- El candidato presidencial por el Partido Revolucionario Moderno (PRM) y partidos aliados , Luis Abinader, encabezar\u00e1 concentraciones y multitudinarias caravanas desde este viernes al domingo en apoyo a los candidatos a las alcald\u00edas de Pantoja, La Victoria, Cien Fuegos, Puerto Plata, Dajab\u00f3n y [&hellip;]<\/p>\n","protected":false},"author":28,"featured_media":505315,"comment_status":"closed","ping_status":"","sticky":true,"template":"","format":"standard","meta":{"footnotes":""},"categories":[22,27],"tags":[],"class_list":["post-505295","post","type-post","status-publish","format-standard","has-post-thumbnail","hentry","category-politica","category-portada"],"_links":{"self":[{"href":"https:\/\/diariodominicano.com\/index.php?rest_route=\/wp\/v2\/posts\/505295","targetHints":{"allow":["GET"]}}],"collection":[{"href":"https:\/\/diariodominicano.com\/index.php?rest_route=\/wp\/v2\/posts"}],"about":[{"href":"https:\/\/diariodominicano.com\/index.php?rest_route=\/wp\/v2\/types\/post"}],"author":[{"embeddable":true,"href":"https:\/\/diariodominicano.com\/index.php?rest_route=\/wp\/v2\/users\/28"}],"replies":[{"embeddable":true,"href":"https:\/\/diariodominicano.com\/index.php?rest_route=%2Fwp%2Fv2%2Fcomments&post=505295"}],"version-history":[{"count":8,"href":"https:\/\/diariodominicano.com\/index.php?rest_route=\/wp\/v2\/posts\/505295\/revisions"}],"predecessor-version":[{"id":505371,"href":"https:\/\/diariodominicano.com\/index.php?rest_route=\/wp\/v2\/posts\/505295\/revisions\/505371"}],"wp:featuredmedia":[{"embeddable":true,"href":"https:\/\/diariodominicano.com\/index.php?rest_route=\/wp\/v2\/media\/505315"}],"wp:attachment":[{"href":"https:\/\/diariodominicano.com\/index.php?rest_route=%2Fwp%2Fv2%2Fmedia&parent=505295"}],"wp:term":[{"taxonomy":"category","embeddable":true,"href":"https:\/\/diariodominicano.com\/index.php?rest_route=%2Fwp%2Fv2%2Fcategories&post=505295"},{"taxonomy":"post_tag","embeddable":true,"href":"https:\/\/diariodominicano.com\/index.php?rest_route=%2Fwp%2Fv2%2Ftags&post=505295"}],"curies":[{"name":"wp","href":"https:\/\/api.w.org\/{rel}","templated":true}]}}