{"id":50529,"date":"2020-08-19T16:18:21","date_gmt":"2020-08-19T16:18:21","guid":{"rendered":"http:\/\/diariodominicano.ddns.net\/?p=50529"},"modified":"2020-08-19T16:18:21","modified_gmt":"2020-08-19T16:18:21","slug":"ministro-de-educacion-roberto-fulcar-juramenta-nuevo-gabinete-ministerial","status":"publish","type":"post","link":"https:\/\/diariodominicano.com\/?p=50529","title":{"rendered":"Ministro de Educaci\u00f3n Roberto Fulcar juramenta nuevo gabinete ministerial"},"content":{"rendered":"<p><body><\/p>\n<p><img decoding=\"async\" src=\"img3\/Fulcar19-8-20.jpeg\" \/>  <\/p>\n<p><span class=\"text1noticias\">diariodominicano.com<\/span><\/p>\n<p><span class=\"text1noticias\"> <\/span><\/p>\n<p><span class=\"text1noticias\"> Santo Domingo, R. D., 19 de agosto, 2020.- El ministro de Educaci\u00f3n, Roberto Fulcar, jurament\u00f3 este mi\u00e9rcoles a su gabinete ministerial conformado por seis viceministerios con quienes dirigir\u00e1 la pol\u00edtica educativa del gobierno del presidente Lu\u00eds Abinader. <\/span><\/p>\n<p><span class=\"text1noticias\"> <\/span><\/p>\n<p><span class=\"text1noticias\">El nuevo gabinete ministerial est\u00e1 conformado por la maestra Gloria Guevara, viceministra de Gesti\u00f3n Administrativa; la maestra Ligia P\u00e9rez como viceministra de Servicios T\u00e9cnicos y Pedag\u00f3gicos; el doctor Rafael Bello D\u00edaz como viceministro de Supervisi\u00f3n y Control de la Calidad de la Educaci\u00f3n. <\/span><\/p>\n<p><span class=\"text1noticias\"> <\/span><\/p>\n<p><span class=\"text1noticias\">Adem\u00e1s, el doctor Julio C\u00e9sar De Los Santos como viceministro de Descentralizaci\u00f3n y Participaci\u00f3n; el maestro Rafael Alc\u00e1ntara al frente del viceministerio de Acreditaci\u00f3n y Certificaci\u00f3n Docente; y la doctora Julissa Hern\u00e1ndez viceministra de Planificaci\u00f3n y Desarrollo Educativo. <\/span><\/p>\n<p><span class=\"text1noticias\"> <\/span><\/p>\n<p><span class=\"text1noticias\">El ministro Roberto Fulcar jurament\u00f3 a los nuevos viceministros en su despacho, al tiempo de instarles a cumplir con las normas \u00e9ticas e institucionales del MINERD, atendiendo a las pol\u00edticas de transparencia del gobierno del presidente Abinader anunciadas en su discurso de toma de posesi\u00f3n del pasado 16 de agosto. <\/span><\/p>\n<p><span class=\"text1noticias\"> <\/span><\/p>\n<p><span class=\"text1noticias\"> <\/span><\/p>\n<p><span class=\"text1noticias\">Fuente: Direcci\u00f3n de Comunicaciones<\/span><\/p>\n<p><span class=\"text1noticias\"> prensaminerd<\/span><\/p>\n<p><span class=\"text1noticias\">Minist<\/span>erio de Educaci\u00f3n.<\/p>\n<p> <span class=\"text1noticias\">Ministerio Educaci\u00f3n Rep\u00fablica Dominicana<\/span><\/p>\n<\/p>\n<\/p>\n<h6> 2020-08-19 16:18:21 <\/h6>\n<p><!--\n<link rel=\"stylesheet\" href=\"css\/bootstrap.min.css\">\n\n\n<ul class=\"pagination\">\n\t    \n\t\n\n<li >\n\t<a href='?page_no=305'>Previous<\/a>\n\t<\/li>\n\n\n       \n    \n\n<li><a href='?page_no=1'>1<\/a><\/li>\n\n\n\n<li><a href='?page_no=2'>2<\/a><\/li>\n\n\n\n<li><a>...<\/a><\/li>\n\n\n\n<li><a href='?page_no=304'>304<\/a><\/li>\n\n\n\n<li><a href='?page_no=305'>305<\/a><\/li>\n\n\n\n<li class='active'><a>306<\/a><\/li>\n\n\n\n<li><a href='?page_no=307'>307<\/a><\/li>\n\n\n\n<li><a href='?page_no=308'>308<\/a><\/li>\n\n\n\n<li><a>...<\/a><\/li>\n\n\n\n<li><a href='?page_no=22911'>22911<\/a><\/li>\n\n\n\n<li><a href='?page_no=22912'>22912<\/a><\/li>\n\n    \n\t\n\n<li >\n\t<a href='?page_no=307'>Next<\/a>\n\t<\/li>\n\n\n    \n\n<li><a href='?page_no=22912'>Last &rsaquo;&rsaquo;<\/a><\/li>\n\n<\/ul>\n\n\n--><br \/>\n<\/body><\/p>\n","protected":false},"excerpt":{"rendered":"<p>diariodominicano.com Santo Domingo, R. D., 19 de agosto, 2020.- El ministro de Educaci\u00f3n, Roberto Fulcar, jurament\u00f3 este mi\u00e9rcoles a su gabinete ministerial conformado por seis viceministerios con quienes dirigir\u00e1 la pol\u00edtica educativa del gobierno del presidente Lu\u00eds Abinader. El nuevo gabinete ministerial est\u00e1 conformado por la maestra Gloria Guevara, viceministra de Gesti\u00f3n Administrativa; la maestra [&hellip;]<\/p>\n","protected":false},"author":3,"featured_media":0,"comment_status":"open","ping_status":"open","sticky":false,"template":"","format":"standard","meta":{"footnotes":""},"categories":[21],"tags":[],"class_list":["post-50529","post","type-post","status-publish","format-standard","hentry","category-cultura"],"_links":{"self":[{"href":"https:\/\/diariodominicano.com\/index.php?rest_route=\/wp\/v2\/posts\/50529","targetHints":{"allow":["GET"]}}],"collection":[{"href":"https:\/\/diariodominicano.com\/index.php?rest_route=\/wp\/v2\/posts"}],"about":[{"href":"https:\/\/diariodominicano.com\/index.php?rest_route=\/wp\/v2\/types\/post"}],"author":[{"embeddable":true,"href":"https:\/\/diariodominicano.com\/index.php?rest_route=\/wp\/v2\/users\/3"}],"replies":[{"embeddable":true,"href":"https:\/\/diariodominicano.com\/index.php?rest_route=%2Fwp%2Fv2%2Fcomments&post=50529"}],"version-history":[{"count":0,"href":"https:\/\/diariodominicano.com\/index.php?rest_route=\/wp\/v2\/posts\/50529\/revisions"}],"wp:attachment":[{"href":"https:\/\/diariodominicano.com\/index.php?rest_route=%2Fwp%2Fv2%2Fmedia&parent=50529"}],"wp:term":[{"taxonomy":"category","embeddable":true,"href":"https:\/\/diariodominicano.com\/index.php?rest_route=%2Fwp%2Fv2%2Fcategories&post=50529"},{"taxonomy":"post_tag","embeddable":true,"href":"https:\/\/diariodominicano.com\/index.php?rest_route=%2Fwp%2Fv2%2Ftags&post=50529"}],"curies":[{"name":"wp","href":"https:\/\/api.w.org\/{rel}","templated":true}]}}