{"id":505263,"date":"2024-02-02T19:37:24","date_gmt":"2024-02-02T23:37:24","guid":{"rendered":"https:\/\/diariodominicano.com\/?p=505263"},"modified":"2024-02-03T00:58:41","modified_gmt":"2024-02-03T04:58:41","slug":"fp-pide-jce-aplique-medidas-cautelares-contra-presidente-abinader-y-prm-por-uso-ilegal-recursos-del-estado-en-campana","status":"publish","type":"post","link":"https:\/\/diariodominicano.com\/?p=505263","title":{"rendered":"FP pide JCE aplique medidas cautelares contra presidente Abinader y\u00a0 PRM por uso ilegal recursos del Estado en campa\u00f1a"},"content":{"rendered":"\n<p>Archivo: Manuel Crespo<\/p>\n\n\n\n<p>El&nbsp; Partido Fuerza del Pueblo (FP) solicit\u00f3 a la Junta Central Electoral (JCE),&nbsp; la aplicaci\u00f3n de medidas cautelares en contra del presidente Luis Abinader y el Partido Revolucionario Moderno (PRM), por el uso abusivo e indiscriminado de los recursos del Estado durante la presente campa\u00f1a electoral.<\/p>\n\n\n\n<p>\u201cDisponer como media cautelar la prohibici\u00f3n al candidato presidencial del Partido Revolucionario Moderno (PRM) y presidente de la Rep\u00fablica, Luis Abinader, de participar en actividades de rentabilidad electoral particular, inclusive aquellas que se deriven de inauguraciones oficiales de obras construidas por cualquiera&nbsp; de las entidades gubernamentales, durante el per\u00edodo oficial de la presente campa\u00f1a; y de que participe en actos p\u00fablicos de las entidades gubernamentales que promuevan los candidatos del PRM a las elecciones&nbsp; municipales de febrero del 2024\u201d, dice la instancia sometida a trav\u00e9s de la Secretar\u00eda General de la JCE.<\/p>\n\n\n\n<p>El delegado Pol\u00edtico de la FP, Manuel Crespo, al depositar el documento de diez p\u00e1ginas, record\u00f3 al presidente Luis Abinader y a la dirigencia del partido oficial, que el uso de los recursos del Estado en actos proselitistas, representa una violaci\u00f3n flagrante tanto, a las normas establecidas por la Ley Org\u00e1nica de R\u00e9gimen Electoral&nbsp; 20-23, as\u00ed como la Ley de Partidos, Agrupaciones y Movimientos Pol\u00edticos 33-18.<\/p>\n\n\n\n<p>\u201cSolicitamos disponer a trav\u00e9s de la Unidad de Atenci\u00f3n, Seguimiento y Mecanismos de Ejecuci\u00f3n de las Sanciones en ocasi\u00f3n de las infracciones administrativas electorales y medidas cautelares de la JCE, la realizaci\u00f3n de una investigaci\u00f3n que determine las ocurrencias de las infracciones administrativas denunciadas y las que pudieran resultar de otras denuncias\u201d, se\u00f1al\u00f3.<\/p>\n\n\n\n<p>El tambi\u00e9n miembro de la Direcci\u00f3n Pol\u00edtica atribuy\u00f3 el uso indiscriminado de los recursos estatales, a la&nbsp; desesperaci\u00f3n del presidente Luis Abinader y los funcionarios de la fallida reelecci\u00f3n, porque en las encuestas independientes, inclusive las que mandan a realizar desde el Palacio Nacional, su derrota es inminente.<\/p>\n\n\n\n<p>\u201cEstas acciones desmedidas del uso ilegal de los recursos del Estado,&nbsp; tambi\u00e9n han sido denunciadas y condenadas por organizaciones de la sociedad civil como Participaci\u00f3n Ciudadana, la cual para mediados del pasado a\u00f1o 2023, se\u00f1al\u00f3 mediante comunicado que el uso de los recursos del Estado en los procesos electorales era apreciable a trav\u00e9s del uso de la publicidad gubernamental, que lo \u00fanico que persegu\u00eda era promover los precandidatos o candidatos oficialistas\u201d, record\u00f3.<\/p>\n\n\n\n<p>Manuel Crespo cit\u00f3 como muestra fehaciente del uso de los recursos del Estado, la venta de boletos que realizaba el director general del Consejo Nacional de la Promoci\u00f3n y Apoyo a la Micro, Peque\u00f1a y Mediana Empresa (Promipyme), Porfirio Peralta, alto dirigente perremeista, quien tuvo que reconocer p\u00fablicamente que era una rifa de un movimiento pol\u00edtico promotor de la reelecci\u00f3n del presidente Abinader&nbsp; a lo interno de la instituci\u00f3n.<\/p>\n\n\n\n<p>Adem\u00e1s, la FP en la instancia solicit\u00f3 a la JCE\u00a0 denunciar ante la Procuradur\u00eda Especializada para la Investigaci\u00f3n y Persecuci\u00f3n de Cr\u00edmenes y Delitos Electorales a todas las personas que han participado en la comisi\u00f3n de los cr\u00edmenes o delitos electorales denunciados, tal y como lo establece el art\u00edculo 309 de la Ley 20-23 de R\u00e9gimen Electoral.<\/p>\n\n\n\n<p>Miguel Montez<\/p>\n\n\n\n<p><a target=\"_blank\" href=\"mailto:miguelmontezff@gmail.com\" rel=\"noreferrer noopener\">miguelmontezff@gmail.com<\/a><\/p>\n\n\n\n<p>Viernes 02 de enero 2024<\/p>\n","protected":false},"excerpt":{"rendered":"<p>Archivo: Manuel Crespo El&nbsp; Partido Fuerza del Pueblo (FP) solicit\u00f3 a la Junta Central Electoral (JCE),&nbsp; la aplicaci\u00f3n de medidas cautelares en contra del presidente Luis Abinader y el Partido Revolucionario Moderno (PRM), por el uso abusivo e indiscriminado de los recursos del Estado durante la presente campa\u00f1a electoral. \u201cDisponer como media cautelar la prohibici\u00f3n [&hellip;]<\/p>\n","protected":false},"author":28,"featured_media":505306,"comment_status":"closed","ping_status":"","sticky":true,"template":"","format":"standard","meta":{"footnotes":""},"categories":[22,27],"tags":[],"class_list":["post-505263","post","type-post","status-publish","format-standard","has-post-thumbnail","hentry","category-politica","category-portada"],"_links":{"self":[{"href":"https:\/\/diariodominicano.com\/index.php?rest_route=\/wp\/v2\/posts\/505263","targetHints":{"allow":["GET"]}}],"collection":[{"href":"https:\/\/diariodominicano.com\/index.php?rest_route=\/wp\/v2\/posts"}],"about":[{"href":"https:\/\/diariodominicano.com\/index.php?rest_route=\/wp\/v2\/types\/post"}],"author":[{"embeddable":true,"href":"https:\/\/diariodominicano.com\/index.php?rest_route=\/wp\/v2\/users\/28"}],"replies":[{"embeddable":true,"href":"https:\/\/diariodominicano.com\/index.php?rest_route=%2Fwp%2Fv2%2Fcomments&post=505263"}],"version-history":[{"count":2,"href":"https:\/\/diariodominicano.com\/index.php?rest_route=\/wp\/v2\/posts\/505263\/revisions"}],"predecessor-version":[{"id":505341,"href":"https:\/\/diariodominicano.com\/index.php?rest_route=\/wp\/v2\/posts\/505263\/revisions\/505341"}],"wp:featuredmedia":[{"embeddable":true,"href":"https:\/\/diariodominicano.com\/index.php?rest_route=\/wp\/v2\/media\/505306"}],"wp:attachment":[{"href":"https:\/\/diariodominicano.com\/index.php?rest_route=%2Fwp%2Fv2%2Fmedia&parent=505263"}],"wp:term":[{"taxonomy":"category","embeddable":true,"href":"https:\/\/diariodominicano.com\/index.php?rest_route=%2Fwp%2Fv2%2Fcategories&post=505263"},{"taxonomy":"post_tag","embeddable":true,"href":"https:\/\/diariodominicano.com\/index.php?rest_route=%2Fwp%2Fv2%2Ftags&post=505263"}],"curies":[{"name":"wp","href":"https:\/\/api.w.org\/{rel}","templated":true}]}}