{"id":505257,"date":"2024-02-02T19:30:22","date_gmt":"2024-02-02T23:30:22","guid":{"rendered":"https:\/\/diariodominicano.com\/?p=505257"},"modified":"2024-02-02T19:33:28","modified_gmt":"2024-02-02T23:33:28","slug":"pleno-recibe-visita-del-conep-expresa-confianza-en-trabajo-de-la-jce","status":"publish","type":"post","link":"https:\/\/diariodominicano.com\/?p=505257","title":{"rendered":"Pleno recibe visita del CONEP; expresa confianza en trabajo  de la JCE"},"content":{"rendered":"\n<p>La JCE comunic\u00f3 que el grupo empresarial respald\u00f3 el proceso organizativo de la JCE y dijo confiar en el trabajo que se viene realizando desde la instituci\u00f3n.<\/p>\n\n\n\n<p><a href=\"https:\/\/www.flickr.com\/photos\/juntacentralelectoral\/53504379481\/in\/album-72177720314518180\/\"><br>DSC_1374<\/a><a href=\"https:\/\/www.flickr.com\/photos\/juntacentralelectoral\/\">por Junta Central Electoral (JCE)<\/a><\/p>\n\n\n\n<p><a href=\"https:\/\/www.flickr.com\/photos\/juntacentralelectoral\/53504379481\/in\/album-72177720314518180\/#comments\"><\/a><\/p>\n\n\n\n<p><strong>Santo Domingo, RD. &#8211;<\/strong> El Pleno de la Junta Central Electoral (JCE), recibi\u00f3 el viernes a la junta directiva del Consejo Nacional de la Empresa Privada (CONEP), con quienes conversaron sobre el ritmo del montaje de las elecciones municipales que se celebrar\u00e1n el domingo 18 del presente, inform\u00f3 en un comunicado de prensa la Direcci\u00f3n de Comunicaciones de la JCE.<\/p>\n\n\n\n<figure class=\"wp-block-image size-full\"><img loading=\"lazy\" decoding=\"async\" width=\"1024\" height=\"663\" src=\"https:\/\/diariodominicano.com\/wp-content\/uploads\/2024\/02\/53504379481_963010dee2_b.jpg\" alt=\"\" class=\"wp-image-505260\" srcset=\"https:\/\/diariodominicano.com\/wp-content\/uploads\/2024\/02\/53504379481_963010dee2_b.jpg 1024w, https:\/\/diariodominicano.com\/wp-content\/uploads\/2024\/02\/53504379481_963010dee2_b-300x194.jpg 300w, https:\/\/diariodominicano.com\/wp-content\/uploads\/2024\/02\/53504379481_963010dee2_b-768x497.jpg 768w, https:\/\/diariodominicano.com\/wp-content\/uploads\/2024\/02\/53504379481_963010dee2_b-816x528.jpg 816w\" sizes=\"auto, (max-width: 1024px) 100vw, 1024px\" \/><\/figure>\n\n\n\n<p>Comunic\u00f3 que el grupo empresarial respald\u00f3 el proceso organizativo de la JCE y dijo confiar en el trabajo que se viene realizando desde la instituci\u00f3n.<\/p>\n\n\n\n<p>El presidente de la JCE, Rom\u00e1n J\u00e1quez Liranzo, acompa\u00f1ado de los miembros del Pleno, Rafael Vallejo Santelises, Dolores Fern\u00e1ndez S\u00e1nchez, Patricia Lorenzo Paniagua y Samir Chami Isa, agradeci\u00f3 el inter\u00e9s del CONEP en conocer el desarrollo del proceso electoral y destac\u00f3 que la log\u00edstica electoral, la impresi\u00f3n de las boletas y los dem\u00e1s aspectos de los comicios est\u00e1n sobre un 90 % y concluir\u00e1 esta semana.<\/p>\n\n\n\n<p>J\u00e1quez Liranzo detall\u00f3 sobre el env\u00edo de los equipos de escaneo, digitalizaci\u00f3n y transmisi\u00f3n de datos (EDET) hacia las Juntas Electorales de la regi\u00f3n sur del pa\u00eds y la l\u00ednea de producci\u00f3n de 16,800 valijas que contienen el kit electoral ((boletas, padr\u00f3n, actas de votaci\u00f3n, tinta, presillas, gomitas, bol\u00edgrafos y sellos, entre otros) que inicia la pr\u00f3xima semana.<\/p>\n\n\n\n<p>El presidente del CONEP Celso Marranzini, acompa\u00f1ado de C\u00e9sar Dargam, vicepresidente ejecutivo; Julio Brache, primer vicepresidente; Roberto Herrera, tercer vicepresidente y Jos\u00e9 Nelson Gonz\u00e1lez, director, agradeci\u00f3 el gesto del Pleno de recibirlo a d\u00edas de celebrarse las elecciones municipales, y expres\u00f3 el apoyo al trabajo del actual Pleno de la JCE y todo el equipo en el montaje de las elecciones.<\/p>\n\n\n\n<p>\u201cExpresamos nuestra confianza en el trabajo que se realiza y estamos aqu\u00ed prestos para apoyar el proceso. Este es un rol que siempre hemos estado dispuestos a jugar como circunstancias anteriores, sobre todo respaldar el proceso\u201d, dijo Marranzini.<\/p>\n\n\n\n<p>Direcci\u00f3n de Comunicaciones<\/p>\n\n\n\n<p>02 de febrero de 2024<\/p>\n\n\n\n<p>ENLACE DE FOTOS:&nbsp;<a href=\"https:\/\/www.flickr.com\/photos\/juntacentralelectoral\/albums\/72177720314518180\/\" target=\"_blank\" rel=\"noreferrer noopener\">https:\/\/www.flickr.com\/photos\/juntacentralelectoral\/albums\/72177720314518180\/<\/a><\/p>\n\n\n\n<p>ENLACE DE VIDEO:&nbsp;<a href=\"https:\/\/we.tl\/t-yJkntmKeR0\" target=\"_blank\" rel=\"noreferrer noopener\">https:\/\/we.tl\/t-yJkntmKeR0<\/a><\/p>\n\n\n\n<p>&#8230;<\/p>\n","protected":false},"excerpt":{"rendered":"<p>La JCE comunic\u00f3 que el grupo empresarial respald\u00f3 el proceso organizativo de la JCE y dijo confiar en el trabajo que se viene realizando desde la instituci\u00f3n. DSC_1374por Junta Central Electoral (JCE) Santo Domingo, RD. &#8211; El Pleno de la Junta Central Electoral (JCE), recibi\u00f3 el viernes a la junta directiva del Consejo Nacional de [&hellip;]<\/p>\n","protected":false},"author":28,"featured_media":505258,"comment_status":"closed","ping_status":"","sticky":true,"template":"","format":"standard","meta":{"footnotes":""},"categories":[20,22,27],"tags":[],"class_list":["post-505257","post","type-post","status-publish","format-standard","has-post-thumbnail","hentry","category-dominicana-hoy","category-politica","category-portada"],"_links":{"self":[{"href":"https:\/\/diariodominicano.com\/index.php?rest_route=\/wp\/v2\/posts\/505257","targetHints":{"allow":["GET"]}}],"collection":[{"href":"https:\/\/diariodominicano.com\/index.php?rest_route=\/wp\/v2\/posts"}],"about":[{"href":"https:\/\/diariodominicano.com\/index.php?rest_route=\/wp\/v2\/types\/post"}],"author":[{"embeddable":true,"href":"https:\/\/diariodominicano.com\/index.php?rest_route=\/wp\/v2\/users\/28"}],"replies":[{"embeddable":true,"href":"https:\/\/diariodominicano.com\/index.php?rest_route=%2Fwp%2Fv2%2Fcomments&post=505257"}],"version-history":[{"count":3,"href":"https:\/\/diariodominicano.com\/index.php?rest_route=\/wp\/v2\/posts\/505257\/revisions"}],"predecessor-version":[{"id":505262,"href":"https:\/\/diariodominicano.com\/index.php?rest_route=\/wp\/v2\/posts\/505257\/revisions\/505262"}],"wp:featuredmedia":[{"embeddable":true,"href":"https:\/\/diariodominicano.com\/index.php?rest_route=\/wp\/v2\/media\/505258"}],"wp:attachment":[{"href":"https:\/\/diariodominicano.com\/index.php?rest_route=%2Fwp%2Fv2%2Fmedia&parent=505257"}],"wp:term":[{"taxonomy":"category","embeddable":true,"href":"https:\/\/diariodominicano.com\/index.php?rest_route=%2Fwp%2Fv2%2Fcategories&post=505257"},{"taxonomy":"post_tag","embeddable":true,"href":"https:\/\/diariodominicano.com\/index.php?rest_route=%2Fwp%2Fv2%2Ftags&post=505257"}],"curies":[{"name":"wp","href":"https:\/\/api.w.org\/{rel}","templated":true}]}}