{"id":505214,"date":"2024-02-02T14:15:59","date_gmt":"2024-02-02T18:15:59","guid":{"rendered":"https:\/\/diariodominicano.com\/?p=505214"},"modified":"2024-02-02T14:15:59","modified_gmt":"2024-02-02T18:15:59","slug":"hector-guzman-inauguraciones-de-abinader-en-campana-denotan-su-doble-moral","status":"publish","type":"post","link":"https:\/\/diariodominicano.com\/?p=505214","title":{"rendered":"H\u00e9ctor Guzm\u00e1n: \u201cInauguraciones de Abinader en campa\u00f1a denotan su doble moral\u201d"},"content":{"rendered":"\n<p>H\u00e9ctor Guzm\u00e1n<\/p>\n\n\n\n<p><em><u>Critica al mandatario por decir que ahora es legal lo que llam\u00f3 ilegal en la pasada campa\u00f1a.<\/u><\/em><\/p>\n\n\n\n<p>Santo Domingo, RD. &#8211; El vicepresidente del Partido Revolucionario Dominicano (PRD), H\u00e9ctor Guzm\u00e1n, afirm\u00f3 que el tema de las inauguraciones por parte del presidente Luis Abinader no solo lo legal, sino tambi\u00e9n lo moral y de principios.<\/p>\n\n\n\n<p>Guzm\u00e1n, coordinador y vocero de la campa\u00f1a presidencial de Miguel Vargas, indic\u00f3 que el mandatario y candidato al mismo cargo, del oficialista Partido Revolucionario Moderno (PRM), act\u00faa de manera incoherente. Esto as\u00ed, porque en las elecciones del 2020 se opon\u00eda a que el presidente de turno realizara inauguraciones de obras, por considerarlas ilegales.<\/p>\n\n\n\n<p>Cit\u00f3 el ejemplo del entonces delegado del PRM ante la Junta Central Electoral (JCE), el fenecido Orlando Jorge Mera, quien deposit\u00f3 ante ese organismo y entreg\u00f3 a los representantes de la Organizaci\u00f3n de Estados Americanos (OEA) una instancia en nombre del PRM. En la misma, el hoy partido oficialista protestaba por las inauguraciones de obras en per\u00edodo electoral.<\/p>\n\n\n\n<p>\u201cEse fue el partido que, a trav\u00e9s de su delegado, con m\u00e1s vehemencia cuestionaba eso del presidente Danilo Medina\u201d, expres\u00f3 H\u00e9ctor. A\u00f1adi\u00f3 que \u201ceso llev\u00f3 a que el entonces mandatario suspendiera las inauguraciones de obras\u201d.<\/p>\n\n\n\n<p>El dirigente perrede\u00edsta expres\u00f3 que Abinader y la referida organizaci\u00f3n oficialista est\u00e1n aplicando una doble moral. Insisti\u00f3 en que estos practican acciones que criticaban de otros gobiernos durante la campa\u00f1a, sin importar ahora los principios democr\u00e1ticos que dec\u00edan enarbolar.<\/p>\n\n\n\n<p>\u201cLas inauguraciones de Abinader en campa\u00f1a denotan su doble moral\u201d, remarc\u00f3.<\/p>\n\n\n\n<p>\u201cNo puede ser que t\u00fa quieras decir ahora que eso es legal, cuando tu delegado en las elecciones del 2020, en las que t\u00fa estabas y ganaste, dec\u00eda que eso era violatorio a la ley\u201d, critic\u00f3 el veterano pol\u00edtico y amplio conocedor del r\u00e9gimen legal electoral dominicano.<\/p>\n\n\n\n<p>Argument\u00f3 que ese contraste entre la declaraci\u00f3n de principios de Abinader en campa\u00f1a y su accionar, ahora desde el Gobierno, plantean un problema \u00e9tico. Guzm\u00e1n agreg\u00f3 que, a pesar de que se define como un dem\u00f3crata, el mandatario y candidato presidencial act\u00faa de espaldas a los principios democr\u00e1ticos.<\/p>\n\n\n\n<p>La Ley Electoral proh\u00edbe las inauguraciones de obras del Estado 40 d\u00edas antes de las elecciones municipales y 60 d\u00edas antes de las presidenciales, record\u00f3. Sin embargo, el gobernante sigue inaugurando obras, acompa\u00f1ado de alcaldes que tambi\u00e9n son candidatos, con lo que promueve la inequidad en el proceso electoral.<\/p>\n\n\n\n<p>\u201cAdem\u00e1s, \u00bfqu\u00e9 le cuesta a un presidente parar de inaugurar obras, sobre todo, en una competencia como la que estamos?\u201d, cuestion\u00f3.<\/p>\n\n\n\n<p>\u201cUsted tiene que pensar en el sistema de partidos y en la democracia, porque hoy est\u00e1s t\u00fa, pero ma\u00f1ana va a estar otro\u201d, puntualiz\u00f3 Guzm\u00e1n.<\/p>\n\n\n\n<p>Comunicaci\u00f3n Integral Rep Dom<\/p>\n\n\n\n<p><a target=\"_blank\" href=\"mailto:comunicacionintegralrepdom@gmail.com\" rel=\"noreferrer noopener\">comunicacionintegralrepdom@gmail.com<\/a><\/p>\n","protected":false},"excerpt":{"rendered":"<p>H\u00e9ctor Guzm\u00e1n Critica al mandatario por decir que ahora es legal lo que llam\u00f3 ilegal en la pasada campa\u00f1a. Santo Domingo, RD. &#8211; El vicepresidente del Partido Revolucionario Dominicano (PRD), H\u00e9ctor Guzm\u00e1n, afirm\u00f3 que el tema de las inauguraciones por parte del presidente Luis Abinader no solo lo legal, sino tambi\u00e9n lo moral y de [&hellip;]<\/p>\n","protected":false},"author":28,"featured_media":505218,"comment_status":"closed","ping_status":"","sticky":true,"template":"","format":"standard","meta":{"footnotes":""},"categories":[22,27],"tags":[],"class_list":["post-505214","post","type-post","status-publish","format-standard","has-post-thumbnail","hentry","category-politica","category-portada"],"_links":{"self":[{"href":"https:\/\/diariodominicano.com\/index.php?rest_route=\/wp\/v2\/posts\/505214","targetHints":{"allow":["GET"]}}],"collection":[{"href":"https:\/\/diariodominicano.com\/index.php?rest_route=\/wp\/v2\/posts"}],"about":[{"href":"https:\/\/diariodominicano.com\/index.php?rest_route=\/wp\/v2\/types\/post"}],"author":[{"embeddable":true,"href":"https:\/\/diariodominicano.com\/index.php?rest_route=\/wp\/v2\/users\/28"}],"replies":[{"embeddable":true,"href":"https:\/\/diariodominicano.com\/index.php?rest_route=%2Fwp%2Fv2%2Fcomments&post=505214"}],"version-history":[{"count":1,"href":"https:\/\/diariodominicano.com\/index.php?rest_route=\/wp\/v2\/posts\/505214\/revisions"}],"predecessor-version":[{"id":505219,"href":"https:\/\/diariodominicano.com\/index.php?rest_route=\/wp\/v2\/posts\/505214\/revisions\/505219"}],"wp:featuredmedia":[{"embeddable":true,"href":"https:\/\/diariodominicano.com\/index.php?rest_route=\/wp\/v2\/media\/505218"}],"wp:attachment":[{"href":"https:\/\/diariodominicano.com\/index.php?rest_route=%2Fwp%2Fv2%2Fmedia&parent=505214"}],"wp:term":[{"taxonomy":"category","embeddable":true,"href":"https:\/\/diariodominicano.com\/index.php?rest_route=%2Fwp%2Fv2%2Fcategories&post=505214"},{"taxonomy":"post_tag","embeddable":true,"href":"https:\/\/diariodominicano.com\/index.php?rest_route=%2Fwp%2Fv2%2Ftags&post=505214"}],"curies":[{"name":"wp","href":"https:\/\/api.w.org\/{rel}","templated":true}]}}