{"id":505209,"date":"2024-02-02T14:13:59","date_gmt":"2024-02-02T18:13:59","guid":{"rendered":"https:\/\/diariodominicano.com\/?p=505209"},"modified":"2024-02-02T14:13:59","modified_gmt":"2024-02-02T18:13:59","slug":"pld-realiza-curso-de-etica-y-transparencia","status":"publish","type":"post","link":"https:\/\/diariodominicano.com\/?p=505209","title":{"rendered":"PLD realiza curso de \u00c9tica y Transparencia"},"content":{"rendered":"\n<p>diariodominicano.com<\/p>\n\n\n\n<p><em>En plena campa\u00f1a electoral el&nbsp;<strong>PLD&nbsp;<\/strong>da continuidad a su programa de Formaci\u00f3n en pol\u00edtica de sus miembros y dirigentes<\/em><\/p>\n\n\n\n<p>Santo Domingo, R. D., 2 de febrero, 2024.- <strong>El Partido de la Liberaci\u00f3n Dominicana (PLD)<\/strong>\u00a0imparti\u00f3 esta semana el curso \u00c9tica y Transparencia, dirigido a candidatos y candidatas y a dirigentes de esa organizaci\u00f3n pol\u00edtica.<\/p>\n\n\n\n<p>Con la actividad docente el&nbsp;<strong>Instituto de Formaci\u00f3n Pol\u00edtica Profesor Juan Bosch del PLD<\/strong>&nbsp;escal\u00f3 un nuevo pelda\u00f1o en su programa de formaci\u00f3n continua, que forma parte de la agenda partidaria.<\/p>\n\n\n\n<p>El curso cont\u00f3 con la intervenci\u00f3n de la jurista&nbsp;<strong>Yulibelys Wandelpool<\/strong>&nbsp;como facilitadora del mismo, quien, con ejemplos pr\u00e1cticos y gr\u00e1ficas, record\u00f3 que tanto el comportamiento \u00e9tico como la transparencia son cualidades fundamentales del dirigente del PLD y del funcionario p\u00fablico. &nbsp;<\/p>\n\n\n\n<p>\u201cLa transparencia es un pilar fundamental que garantiza que no se produzcan actos cuestionables por la sociedad o violatorios de preceptos legales\u201d, dijo Wandelpool en un aspecto del curso.<\/p>\n\n\n\n<p>\u201cEl PLD con cursos como estos se erige como garante de una buena administraci\u00f3n p\u00fablica\u201d, explic\u00f3 Milton Reyes, titular de la Secretar\u00eda de Educaci\u00f3n Superior del PLD, quien forma parte del equipo coordinador del Instituto de Formaci\u00f3n Pol\u00edtica Profesor Juan Bosch.<\/p>\n\n\n\n<p>En esas actividades los participantes se les presenta la oportunidad de externar sus conocimientos, los que consolidan las exposiciones de los facilitadores.<\/p>\n\n\n\n<p>La actividad se realiz\u00f3 en la sede del Instituto de Formaci\u00f3n Pol\u00edtica del PLD que dirige Alejandrina Germ\u00e1n.<\/p>\n\n\n\n<p><strong>SECRETARIA DE COMUNICACIONES<\/strong><\/p>\n\n\n\n<p><strong>02 DE FEBRERO, 2024.-<\/strong><\/p>\n\n\n\n<p><strong>DECLARACI\u00d3N DE PRENSA<\/strong><\/p>\n","protected":false},"excerpt":{"rendered":"<p>diariodominicano.com En plena campa\u00f1a electoral el&nbsp;PLD&nbsp;da continuidad a su programa de Formaci\u00f3n en pol\u00edtica de sus miembros y dirigentes Santo Domingo, R. D., 2 de febrero, 2024.- El Partido de la Liberaci\u00f3n Dominicana (PLD)\u00a0imparti\u00f3 esta semana el curso \u00c9tica y Transparencia, dirigido a candidatos y candidatas y a dirigentes de esa organizaci\u00f3n pol\u00edtica. Con la [&hellip;]<\/p>\n","protected":false},"author":5,"featured_media":505215,"comment_status":"closed","ping_status":"","sticky":true,"template":"","format":"standard","meta":{"footnotes":""},"categories":[22,27],"tags":[],"class_list":["post-505209","post","type-post","status-publish","format-standard","has-post-thumbnail","hentry","category-politica","category-portada"],"_links":{"self":[{"href":"https:\/\/diariodominicano.com\/index.php?rest_route=\/wp\/v2\/posts\/505209","targetHints":{"allow":["GET"]}}],"collection":[{"href":"https:\/\/diariodominicano.com\/index.php?rest_route=\/wp\/v2\/posts"}],"about":[{"href":"https:\/\/diariodominicano.com\/index.php?rest_route=\/wp\/v2\/types\/post"}],"author":[{"embeddable":true,"href":"https:\/\/diariodominicano.com\/index.php?rest_route=\/wp\/v2\/users\/5"}],"replies":[{"embeddable":true,"href":"https:\/\/diariodominicano.com\/index.php?rest_route=%2Fwp%2Fv2%2Fcomments&post=505209"}],"version-history":[{"count":1,"href":"https:\/\/diariodominicano.com\/index.php?rest_route=\/wp\/v2\/posts\/505209\/revisions"}],"predecessor-version":[{"id":505216,"href":"https:\/\/diariodominicano.com\/index.php?rest_route=\/wp\/v2\/posts\/505209\/revisions\/505216"}],"wp:featuredmedia":[{"embeddable":true,"href":"https:\/\/diariodominicano.com\/index.php?rest_route=\/wp\/v2\/media\/505215"}],"wp:attachment":[{"href":"https:\/\/diariodominicano.com\/index.php?rest_route=%2Fwp%2Fv2%2Fmedia&parent=505209"}],"wp:term":[{"taxonomy":"category","embeddable":true,"href":"https:\/\/diariodominicano.com\/index.php?rest_route=%2Fwp%2Fv2%2Fcategories&post=505209"},{"taxonomy":"post_tag","embeddable":true,"href":"https:\/\/diariodominicano.com\/index.php?rest_route=%2Fwp%2Fv2%2Ftags&post=505209"}],"curies":[{"name":"wp","href":"https:\/\/api.w.org\/{rel}","templated":true}]}}