{"id":505208,"date":"2024-02-02T14:08:25","date_gmt":"2024-02-02T18:08:25","guid":{"rendered":"https:\/\/diariodominicano.com\/?p=505208"},"modified":"2024-02-02T14:08:25","modified_gmt":"2024-02-02T18:08:25","slug":"domingo-contreras-y-janet-camilo-reciben-apoyo-del-frente-medico-del-prd","status":"publish","type":"post","link":"https:\/\/diariodominicano.com\/?p=505208","title":{"rendered":"Domingo Contreras y Janet Camilo reciben apoyo del Frente M\u00e9dico del PRD"},"content":{"rendered":"\n<p><strong>Distrito Nacional, RD.<\/strong>\u00a0&#8211; La candidata a vicealcaldesa del Distrito Nacional por la alianza Rescate RD, Janet Camilo, recibi\u00f3 junto a su compa\u00f1ero de boleta, el candidato a alcalde, Domingo Contreras; el apoyo del Frente M\u00e9dico del Partido Revolucionario Dominicano (PRD) el cual, present\u00f3\u00a0a la par su propuesta en materia de salud para el sector municipal.<\/p>\n\n\n\n<figure class=\"wp-block-image size-large\"><img loading=\"lazy\" decoding=\"async\" width=\"1024\" height=\"682\" src=\"https:\/\/diariodominicano.com\/wp-content\/uploads\/2024\/02\/WhatsApp-Image-2024-02-02-at-12.10.22-PM-1-1024x682.jpeg\" alt=\"\" class=\"wp-image-505211\" srcset=\"https:\/\/diariodominicano.com\/wp-content\/uploads\/2024\/02\/WhatsApp-Image-2024-02-02-at-12.10.22-PM-1-1024x682.jpeg 1024w, https:\/\/diariodominicano.com\/wp-content\/uploads\/2024\/02\/WhatsApp-Image-2024-02-02-at-12.10.22-PM-1-300x200.jpeg 300w, https:\/\/diariodominicano.com\/wp-content\/uploads\/2024\/02\/WhatsApp-Image-2024-02-02-at-12.10.22-PM-1-768x512.jpeg 768w, https:\/\/diariodominicano.com\/wp-content\/uploads\/2024\/02\/WhatsApp-Image-2024-02-02-at-12.10.22-PM-1-816x544.jpeg 816w, https:\/\/diariodominicano.com\/wp-content\/uploads\/2024\/02\/WhatsApp-Image-2024-02-02-at-12.10.22-PM-1.jpeg 1280w\" sizes=\"auto, (max-width: 1024px) 100vw, 1024px\" \/><\/figure>\n\n\n\n<p>La tambi\u00e9n presidenta en funciones del PRD, valor\u00f3 los aportes de los profesionales del sector salud y su inter\u00e9s en ser parte de la mejor\u00eda de los habitantes del Distrito Nacional. Camilo, reiter\u00f3 el compromiso que tiene, junto a Domingo, para optimizar la calidad de vida de los ciudadanos y residentes de esta demarcaci\u00f3n.<\/p>\n\n\n\n<p>Durante dicha actividad, Contreras agradeci\u00f3 y acogi\u00f3 la propuesta presentada por los galenos; tambi\u00e9n, resalt\u00f3 los aspectos de su propuesta a implementar cuando llegue al Ayuntamiento del Distrito que est\u00e1n pensados en el bienestar y la salud de sus habitantes, debido a que, solucionando el problema del drenaje pluvial y recolecci\u00f3n de aguas residuales, la correcta recogida de residuos s\u00f3lidos y su reciclaje, contribuyen en ese sentido.<\/p>\n\n\n\n<figure class=\"wp-block-image size-large\"><img loading=\"lazy\" decoding=\"async\" width=\"1024\" height=\"682\" src=\"https:\/\/diariodominicano.com\/wp-content\/uploads\/2024\/02\/WhatsApp-Image-2024-02-02-at-12.10.04-PM-1024x682.jpeg\" alt=\"\" class=\"wp-image-505212\" srcset=\"https:\/\/diariodominicano.com\/wp-content\/uploads\/2024\/02\/WhatsApp-Image-2024-02-02-at-12.10.04-PM-1024x682.jpeg 1024w, https:\/\/diariodominicano.com\/wp-content\/uploads\/2024\/02\/WhatsApp-Image-2024-02-02-at-12.10.04-PM-300x200.jpeg 300w, https:\/\/diariodominicano.com\/wp-content\/uploads\/2024\/02\/WhatsApp-Image-2024-02-02-at-12.10.04-PM-768x512.jpeg 768w, https:\/\/diariodominicano.com\/wp-content\/uploads\/2024\/02\/WhatsApp-Image-2024-02-02-at-12.10.04-PM-816x544.jpeg 816w, https:\/\/diariodominicano.com\/wp-content\/uploads\/2024\/02\/WhatsApp-Image-2024-02-02-at-12.10.04-PM.jpeg 1280w\" sizes=\"auto, (max-width: 1024px) 100vw, 1024px\" \/><\/figure>\n\n\n\n<p>En ese sentido, otro aspecto de gran importancia que resalt\u00f3 el candidato es, la rearborizaci\u00f3n, que est\u00e1 contemplada en su propuesta, para reducir la temperatura y mejorar la calidad del aire, siendo de gran ayuda para la salud.<\/p>\n\n\n\n<p>A dicha actividad estuvo presente la secretaria general del PRD, Peggy Cabral, tambi\u00e9n, estuvo presente Hugo Bautista, presidente del Frente M\u00e9dico del PRD, Yubelkis Aquino, secretaria general del Frente, entre otros.<\/p>\n\n\n\n<p><strong>Direcci\u00f3n de Relaciones P\u00fablicas de Janet Camilo<\/strong><\/p>\n\n\n\n<p><strong>02 de febrero, 2024<\/strong><\/p>\n","protected":false},"excerpt":{"rendered":"<p>Distrito Nacional, RD.\u00a0&#8211; La candidata a vicealcaldesa del Distrito Nacional por la alianza Rescate RD, Janet Camilo, recibi\u00f3 junto a su compa\u00f1ero de boleta, el candidato a alcalde, Domingo Contreras; el apoyo del Frente M\u00e9dico del Partido Revolucionario Dominicano (PRD) el cual, present\u00f3\u00a0a la par su propuesta en materia de salud para el sector municipal. [&hellip;]<\/p>\n","protected":false},"author":28,"featured_media":505210,"comment_status":"closed","ping_status":"","sticky":true,"template":"","format":"standard","meta":{"footnotes":""},"categories":[22,27],"tags":[],"class_list":["post-505208","post","type-post","status-publish","format-standard","has-post-thumbnail","hentry","category-politica","category-portada"],"_links":{"self":[{"href":"https:\/\/diariodominicano.com\/index.php?rest_route=\/wp\/v2\/posts\/505208","targetHints":{"allow":["GET"]}}],"collection":[{"href":"https:\/\/diariodominicano.com\/index.php?rest_route=\/wp\/v2\/posts"}],"about":[{"href":"https:\/\/diariodominicano.com\/index.php?rest_route=\/wp\/v2\/types\/post"}],"author":[{"embeddable":true,"href":"https:\/\/diariodominicano.com\/index.php?rest_route=\/wp\/v2\/users\/28"}],"replies":[{"embeddable":true,"href":"https:\/\/diariodominicano.com\/index.php?rest_route=%2Fwp%2Fv2%2Fcomments&post=505208"}],"version-history":[{"count":1,"href":"https:\/\/diariodominicano.com\/index.php?rest_route=\/wp\/v2\/posts\/505208\/revisions"}],"predecessor-version":[{"id":505213,"href":"https:\/\/diariodominicano.com\/index.php?rest_route=\/wp\/v2\/posts\/505208\/revisions\/505213"}],"wp:featuredmedia":[{"embeddable":true,"href":"https:\/\/diariodominicano.com\/index.php?rest_route=\/wp\/v2\/media\/505210"}],"wp:attachment":[{"href":"https:\/\/diariodominicano.com\/index.php?rest_route=%2Fwp%2Fv2%2Fmedia&parent=505208"}],"wp:term":[{"taxonomy":"category","embeddable":true,"href":"https:\/\/diariodominicano.com\/index.php?rest_route=%2Fwp%2Fv2%2Fcategories&post=505208"},{"taxonomy":"post_tag","embeddable":true,"href":"https:\/\/diariodominicano.com\/index.php?rest_route=%2Fwp%2Fv2%2Ftags&post=505208"}],"curies":[{"name":"wp","href":"https:\/\/api.w.org\/{rel}","templated":true}]}}