{"id":505191,"date":"2024-02-02T12:48:13","date_gmt":"2024-02-02T16:48:13","guid":{"rendered":"https:\/\/diariodominicano.com\/?p=505191"},"modified":"2024-02-02T13:09:33","modified_gmt":"2024-02-02T17:09:33","slug":"luis-el-gallo-pide-ampliar-programas-sociales-para-lograr-reducir-violencia-en-los-barrios","status":"publish","type":"post","link":"https:\/\/diariodominicano.com\/?p=505191","title":{"rendered":"Luis \u201cEl Gallo\u201d pide ampliar programas sociales, para lograr reducir violencia en los barrios"},"content":{"rendered":"\n<p>El presidente de la Uni\u00f3n Dem\u00f3crata Cristiana \u2013UDC-, Luis Acosta Moreta, Luis \u201cEl Gallo\u201d, dijo hoy que la mayor parte de los residentes en los barrios populares son personas serias y responsables, y que los hechos de violencia en ocasiones son producidos de forma individual por j\u00f3venes desaprensivos.<\/p>\n\n\n\n<p>Destac\u00f3 que el presidente Luis Abinader est\u00e1 trabajando sin descanso para ampliar los programas de asistencia social, y de esa forma reducir los cuadros de miseria y por consiguiente de la violencia en los barrios.<\/p>\n\n\n\n<p>La UDC, conjuntamente con el presidente Abinader, lleva comida y esperanzas a las zonas excluidas de Santo Domingo y otras zonas del pa\u00eds, por lo que pidi\u00f3 que a esta cruzada se unan las fuerzas sociales, los empresarios y los pol\u00edticos que no los obnubila la pasi\u00f3n.<\/p>\n\n\n\n<figure class=\"wp-block-gallery has-nested-images columns-default is-cropped wp-block-gallery-1 is-layout-flex wp-block-gallery-is-layout-flex\">\n<figure class=\"wp-block-image size-large\"><img loading=\"lazy\" decoding=\"async\" width=\"1024\" height=\"576\" data-id=\"505198\" src=\"https:\/\/diariodominicano.com\/wp-content\/uploads\/2024\/02\/Luis-El-Gallo-pide-ampliar-programas-sociales-para-lograr-reducir-violencia-en-los-barrios.jpeg\" alt=\"\" class=\"wp-image-505198\" srcset=\"https:\/\/diariodominicano.com\/wp-content\/uploads\/2024\/02\/Luis-El-Gallo-pide-ampliar-programas-sociales-para-lograr-reducir-violencia-en-los-barrios.jpeg 1024w, https:\/\/diariodominicano.com\/wp-content\/uploads\/2024\/02\/Luis-El-Gallo-pide-ampliar-programas-sociales-para-lograr-reducir-violencia-en-los-barrios-300x169.jpeg 300w, https:\/\/diariodominicano.com\/wp-content\/uploads\/2024\/02\/Luis-El-Gallo-pide-ampliar-programas-sociales-para-lograr-reducir-violencia-en-los-barrios-768x432.jpeg 768w, https:\/\/diariodominicano.com\/wp-content\/uploads\/2024\/02\/Luis-El-Gallo-pide-ampliar-programas-sociales-para-lograr-reducir-violencia-en-los-barrios-816x459.jpeg 816w\" sizes=\"auto, (max-width: 1024px) 100vw, 1024px\" \/><\/figure>\n\n\n\n<figure class=\"wp-block-image size-large\"><img loading=\"lazy\" decoding=\"async\" width=\"1024\" height=\"576\" data-id=\"505197\" src=\"https:\/\/diariodominicano.com\/wp-content\/uploads\/2024\/02\/Luis-El-Gallo-pide-ampliar-programas-sociales.jpeg\" alt=\"\" class=\"wp-image-505197\" srcset=\"https:\/\/diariodominicano.com\/wp-content\/uploads\/2024\/02\/Luis-El-Gallo-pide-ampliar-programas-sociales.jpeg 1024w, https:\/\/diariodominicano.com\/wp-content\/uploads\/2024\/02\/Luis-El-Gallo-pide-ampliar-programas-sociales-300x169.jpeg 300w, https:\/\/diariodominicano.com\/wp-content\/uploads\/2024\/02\/Luis-El-Gallo-pide-ampliar-programas-sociales-768x432.jpeg 768w, https:\/\/diariodominicano.com\/wp-content\/uploads\/2024\/02\/Luis-El-Gallo-pide-ampliar-programas-sociales-816x459.jpeg 816w\" sizes=\"auto, (max-width: 1024px) 100vw, 1024px\" \/><\/figure>\n<\/figure>\n\n\n\n<p>Apunt\u00f3 que el presidente Luis Abinader est\u00e1 trabajando a tiempo completo para mejorar las condiciones de vida en los barrios, que es la mejor seguridad de que se van a reducir los cuadros de violencia en los mismos.<\/p>\n\n\n\n<p>A\u00f1adi\u00f3 que cuando ocurre un hecho de violencia en un barrio, se quiere vender la idea prejuiciada de que donde hay hambre y miseria es tierra de nadie, de sangre, de muerte, con robos, atracos, violencia intrafamiliar, y ello no es cierto.<\/p>\n\n\n\n<p>Agreg\u00f3 que la violencia, los hechos de sangre, los robos, desde callejeros hasta de cuello blanco, son de los c\u00e1nceres centrales de la sociedad dominicana, que afectan a todo su tejido social.<\/p>\n\n\n\n<p>En los barrios excluidos residen familias ejemplares que con el sudor de su frente han levantando hijos profesionales, mujeres que friendo empanadillas en una esquina o lavando ropa, logran el sustenta de su diario existir.<\/p>\n\n\n\n<p>La violencia que se siente en los barrios tiene que ser enfrentada de acuerdo a la ley, y a lo que aconseja el respeto a los derechos humanos; hay que ofrecer alternativas de trabajo y estudio a la juventud, para que pueda seguir adelante.<\/p>\n\n\n\n<p>Pidi\u00f3 que tambi\u00e9n las autoridades sean comedidas al momento de reprimir en los barrios, con acciones que lleven repulsa y donde al mismo tiempo se afecta a responsables de violaciones a la ley, que a j\u00f3venes trabajadores y estudiantes.<\/p>\n\n\n\n<p>Apunt\u00f3 que desde la UDC se est\u00e1 trabajando para que se mejoren las condiciones de vida de los barrios marginados, que los ni\u00f1os y los adolescentes puedan ir a la escuela, que haya trabajo para los adultos, y facilidades crediticias blandas para los buhoneros.<\/p>\n\n\n\n<p>Mostrar texto citado<\/p>\n","protected":false},"excerpt":{"rendered":"<p>El presidente de la Uni\u00f3n Dem\u00f3crata Cristiana \u2013UDC-, Luis Acosta Moreta, Luis \u201cEl Gallo\u201d, dijo hoy que la mayor parte de los residentes en los barrios populares son personas serias y responsables, y que los hechos de violencia en ocasiones son producidos de forma individual por j\u00f3venes desaprensivos. Destac\u00f3 que el presidente Luis Abinader est\u00e1 [&hellip;]<\/p>\n","protected":false},"author":7,"featured_media":505197,"comment_status":"closed","ping_status":"closed","sticky":true,"template":"","format":"standard","meta":{"footnotes":""},"categories":[22,27],"tags":[],"class_list":["post-505191","post","type-post","status-publish","format-standard","has-post-thumbnail","hentry","category-politica","category-portada"],"_links":{"self":[{"href":"https:\/\/diariodominicano.com\/index.php?rest_route=\/wp\/v2\/posts\/505191","targetHints":{"allow":["GET"]}}],"collection":[{"href":"https:\/\/diariodominicano.com\/index.php?rest_route=\/wp\/v2\/posts"}],"about":[{"href":"https:\/\/diariodominicano.com\/index.php?rest_route=\/wp\/v2\/types\/post"}],"author":[{"embeddable":true,"href":"https:\/\/diariodominicano.com\/index.php?rest_route=\/wp\/v2\/users\/7"}],"replies":[{"embeddable":true,"href":"https:\/\/diariodominicano.com\/index.php?rest_route=%2Fwp%2Fv2%2Fcomments&post=505191"}],"version-history":[{"count":1,"href":"https:\/\/diariodominicano.com\/index.php?rest_route=\/wp\/v2\/posts\/505191\/revisions"}],"predecessor-version":[{"id":505199,"href":"https:\/\/diariodominicano.com\/index.php?rest_route=\/wp\/v2\/posts\/505191\/revisions\/505199"}],"wp:featuredmedia":[{"embeddable":true,"href":"https:\/\/diariodominicano.com\/index.php?rest_route=\/wp\/v2\/media\/505197"}],"wp:attachment":[{"href":"https:\/\/diariodominicano.com\/index.php?rest_route=%2Fwp%2Fv2%2Fmedia&parent=505191"}],"wp:term":[{"taxonomy":"category","embeddable":true,"href":"https:\/\/diariodominicano.com\/index.php?rest_route=%2Fwp%2Fv2%2Fcategories&post=505191"},{"taxonomy":"post_tag","embeddable":true,"href":"https:\/\/diariodominicano.com\/index.php?rest_route=%2Fwp%2Fv2%2Ftags&post=505191"}],"curies":[{"name":"wp","href":"https:\/\/api.w.org\/{rel}","templated":true}]}}