{"id":505118,"date":"2024-02-02T01:02:17","date_gmt":"2024-02-02T05:02:17","guid":{"rendered":"https:\/\/diariodominicano.com\/?p=505118"},"modified":"2024-02-02T01:03:16","modified_gmt":"2024-02-02T05:03:16","slug":"mpd-califica-de-dictatorial-ley-01-24-que-crea-el-dni","status":"publish","type":"post","link":"https:\/\/diariodominicano.com\/?p=505118","title":{"rendered":"MPD califica de dictatorial Ley 01-24 que crea el DNI"},"content":{"rendered":"\n<p>Fernando Arturo Hern\u00e1ndez<\/p>\n\n\n\n<p>El Movimiento Popular Dominicano (MPD), rechaz\u00f3 hoy la Ley 01-24, promulgada recientemente por el presidente Luis Abinader, mediante la cual se crea&nbsp;la nueva Direcci\u00f3n Nacional de Inteligencia (DNI),&nbsp;al considerar que la misma se violan derechos fundamentales de los dominicanos, consagrados en la Constituci\u00f3n de la Rep\u00fablica.<\/p>\n\n\n\n<p>\u201cLa Ley 01-24 anula el Poder Judicial, al da poderes extraordinarios al presidente de la Rep\u00fablica y por intermedio al DNI, ya que sus agentes podr\u00e1n podr\u00e1n apresar a cualquier ciudadano sin la orden de un juez, sin estar cometiendo un delito e inclusive entrar a una casa sin una orden judicial.&nbsp; Es una especie de SIM, servicio de inteligencia que implement\u00f3 la dictadura de Trujillo\u201d, expres\u00f3 Fernando Arturo Hern\u00e1ndez, vocero nacional del MPD.<\/p>\n\n\n\n<figure class=\"wp-block-image size-large\"><img loading=\"lazy\" decoding=\"async\" width=\"1024\" height=\"652\" src=\"https:\/\/diariodominicano.com\/wp-content\/uploads\/2024\/02\/Fernando-Arturo-Hernandez-vocero-nacional-del-MPD-4-1024x652.png\" alt=\"\" class=\"wp-image-505120\" srcset=\"https:\/\/diariodominicano.com\/wp-content\/uploads\/2024\/02\/Fernando-Arturo-Hernandez-vocero-nacional-del-MPD-4-1024x652.png 1024w, https:\/\/diariodominicano.com\/wp-content\/uploads\/2024\/02\/Fernando-Arturo-Hernandez-vocero-nacional-del-MPD-4-300x191.png 300w, https:\/\/diariodominicano.com\/wp-content\/uploads\/2024\/02\/Fernando-Arturo-Hernandez-vocero-nacional-del-MPD-4-768x489.png 768w, https:\/\/diariodominicano.com\/wp-content\/uploads\/2024\/02\/Fernando-Arturo-Hernandez-vocero-nacional-del-MPD-4-816x520.png 816w, https:\/\/diariodominicano.com\/wp-content\/uploads\/2024\/02\/Fernando-Arturo-Hernandez-vocero-nacional-del-MPD-4.png 1134w\" sizes=\"auto, (max-width: 1024px) 100vw, 1024px\" \/><\/figure>\n\n\n\n<p>Fernando Arturo Hern\u00e1ndez<\/p>\n\n\n\n<p>Indic\u00f3 que a todos nos quieren convertir en informantes del DNI, lo que vulnera la Constituci\u00f3n de la Rep\u00fablica, al violar el derecho a la intimidad, el derecho de movilidad, el derecho a expresarse, entre otros derechos consagrados en la Carta Magna.<\/p>\n\n\n\n<p>Hern\u00e1ndez asegur\u00f3 que la reci\u00e9n promulgada ley va dirigida contra los revolucionarios y a intimidar a los que luchan por la libertad y las reivindicaciones del pueblo.<\/p>\n\n\n\n<p>\u201cEsa ley va dirigida fundamentalmente en contra de los que luchamos por los derechos del pueblo y ellos creen que lo van a impedir.&nbsp; El MPD ha decidido rebelarse y no respetar esa ley dictatorial, porque es lesivo al estado de derechos, vulnera los derechos fundamentales de los dominicanos\u201d, sostuvo Arturo Hern\u00e1ndez.<\/p>\n\n\n\n<p>El portavoz del MPD a\u00f1adi\u00f3: \u201cDa pena que sea el PRM, que es la continuaci\u00f3n del PRD, que luchara por las libertades p\u00fablicas y derechos pol\u00edticos durante el per\u00edodo de los doce a\u00f1os del r\u00e9gimen de Balaguer, que hoy pretenda desconocer los derechos del pueblo.&nbsp; El presidente Abinader cree que el poder es eterno y no satisfecho con el poder que tiene, quiere m\u00e1s poder, convertirse en un fara\u00f3n\u201d.<\/p>\n\n\n\n<p>Finalmente, Fernando Hern\u00e1ndez llam\u00f3 al pueblo a manifestarse en las calles en repudio a la Ley 01-24, al tiempo que expres\u00f3 la disposici\u00f3n de rebelarse en contra de los miembros del DNI cuando intenten desconocer el derecho a la protesta y de luchar en defensa de los m\u00e1s despose\u00eddos.<\/p>\n\n\n\n<p><strong>Fernando Arturo Hern\u00e1ndez<\/strong><\/p>\n\n\n\n<p>Vocero nacional del MPD,<\/p>\n","protected":false},"excerpt":{"rendered":"<p>Fernando Arturo Hern\u00e1ndez El Movimiento Popular Dominicano (MPD), rechaz\u00f3 hoy la Ley 01-24, promulgada recientemente por el presidente Luis Abinader, mediante la cual se crea&nbsp;la nueva Direcci\u00f3n Nacional de Inteligencia (DNI),&nbsp;al considerar que la misma se violan derechos fundamentales de los dominicanos, consagrados en la Constituci\u00f3n de la Rep\u00fablica. \u201cLa Ley 01-24 anula el Poder [&hellip;]<\/p>\n","protected":false},"author":28,"featured_media":505119,"comment_status":"closed","ping_status":"","sticky":false,"template":"","format":"standard","meta":{"footnotes":""},"categories":[22],"tags":[],"class_list":["post-505118","post","type-post","status-publish","format-standard","has-post-thumbnail","hentry","category-politica"],"_links":{"self":[{"href":"https:\/\/diariodominicano.com\/index.php?rest_route=\/wp\/v2\/posts\/505118","targetHints":{"allow":["GET"]}}],"collection":[{"href":"https:\/\/diariodominicano.com\/index.php?rest_route=\/wp\/v2\/posts"}],"about":[{"href":"https:\/\/diariodominicano.com\/index.php?rest_route=\/wp\/v2\/types\/post"}],"author":[{"embeddable":true,"href":"https:\/\/diariodominicano.com\/index.php?rest_route=\/wp\/v2\/users\/28"}],"replies":[{"embeddable":true,"href":"https:\/\/diariodominicano.com\/index.php?rest_route=%2Fwp%2Fv2%2Fcomments&post=505118"}],"version-history":[{"count":3,"href":"https:\/\/diariodominicano.com\/index.php?rest_route=\/wp\/v2\/posts\/505118\/revisions"}],"predecessor-version":[{"id":505123,"href":"https:\/\/diariodominicano.com\/index.php?rest_route=\/wp\/v2\/posts\/505118\/revisions\/505123"}],"wp:featuredmedia":[{"embeddable":true,"href":"https:\/\/diariodominicano.com\/index.php?rest_route=\/wp\/v2\/media\/505119"}],"wp:attachment":[{"href":"https:\/\/diariodominicano.com\/index.php?rest_route=%2Fwp%2Fv2%2Fmedia&parent=505118"}],"wp:term":[{"taxonomy":"category","embeddable":true,"href":"https:\/\/diariodominicano.com\/index.php?rest_route=%2Fwp%2Fv2%2Fcategories&post=505118"},{"taxonomy":"post_tag","embeddable":true,"href":"https:\/\/diariodominicano.com\/index.php?rest_route=%2Fwp%2Fv2%2Ftags&post=505118"}],"curies":[{"name":"wp","href":"https:\/\/api.w.org\/{rel}","templated":true}]}}