{"id":505072,"date":"2024-02-02T00:11:34","date_gmt":"2024-02-02T04:11:34","guid":{"rendered":"https:\/\/diariodominicano.com\/?p=505072"},"modified":"2024-02-02T00:11:34","modified_gmt":"2024-02-02T04:11:34","slug":"que-dicen-las-encuestas-sobre-la-intencion-de-voto-en-el-salvador","status":"publish","type":"post","link":"https:\/\/diariodominicano.com\/?p=505072","title":{"rendered":"\u00bfQu\u00e9 dicen las encuestas sobre la intenci\u00f3n de voto en El Salvador?"},"content":{"rendered":"\n<p>enero 25, 2024<\/p>\n\n\n\n<ul class=\"wp-block-list\">\n<li><a href=\"https:\/\/www.vozdeamerica.com\/author\/milton-rodriguez\/rgqt_\">Milton Rodr\u00edguez<\/a><\/li>\n<\/ul>\n\n\n\n<hr class=\"wp-block-separator has-alpha-channel-opacity\"\/>\n\n\n\n<figure class=\"wp-block-image\"><img decoding=\"async\" src=\"https:\/\/gdb.voanews.com\/ad77ef4c-96ec-4789-aa76-af3e0ce0775c_cx0_cy10_cw0_w1023_r1_s.jpg\" alt=\"ARCHIVO: El presidente de El Salvador, Nayib Bukele, habla durante la inauguraci\u00f3n de la planta farmac\u00e9utica Vijosa en Santa Tecla, El Salvador, el 20 de noviembre de 2023. REUTERS\/Jos\u00e9 Cabezas\"\/><figcaption class=\"wp-element-caption\">ARCHIVO: El presidente de El Salvador, Nayib Bukele, habla durante la inauguraci\u00f3n de la planta farmac\u00e9utica Vijosa en Santa Tecla, El Salvador, el 20 de noviembre de 2023. REUTERS\/Jos\u00e9 Cabezas<\/figcaption><\/figure>\n\n\n\n<p>Compartir<\/p>\n\n\n\n<ul class=\"wp-block-list\">\n<li><a href=\"https:\/\/facebook.com\/sharer.php?u=https%3a%2f%2fwww.vozdeamerica.com%2fa%2fque-dicen-las-encuestas-sobre-la-intencion-de-voto-en-el-salvador-%2f7456854.html\" target=\"_blank\" rel=\"noreferrer noopener\"><\/a><\/li>\n\n\n\n<li><a href=\"https:\/\/twitter.com\/share?url=https%3a%2f%2fwww.vozdeamerica.com%2fa%2fque-dicen-las-encuestas-sobre-la-intencion-de-voto-en-el-salvador-%2f7456854.html&amp;text=%c2%bfQu%c3%a9+dicen+las+encuestas+sobre+la+intenci%c3%b3n+de+voto+en+El+Salvador%3f\" target=\"_blank\" rel=\"noreferrer noopener\"><\/a><\/li>\n\n\n\n<li><\/li>\n\n\n\n<li><a href=\"mailto:?body=https%3a%2f%2fwww.vozdeamerica.com%2fa%2fque-dicen-las-encuestas-sobre-la-intencion-de-voto-en-el-salvador-%2f7456854.html&amp;subject=%C2%BFQu%C3%A9%20dicen%20las%20encuestas%20sobre%20la%20intenci%C3%B3n%20de%20voto%20en%20El%20Salvador?\"><\/a><\/li>\n<\/ul>\n\n\n\n<p><a href=\"https:\/\/www.vozdeamerica.com\/a\/que-dicen-las-encuestas-sobre-la-intencion-de-voto-en-el-salvador-\/7456854.html#comments\">&nbsp;Vea comentarios<\/a><\/p>\n\n\n\n<p>&nbsp;Print<\/p>\n\n\n\n<p>Los \u00faltimos sondeos antes de las elecciones en El Salvador confirman que Nayib Bukele lidera la contienda por un amplio margen y que Nuevas Ideas va a ganar la mayor\u00eda en el Congreso.<\/p>\n\n\n\n<p>SAN SALVADOR \u2014&nbsp;<\/p>\n\n\n\n<p>A dos semanas de las elecciones presidenciales en El Salvador, el presidente \u201cde licencia\u201d y candidato del oficialista Partido Nuevas Ideas, Nayib Bukele, sigue encabezando las encuestas.<\/p>\n\n\n\n<p>Las \u00faltimas mediciones antes de los comicios presidenciales y legislativos del pr\u00f3ximo domingo 4 de febrero reflejan que el gobernante arrasar\u00eda con los votos y que sus cinco oponentes no representan contrapeso real a su candidatura.<\/p>\n\n\n\n<p>El \u00faltimo sondeo del Instituto Universitario de Opini\u00f3n P\u00fablica (Iudop) de la Universidad Centroamericana Jos\u00e9 Sime\u00f3n Ca\u00f1as (UCA), reflej\u00f3 una marcada distancia en la intenci\u00f3n de voto para Bukele y sus cinco contrincantes.<\/p>\n\n\n\n<p>Un 81,9 % de los salvadore\u00f1os expresaron apoyo al partido de Bukele en una simulaci\u00f3n de Iudop entre el 3 y el 14 de enero, mientras que los cinco contendientes sumaron el 12,2 %. Ninguno consigui\u00f3 m\u00e1s del 5 % de los votos.<\/p>\n\n\n\n<p>El que le sigue a Bukele, seg\u00fan el simulacro de votaci\u00f3n, es el candidato presidencial por el izquierdista Partido Frente Farabundo Mart\u00ed para la Liberaci\u00f3n Nacional, Manuel Flores, quien obtuvo un 4,2 % de los votos en el sondeo.<\/p>\n\n\n\n<p>Joel S\u00e1nchez, de Alianza Republicana Nacionalista logr\u00f3 el 3,4 %; Luis Parada, de Nuestro Tiempo, 2,5 %; Marina Murillo, de Fraternidad Patriota Salvadore\u00f1a, 1 %, y Jos\u00e9 Renderos, por Fuerza Solidaria, el 1,1 %.<\/p>\n\n\n\n<figure class=\"wp-block-image\"><img decoding=\"async\" src=\"https:\/\/gdb.voanews.com\/01000000-c0a8-0242-97ee-08dc1db23d30_w650_r0_s.png\" alt=\"Un nuevo sondeo de la UCA le augura una victoria a Bukele con el 81,9 % de los votos\"\/><figcaption class=\"wp-element-caption\">Un nuevo sondeo de la UCA le augura una victoria a Bukele con el 81,9 % de los votos<\/figcaption><\/figure>\n\n\n\n<p>Un 27,6 % de los encuestados dijo que Nuevas Ideas ganar\u00eda la elecci\u00f3n y el 60,9 % indic\u00f3 expresamente que Nayib Bukele.<br><br>Al preguntarles por qu\u00e9 cre\u00edan que ganar\u00eda Bukele, un 50,4 % contest\u00f3 que por su trabajo, un 6,8 % dijo porque es un buen presidente, un 5,6 % dijo que para que siga el r\u00e9gimen de excepci\u00f3n, y el 4,3 % dijo porque habr\u00e1 fraude.<\/p>\n\n\n\n<p>La \u00faltima proyecci\u00f3n sobre la intenci\u00f3n del voto presidencial del consorcio \u201cObserva El Salvador 2024\u201d, integrado por ocho organizaciones de la sociedad civil, refleja que un 70,9 % ejercer\u00eda su voto por Bukele, mientras los candidatos opositores unidos no llegan al 10 %. Nuevas Ideas obtendr\u00eda 57 de 60 diputados, seg\u00fan el sondeo.<\/p>\n\n\n\n<p>Un sondeo de la Fundaci\u00f3n Dr. Guillermo Manuel Ungo (Fundaungo) indic\u00f3 que el 56 % votar\u00eda por Nuevas Ideas.<\/p>\n\n\n\n<p>La \u00faltima encuesta de Cid Gallup, divulgada el pasado viernes, refleja que un 79 % de los salvadore\u00f1os votar\u00e1n por Bukele.<\/p>\n\n\n\n<h3 class=\"wp-block-heading\">Partido de Bukele ganar\u00eda m\u00e1s diputados<\/h3>\n\n\n\n<p>El sondeo de Iudop se\u00f1al\u00f3 que un 73,9 % de los encuestados cree que Nuevas Ideas va a ganar la mayor\u00eda en el Congreso.<br><br>\u201cEso es el reflejo de lo que est\u00e1n diciendo los salvadore\u00f1os en el territorio\u201d, dijo en rueda de prensa el presidente de la Asamblea Legislativa, Ernesto Castro, de Nuevas Ideas.<br><br>Sin embargo, el vicerrector de proyecci\u00f3n social de la UCA, Omar Serrano, se\u00f1al\u00f3 que el 88,3 % de los encuestados dijo desconocer el nuevo n\u00famero de diputados de sus departamentos. Tambi\u00e9n dijo que pocos conocen que las elecciones fueron separadas en dos fechas, las formas en que se puede anular el voto, as\u00ed como otros cambios aprobados en los \u00faltimos meses por el Tribunal Supremo Electoral.<\/p>\n\n\n\n<p>Serrano dijo que El Salvador se encamina a un sistema de partido \u00fanico y subray\u00f3 que en ning\u00fan r\u00e9gimen democr\u00e1tico hay sistema de partido hegem\u00f3nico. \u201cEso es propio de los reg\u00edmenes no democr\u00e1ticos\u201d, dijo.<\/p>\n\n\n\n<p>A su juicio, en los pr\u00f3ximos comicios se pueden perder las libertades democr\u00e1ticas. \u201cVamos a profundizar un sistema autocr\u00e1tico, un sistema autoritario que est\u00e1 mirando en coqueteo a Nicaragua, la gente no es consciente\u201d de eso, agreg\u00f3.<\/p>\n\n\n\n<figure class=\"wp-block-image\"><img decoding=\"async\" src=\"https:\/\/gdb.voanews.com\/01000000-0aff-0242-f5e8-08dc1db1b59a_tv_w650_r1.jpg\" alt=\"Omar Serrano, vicerrector de proyecci\u00f3n social de la UCA\" title=\"Omar Serrano, vicerrector de proyecci\u00f3n social de la UCA\"\/><\/figure>\n\n\n\n<p><video poster=\"https:\/\/gdb.voanews.com\/01000000-0aff-0242-f5e8-08dc1db1b59a_tv_w650_r1.jpg\" src=\"blob:https:\/\/www.vozdeamerica.com\/8a55491b-f0f1-44fa-882e-43269153a85c\"><\/video><\/p>\n\n\n\n<h5 class=\"wp-block-heading\"><a href=\"https:\/\/www.vozdeamerica.com\/a\/que-dicen-las-encuestas-sobre-la-intencion-de-voto-en-el-salvador-\/7456807.html\" target=\"_blank\" rel=\"noreferrer noopener\">Omar Serrano, vicerrector de proyecci\u00f3n social de la UCA<\/a><\/h5>\n\n\n\n<p>El c\u00f3digo se ha copiado en su portapapeles.<\/p>\n\n\n\n<hr class=\"wp-block-separator has-alpha-channel-opacity\"\/>\n\n\n\n<p>Ancho&nbsp;&nbsp;pxAltura&nbsp;&nbsp;px<\/p>\n\n\n\n<ul class=\"wp-block-list\">\n<li><a href=\"https:\/\/facebook.com\/sharer.php?u=https%3a%2f%2fwww.vozdeamerica.com%2fa%2f7456807.html\" target=\"_blank\" rel=\"noreferrer noopener\">Comparta en Facebook<\/a><\/li>\n\n\n\n<li><a href=\"https:\/\/twitter.com\/share?url=https%3a%2f%2fwww.vozdeamerica.com%2fa%2f7456807.html&amp;text=Omar+Serrano%2c+vicerrector+de+proyecci%c3%b3n+social+de+la+UCA\" target=\"_blank\" rel=\"noreferrer noopener\">Comparta en Twitter<\/a><\/li>\n<\/ul>\n\n\n\n<p>The URL has been copied to your clipboard<\/p>\n\n\n\n<ul class=\"wp-block-list\">\n<li>Auto<\/li>\n\n\n\n<li>240p<\/li>\n\n\n\n<li>360p<\/li>\n\n\n\n<li>480p<\/li>\n<\/ul>\n\n\n\n<p>No media source currently available<\/p>\n\n\n\n<p>0:001:260:00<\/p>\n\n\n\n<ul class=\"wp-block-list\">\n<li><\/li>\n\n\n\n<li><\/li>\n\n\n\n<li><\/li>\n\n\n\n<li><\/li>\n<\/ul>\n\n\n\n<p><a href=\"https:\/\/www.vozdeamerica.com\/embed\/player\/Article\/7456807.html?type=video&amp;FullScreenMode=True\" target=\"_blank\" rel=\"noreferrer noopener\"><\/a><\/p>\n\n\n\n<p>&nbsp;Descargar&nbsp;<\/p>\n\n\n\n<figure class=\"wp-block-image\"><img decoding=\"async\" src=\"https:\/\/gdb.voanews.com\/01000000-0aff-0242-97ac-08dc1db23cb1_w650_r1_s.png\" alt=\"La medici\u00f3n del consorcio de observadores refleja que un 70.9% ejercer\u00eda su voto por Nayib Bukele\"\/><figcaption class=\"wp-element-caption\">La medici\u00f3n del consorcio de observadores refleja que un 70.9% ejercer\u00eda su voto por Nayib Bukele<\/figcaption><\/figure>\n\n\n\n<p>Karina Sosa, candidata a diputada por el partido opositor FMLN, expres\u00f3 que el d\u00eda de la elecci\u00f3n puede suceder lo contrario a lo que dicen las casas encuestadoras, y dijo que en Guatemala, por ejemplo, el presidente Bernardo Ar\u00e9valo no aparec\u00eda en las encuestas.<\/p>\n\n\n\n<p>Bukele difundi\u00f3 el domingo pasado un mensaje en las redes sociales en el que pidi\u00f3 a la poblaci\u00f3n \u201cproteger los logros en seguridad\u201d, d\u00e1ndole su voto a Nuevas Ideas.<\/p>\n\n\n\n<p>\u00abCon tan solo un diputado menos de Nuevas Ideas, la oposici\u00f3n podr\u00e1 lograr su verdadero y \u00fanico plan, liberar a los pandilleros y ocuparlos para llegar al poder\u00bb, expres\u00f3 el mandatario, que ha lanzado el mismo mensaje en spot televisivos.<\/p>\n\n\n\n<p>Analistas salvadore\u00f1os critican que Bukele ha lanzado \u201cuna campa\u00f1a de miedo\u201d. En declaraciones a la&nbsp;<strong><em>Voz de Am\u00e9rica<\/em><\/strong>, la candidata presidencial por el partido Fraternidad Patriota Salvadore\u00f1a, Marina Murillo, calific\u00f3 de \u201cabusivos\u201d los spots del mandatario y se\u00f1ala que \u00e9stos \u00abest\u00e1n siendo financiados con recursos del Estado\u201d.<\/p>\n\n\n\n<figure class=\"wp-block-image\"><img decoding=\"async\" src=\"https:\/\/gdb.voanews.com\/01000000-c0a8-0242-e349-08dc1db1386c_tv_w650_r1.jpg\" alt=\"Marina Murillo, candidata a la presidencia de El Salvador\" title=\"Marina Murillo, candidata a la presidencia de El Salvador\"\/><\/figure>\n\n\n\n<p><video poster=\"https:\/\/gdb.voanews.com\/01000000-c0a8-0242-e349-08dc1db1386c_tv_w650_r1.jpg\" src=\"blob:https:\/\/www.vozdeamerica.com\/3ffd5e2d-b9c8-4c07-b2e0-8cf36313f0dc\"><\/video><\/p>\n\n\n\n<h5 class=\"wp-block-heading\"><a href=\"https:\/\/www.vozdeamerica.com\/a\/que-dicen-las-encuestas-sobre-la-intencion-de-voto-en-el-salvador-\/7456799.html\" target=\"_blank\" rel=\"noreferrer noopener\">Marina Murillo, candidata a la presidencia de El Salvador<\/a><\/h5>\n\n\n\n<p>El c\u00f3digo se ha copiado en su portapapeles.<\/p>\n\n\n\n<hr class=\"wp-block-separator has-alpha-channel-opacity\"\/>\n\n\n\n<p>Ancho&nbsp;&nbsp;pxAltura&nbsp;&nbsp;px<\/p>\n\n\n\n<ul class=\"wp-block-list\">\n<li><a href=\"https:\/\/facebook.com\/sharer.php?u=https%3a%2f%2fwww.vozdeamerica.com%2fa%2f7456799.html\" target=\"_blank\" rel=\"noreferrer noopener\">Comparta en Facebook<\/a><\/li>\n\n\n\n<li><a href=\"https:\/\/twitter.com\/share?url=https%3a%2f%2fwww.vozdeamerica.com%2fa%2f7456799.html&amp;text=Marina+Murillo%2c+candidata+a+la+presidencia+de+El+Salvador\" target=\"_blank\" rel=\"noreferrer noopener\">Comparta en Twitter<\/a><\/li>\n<\/ul>\n\n\n\n<p>The URL has been copied to your clipboard<\/p>\n\n\n\n<ul class=\"wp-block-list\">\n<li>Auto<\/li>\n\n\n\n<li>240p<\/li>\n\n\n\n<li>360p<\/li>\n\n\n\n<li>480p<\/li>\n<\/ul>\n\n\n\n<p>No media source currently available<\/p>\n\n\n\n<p>0:002:210:00<\/p>\n\n\n\n<ul class=\"wp-block-list\">\n<li><\/li>\n\n\n\n<li><\/li>\n\n\n\n<li><\/li>\n\n\n\n<li><\/li>\n<\/ul>\n\n\n\n<p><a href=\"https:\/\/www.vozdeamerica.com\/embed\/player\/Article\/7456799.html?type=video&amp;FullScreenMode=True\" target=\"_blank\" rel=\"noreferrer noopener\"><\/a><\/p>\n\n\n\n<p>&nbsp;Descargar&nbsp;<\/p>\n\n\n\n<p>Las encuestas revelan que la poblaci\u00f3n desconoce a los candidatos de los partidos peque\u00f1os y que son opositores a Bukele. Los expertos se\u00f1alan que esto obedece a que la campa\u00f1a se desarrolla en desigualdad de condiciones y a que los partidos opositores no recibieron la deuda pol\u00edtica que les permitiera hacer proselitismo como lo hicieron candidatos del partido de Bukele.<\/p>\n\n\n\n<p>El 10 de enero pasado, una encuesta de la UCA se\u00f1al\u00f3 que un 32,8 % de la poblaci\u00f3n considera que el principal problema que enfrenta El Salvador es la econom\u00eda, el 17,3% dice que el desempleo, un 13,2% menciona el alto costo de la vida y el 6,6% la pobreza.<\/p>\n","protected":false},"excerpt":{"rendered":"<p>enero 25, 2024 Compartir &nbsp;Vea comentarios &nbsp;Print Los \u00faltimos sondeos antes de las elecciones en El Salvador confirman que Nayib Bukele lidera la contienda por un amplio margen y que Nuevas Ideas va a ganar la mayor\u00eda en el Congreso. SAN SALVADOR \u2014&nbsp; A dos semanas de las elecciones presidenciales en El Salvador, el presidente [&hellip;]<\/p>\n","protected":false},"author":28,"featured_media":0,"comment_status":"closed","ping_status":"","sticky":false,"template":"","format":"standard","meta":{"footnotes":""},"categories":[23,22],"tags":[],"class_list":["post-505072","post","type-post","status-publish","format-standard","hentry","category-internacional","category-politica"],"_links":{"self":[{"href":"https:\/\/diariodominicano.com\/index.php?rest_route=\/wp\/v2\/posts\/505072","targetHints":{"allow":["GET"]}}],"collection":[{"href":"https:\/\/diariodominicano.com\/index.php?rest_route=\/wp\/v2\/posts"}],"about":[{"href":"https:\/\/diariodominicano.com\/index.php?rest_route=\/wp\/v2\/types\/post"}],"author":[{"embeddable":true,"href":"https:\/\/diariodominicano.com\/index.php?rest_route=\/wp\/v2\/users\/28"}],"replies":[{"embeddable":true,"href":"https:\/\/diariodominicano.com\/index.php?rest_route=%2Fwp%2Fv2%2Fcomments&post=505072"}],"version-history":[{"count":1,"href":"https:\/\/diariodominicano.com\/index.php?rest_route=\/wp\/v2\/posts\/505072\/revisions"}],"predecessor-version":[{"id":505073,"href":"https:\/\/diariodominicano.com\/index.php?rest_route=\/wp\/v2\/posts\/505072\/revisions\/505073"}],"wp:attachment":[{"href":"https:\/\/diariodominicano.com\/index.php?rest_route=%2Fwp%2Fv2%2Fmedia&parent=505072"}],"wp:term":[{"taxonomy":"category","embeddable":true,"href":"https:\/\/diariodominicano.com\/index.php?rest_route=%2Fwp%2Fv2%2Fcategories&post=505072"},{"taxonomy":"post_tag","embeddable":true,"href":"https:\/\/diariodominicano.com\/index.php?rest_route=%2Fwp%2Fv2%2Ftags&post=505072"}],"curies":[{"name":"wp","href":"https:\/\/api.w.org\/{rel}","templated":true}]}}