{"id":50507,"date":"2020-08-20T08:58:44","date_gmt":"2020-08-20T08:58:44","guid":{"rendered":"http:\/\/diariodominicano.ddns.net\/?p=50507"},"modified":"2020-08-20T08:58:44","modified_gmt":"2020-08-20T08:58:44","slug":"expectativa-en-republica-dominicana-por-conocer-detalles-sobre-ano-escolar","status":"publish","type":"post","link":"https:\/\/diariodominicano.com\/?p=50507","title":{"rendered":"Expectativa en Rep\u00fablica Dominicana por conocer detalles sobre a\u00f1o escolar"},"content":{"rendered":"<p><body><\/p>\n<p><img decoding=\"async\" src=\"img3\/Foto-Roberto-Fulcar20-8-20.jpg\" \/>  <\/p>\n<p><span class=\"text1noticias\"> <\/span><\/p>\n<p><span class=\"text1noticias\"> <\/span><\/p>\n<p><span class=\"text1noticias\">diariodominicano.com<\/span><\/p>\n<p><span class=\"text1noticias\"> <\/span><\/p>\n<p><span class=\"text1noticias\">Santo Domingo, 20 ago (Prensa Latina) Gran expectativa existe en Dominicana por conocer los detalles del plan para el inicio del a\u00f1o escolar 2020-2021 que ser\u00e1n dados a conocer hoy por el ministro de Educaci\u00f3n, Roberto Fulcar.<\/span><\/p>\n<p><span class=\"text1noticias\"> <\/span><\/p>\n<p><span class=\"text1noticias\">&#8216;Sabemos que el pa\u00eds est\u00e1 ansioso por conocer la respuesta ante el inmenso dilema de cuidar la salud y la vida de nuestros estudiantes, maestros, personal directivo y de apoyo, por un lado; y por el otro, garantizar el sagrado servicio educativo&#8217;, expres\u00f3 el ministro a la prensa.<\/span><\/p>\n<p><span class=\"text1noticias\"> <\/span><\/p>\n<p><span class=\"text1noticias\">Manifest\u00f3 que las familias dominicanas pueden tener la seguridad de que el Ministerio de Educaci\u00f3n est\u00e1 listo hacer lo necesario para lograr la educaci\u00f3n de los ni\u00f1os no se detenga.<\/span><\/p>\n<p><span class=\"text1noticias\"> <\/span><\/p>\n<p><span class=\"text1noticias\">Asimismo, ratific\u00f3 lo dicho por el presidente Luis Abinader en cuanto a que todos los estudiantes del sistema educativo nacional ser\u00e1n dotados de los equipos que necesiten para el seguimiento a sus clases a distancia.<\/span><\/p>\n<p><span class=\"text1noticias\"> <\/span><\/p>\n<p>jf\/ema<\/p>\n<h6> 2020-08-20 08:58:44 <\/h6>\n<p><!--\n<link rel=\"stylesheet\" href=\"css\/bootstrap.min.css\">\n\n\n<ul class=\"pagination\">\n\t    \n\t\n\n<li >\n\t<a href='?page_no=303'>Previous<\/a>\n\t<\/li>\n\n\n       \n    \n\n<li><a href='?page_no=1'>1<\/a><\/li>\n\n\n\n<li><a href='?page_no=2'>2<\/a><\/li>\n\n\n\n<li><a>...<\/a><\/li>\n\n\n\n<li><a href='?page_no=302'>302<\/a><\/li>\n\n\n\n<li><a href='?page_no=303'>303<\/a><\/li>\n\n\n\n<li class='active'><a>304<\/a><\/li>\n\n\n\n<li><a href='?page_no=305'>305<\/a><\/li>\n\n\n\n<li><a href='?page_no=306'>306<\/a><\/li>\n\n\n\n<li><a>...<\/a><\/li>\n\n\n\n<li><a href='?page_no=22911'>22911<\/a><\/li>\n\n\n\n<li><a href='?page_no=22912'>22912<\/a><\/li>\n\n    \n\t\n\n<li >\n\t<a href='?page_no=305'>Next<\/a>\n\t<\/li>\n\n\n    \n\n<li><a href='?page_no=22912'>Last &rsaquo;&rsaquo;<\/a><\/li>\n\n<\/ul>\n\n\n--><br \/>\n<\/body><\/p>\n","protected":false},"excerpt":{"rendered":"<p>diariodominicano.com Santo Domingo, 20 ago (Prensa Latina) Gran expectativa existe en Dominicana por conocer los detalles del plan para el inicio del a\u00f1o escolar 2020-2021 que ser\u00e1n dados a conocer hoy por el ministro de Educaci\u00f3n, Roberto Fulcar. &#8216;Sabemos que el pa\u00eds est\u00e1 ansioso por conocer la respuesta ante el inmenso dilema de cuidar la [&hellip;]<\/p>\n","protected":false},"author":3,"featured_media":0,"comment_status":"open","ping_status":"open","sticky":false,"template":"","format":"standard","meta":{"footnotes":""},"categories":[21],"tags":[],"class_list":["post-50507","post","type-post","status-publish","format-standard","hentry","category-cultura"],"_links":{"self":[{"href":"https:\/\/diariodominicano.com\/index.php?rest_route=\/wp\/v2\/posts\/50507","targetHints":{"allow":["GET"]}}],"collection":[{"href":"https:\/\/diariodominicano.com\/index.php?rest_route=\/wp\/v2\/posts"}],"about":[{"href":"https:\/\/diariodominicano.com\/index.php?rest_route=\/wp\/v2\/types\/post"}],"author":[{"embeddable":true,"href":"https:\/\/diariodominicano.com\/index.php?rest_route=\/wp\/v2\/users\/3"}],"replies":[{"embeddable":true,"href":"https:\/\/diariodominicano.com\/index.php?rest_route=%2Fwp%2Fv2%2Fcomments&post=50507"}],"version-history":[{"count":0,"href":"https:\/\/diariodominicano.com\/index.php?rest_route=\/wp\/v2\/posts\/50507\/revisions"}],"wp:attachment":[{"href":"https:\/\/diariodominicano.com\/index.php?rest_route=%2Fwp%2Fv2%2Fmedia&parent=50507"}],"wp:term":[{"taxonomy":"category","embeddable":true,"href":"https:\/\/diariodominicano.com\/index.php?rest_route=%2Fwp%2Fv2%2Fcategories&post=50507"},{"taxonomy":"post_tag","embeddable":true,"href":"https:\/\/diariodominicano.com\/index.php?rest_route=%2Fwp%2Fv2%2Ftags&post=50507"}],"curies":[{"name":"wp","href":"https:\/\/api.w.org\/{rel}","templated":true}]}}