{"id":505067,"date":"2024-02-02T00:06:24","date_gmt":"2024-02-02T04:06:24","guid":{"rendered":"https:\/\/diariodominicano.com\/?p=505067"},"modified":"2024-02-02T00:07:58","modified_gmt":"2024-02-02T04:07:58","slug":"quienes-son-los-candidatos-presidenciales-que-se-enfrentaran-a-nayib-bukele-en-las-proximas-elecciones-de-el-salvador","status":"publish","type":"post","link":"https:\/\/diariodominicano.com\/?p=505067","title":{"rendered":"\u00bfQui\u00e9nes son los candidatos presidenciales que se enfrentar\u00e1n a Nayib Bukele en las pr\u00f3ximas elecciones de El Salvador?"},"content":{"rendered":"\n<p>Candidatos presidenciales a las elecciones de 2024 en El Salvador. [Ilustraci\u00f3n: Sergio Valencia]<\/p>\n\n\n\n<p>febrero 01, 2024<\/p>\n\n\n\n<ul class=\"wp-block-list\">\n<li><a href=\"https:\/\/www.vozdeamerica.com\/author\/milton-rodriguez\/rgqt_\">Milton Rodr\u00edguez<\/a><\/li>\n<\/ul>\n\n\n\n<hr class=\"wp-block-separator has-alpha-channel-opacity\"\/>\n\n\n\n<p>Compartir<\/p>\n\n\n\n<ul class=\"wp-block-list\">\n<li><a href=\"https:\/\/facebook.com\/sharer.php?u=https%3a%2f%2fwww.vozdeamerica.com%2fa%2fquienes-son-los-candidatos-presidenciales-que-se-enfrentaran-a-nayib-bukele-en-las-proximas-elecciones-de-el-salvador%2f7463447.html\" target=\"_blank\" rel=\"noreferrer noopener\"><\/a><\/li>\n\n\n\n<li><a href=\"https:\/\/twitter.com\/share?url=https%3a%2f%2fwww.vozdeamerica.com%2fa%2fquienes-son-los-candidatos-presidenciales-que-se-enfrentaran-a-nayib-bukele-en-las-proximas-elecciones-de-el-salvador%2f7463447.html&amp;text=%c2%bfQui%c3%a9nes+son+los+candidatos+presidenciales+que+se+enfrentar%c3%a1n+a+Nayib+Bukele+en+las+pr%c3%b3ximas+elecciones+de+El+Salvador%3f%0a\" target=\"_blank\" rel=\"noreferrer noopener\"><\/a><\/li>\n\n\n\n<li><\/li>\n\n\n\n<li><a href=\"mailto:?body=https%3a%2f%2fwww.vozdeamerica.com%2fa%2fquienes-son-los-candidatos-presidenciales-que-se-enfrentaran-a-nayib-bukele-en-las-proximas-elecciones-de-el-salvador%2f7463447.html&amp;subject=%C2%BFQui%C3%A9nes%20son%20los%20candidatos%20presidenciales%20que%20se%20enfrentar%C3%A1n%20a%20Nayib%20Bukele%20en%20las%20pr%C3%B3ximas%20elecciones%20de%20El%20Salvador?\"><\/a><\/li>\n<\/ul>\n\n\n\n<p><a href=\"https:\/\/www.vozdeamerica.com\/a\/quienes-son-los-candidatos-presidenciales-que-se-enfrentaran-a-nayib-bukele-en-las-proximas-elecciones-de-el-salvador\/7463447.html#comments\">&nbsp;Vea comentarios<\/a><\/p>\n\n\n\n<p>&nbsp;Print<\/p>\n\n\n\n<p>Seis opciones tendr\u00e1n los salvadore\u00f1os cuando salgan a votar por el pr\u00f3ximo presidente del pa\u00eds el pr\u00f3ximo domingo 4 de febrero de 2024. El presidente \u00aben licencia\u00bb, Nayib Bukele, va delante en las encuestas.<\/p>\n\n\n\n<p>SAN SALVADOR \u2014&nbsp;<\/p>\n\n\n\n<p>Cuando los salvadore\u00f1os salgan a votar el pr\u00f3ximo domingo 4 de febrero tendr\u00e1n ante s\u00ed seis opciones, entre ellos al presidente \u00aben licencia\u00bb Nayib Bukele, quien aspira a un segundo mandato pese a que seis art\u00edculos de la&nbsp;<em><strong><a href=\"https:\/\/www.vozdeamerica.com\/a\/tribunal-electoral-avala-reelecion--bukele-\/7341018.html\" target=\"_blank\" rel=\"noreferrer noopener\">Constituci\u00f3n se lo proh\u00edben<\/a><\/strong><\/em>.<\/p>\n\n\n\n<p>Sin embargo, de acuerdo a<strong><em>&nbsp;<\/em><\/strong><a href=\"https:\/\/www.vozdeamerica.com\/a\/que-dicen-las-encuestas-sobre-la-intencion-de-voto-en-el-salvador-\/7456854.html\"><strong><em>las m\u00e1s recientes encuestas de opini\u00f3n<\/em><\/strong><\/a>, Bukele arrasar\u00eda con la mayor\u00eda de los votos frente a la d\u00e9bil oposici\u00f3n que representan sus contrincantes.<\/p>\n\n\n\n<p>Un 81,9 % de los salvadore\u00f1os expresaron apoyo al partido de Bukele, Nuevas Ideas, en una simulaci\u00f3n de votaci\u00f3n del Instituto Universitario de Opini\u00f3n P\u00fablica (Iudop) de la Universidad Centroamericana Jos\u00e9 Sime\u00f3n Ca\u00f1as (UCA). Los cinco contendientes sumaron el 12,2 %. Ninguno consigui\u00f3 m\u00e1s del 5 % de los votos en esa proyecci\u00f3n.<\/p>\n\n\n\n<p>Un equipo de la&nbsp;<strong><em>Voz de Am\u00e9rica<\/em><\/strong>&nbsp;entrevist\u00f3 a los candidatos presidenciales, a excepci\u00f3n de Bukele, a quien se le solicit\u00f3 la entrevista a trav\u00e9s de la secretar\u00eda de prensa de la presidencia y no obtuvimos respuesta.<\/p>\n\n\n\n<p>La mayor\u00eda de los candidatos se refiri\u00f3 al&nbsp;<em><strong><a href=\"https:\/\/www.vozdeamerica.com\/a\/el-salvador-aprueba-la-22da-prorroga-del-regimen-de-excepcion\/7433945.html\" target=\"_blank\" rel=\"noreferrer noopener\">r\u00e9gimen de excepci\u00f3n<\/a><\/strong><\/em>&nbsp;como una medida que aunque ha bajado la tasa homicida en el pa\u00eds tambi\u00e9n ha violado derechos humanos de personas inocentes, por lo que de ganar la presidencia optar\u00edan por eliminarla.<\/p>\n\n\n\n<p>Mantener la seguridad es uno de los mayores retos que ven los candidatos entrevistados. Pero tambi\u00e9n la econom\u00eda. Una encuesta del Instituto Universitario de Opini\u00f3n P\u00fablica de la UCA (Iudop) publicada el 10 de enero pasado revela que 70 de cada 100 salvadore\u00f1os consideran que el&nbsp;<em><strong><a href=\"https:\/\/www.vozdeamerica.com\/a\/los-salvadoos-enfrentan-un-alza-en-el-costo-de-vida-\/6944620.html\" target=\"_blank\" rel=\"noreferrer noopener\">problema que m\u00e1s afecta<\/a><\/strong><\/em>&nbsp;a su familia es la econom\u00eda.<\/p>\n\n\n\n<p>El desempleo, el alto costo de la vida y la pobreza tambi\u00e9n preocupa a los salvadore\u00f1os, de acuerdo con los datos revelados por dicha encuesta.<\/p>\n\n\n\n<figure class=\"wp-block-image\"><a href=\"https:\/\/www.vozdeamerica.com\/a\/en-fotos-estos-son-los-candidatos-a-la-presidencia-de-elsalvador\/7466419.html\"><img decoding=\"async\" src=\"https:\/\/gdb.voanews.com\/01000000-0a00-0242-221c-08dc232a1522_w650_r1_s.png\" alt=\"En fotos | Estos son los candidatos a la presidencia de El Salvador\"\/><\/a><figcaption class=\"wp-element-caption\">Galer\u00eda de fotosEn fotos | Estos son los candidatos a la presidencia de El Salvador<\/figcaption><\/figure>\n\n\n\n<p>Algunos salvadore\u00f1os consultados por este medio piden que el pr\u00f3ximo mandatario trabaje en mejorar la salud y abastecer de medicamentos los hospitales p\u00fablicos. De igual manera es prioritario, seg\u00fan uno de los candidatos, rescatar el orden constitucional que, a su juicio, ha sido afectado por decisiones del oficialismo.<\/p>\n\n\n\n<p><a href=\"https:\/\/www.vozdeamerica.com\/a\/abogado-salvadoreno-va-de-washington-a-el-salvador-competir-unidad-opositora-contra-bukele-en-2024\/7119001.html\"><\/a><\/p>\n\n\n\n<p><a href=\"https:\/\/www.vozdeamerica.com\/a\/abogado-salvadoreno-va-de-washington-a-el-salvador-competir-unidad-opositora-contra-bukele-en-2024\/7119001.html\">TAMBI\u00c9N LEA<\/a><\/p>\n\n\n\n<h4 class=\"wp-block-heading\"><a href=\"https:\/\/www.vozdeamerica.com\/a\/abogado-salvadoreno-va-de-washington-a-el-salvador-competir-unidad-opositora-contra-bukele-en-2024\/7119001.html\">Salvadore\u00f1o radicado en Washington va a El Salvador a competir contra Bukele en elecciones 2024<\/a><\/h4>\n\n\n\n<p>Pese a la popularidad de Bukele, cuatro candidatos aseguran que pueden ganarle la elecci\u00f3n. La \u00fanica mujer aspirante al cargo dice que Dios dar\u00e1 la \u00faltima palabra. Esto dijeron los candidatos a la presidencia de El Salvador:<\/p>\n\n\n\n<h3 class=\"wp-block-heading\">\u00bfQui\u00e9n es Luis Parada y qu\u00e9 propone?<\/h3>\n\n\n\n<p>Luis Parada es un salvadore\u00f1o de 63 a\u00f1os que es residente en Estados Unidos desde hace 25 a\u00f1os. Se gradu\u00f3 en 1984 de licenciatura en Seguridad Nacional en la Academia Militar de Estados Unidos en West Point. Obtuvo un doctorado en leyes de la Universidad de Georgetown, en Washington D.C.<\/p>\n\n\n\n<p>Actualmente, Luis es candidato a la presidencia de El Salvador por el partido Nuestro Tiempo. Se trata de una de uno de los partidos de reciente formaci\u00f3n en el pa\u00eds centroamericano.<\/p>\n\n\n\n<p>Su principal propuesta electoral es rescatar un sistema libre, democr\u00e1tico y bajo el imperio de la Constituci\u00f3n para los salvadore\u00f1os. \u201cYo estoy aqu\u00ed en respuesta a una emergencia nacional de autoritarismo que ya se convirti\u00f3 en dictadura porque una sola persona es quien dicta lo que va a pasar en cualquier parte y en cualquier nivel del gobierno y en la vida salvadore\u00f1a\u201d, dijo Para en entrevista con la&nbsp;<em><strong>VOA<\/strong><\/em><\/p>\n\n\n\n<p>\u201cEs un deber de los salvadore\u00f1os no permitir que el presidente actual se reelija, claro de que es una posibilidad de que \u00e9l (Nayib Bukele) sea derrotado en las urnas\u201d, agreg\u00f3.<\/p>\n\n\n\n<p><a href=\"https:\/\/www.vozdeamerica.com\/a\/elecciones-el-salvador-que-vota-4-febrero-\/7462315.html\"><\/a><\/p>\n\n\n\n<p><a href=\"https:\/\/www.vozdeamerica.com\/a\/elecciones-el-salvador-que-vota-4-febrero-\/7462315.html\">TAMBI\u00c9N LEA<\/a><\/p>\n\n\n\n<h4 class=\"wp-block-heading\"><a href=\"https:\/\/www.vozdeamerica.com\/a\/elecciones-el-salvador-que-vota-4-febrero-\/7462315.html\">Elecciones en El Salvador: \u00bfQu\u00e9 se vota el 4 de febrero y c\u00f3mo participar?<\/a><\/h4>\n\n\n\n<p>El aspirante a la presidencia opina que las encuestas de esta elecci\u00f3n son muy diferentes a las realizadas desde la firma de los Acuerdos de Paz, en 1992. Seg\u00fan Parada, Bukele pretende reelegirse inconstitucionalmente, y de lograrse mantendr\u00eda a la poblaci\u00f3n bajo un r\u00e9gimen de excepci\u00f3n permanente. El candidato explic\u00f3 que, de llegar a la silla presidencial, abordar\u00eda el estado de excepci\u00f3n con base en lo que mandata la Constituci\u00f3n \u2013se permite por 30 d\u00edas-. \u201cSi cuando lleguemos a casa presidencial encontramos el r\u00e9gimen de excepci\u00f3n, vamos a tomar el resto de ese periodo de 30 d\u00edas para ver si hay alguna raz\u00f3n para continuarlo, sino encontramos, es nuestro deber ya no pedirlo. Se puede quitar esa medida y ning\u00fan marero tiene que salir de la c\u00e1rcel\u201d, consider\u00f3.<\/p>\n\n\n\n<figure class=\"wp-block-image\"><img decoding=\"async\" src=\"https:\/\/gdb.voanews.com\/01000000-0a00-0242-d30e-08dc21bd3c01_tv_w650_r1.jpg\" alt=\"Luis Parada, candidato por Nuestro Tiempo a la presidencia de El Salvador\" title=\"Luis Parada, candidato por Nuestro Tiempo a la presidencia de El Salvador\"\/><\/figure>\n\n\n\n<p><video poster=\"https:\/\/gdb.voanews.com\/01000000-0a00-0242-d30e-08dc21bd3c01_tv_w650_r1.jpg\" src=\"blob:https:\/\/www.vozdeamerica.com\/0ff14516-3fcd-4b2e-a1c2-ff7aef9990ba\"><\/video><\/p>\n\n\n\n<h5 class=\"wp-block-heading\"><a href=\"https:\/\/www.vozdeamerica.com\/a\/quienes-son-los-candidatos-presidenciales-que-se-enfrentaran-a-nayib-bukele-en-las-proximas-elecciones-de-el-salvador\/7463544.html\" target=\"_blank\" rel=\"noreferrer noopener\">Luis Parada, candidato por Nuestro Tiempo a la presidencia de El Salvador<\/a><\/h5>\n\n\n\n<p>El c\u00f3digo se ha copiado en su portapapeles.<\/p>\n\n\n\n<hr class=\"wp-block-separator has-alpha-channel-opacity\"\/>\n\n\n\n<p>Ancho&nbsp;&nbsp;pxAltura&nbsp;&nbsp;px<\/p>\n\n\n\n<ul class=\"wp-block-list\">\n<li><a href=\"https:\/\/facebook.com\/sharer.php?u=https%3a%2f%2fwww.vozdeamerica.com%2fa%2f7463544.html\" target=\"_blank\" rel=\"noreferrer noopener\">Comparta en Facebook<\/a><\/li>\n\n\n\n<li><a href=\"https:\/\/twitter.com\/share?url=https%3a%2f%2fwww.vozdeamerica.com%2fa%2f7463544.html&amp;text=Luis+Parada%2c+candidato+por+Nuestro+Tiempo+a+la+presidencia+de+El+Salvador\" target=\"_blank\" rel=\"noreferrer noopener\">Comparta en Twitter<\/a><\/li>\n<\/ul>\n\n\n\n<p>The URL has been copied to your clipboard<\/p>\n\n\n\n<ul class=\"wp-block-list\">\n<li>Auto<\/li>\n\n\n\n<li>240p<\/li>\n\n\n\n<li>360p<\/li>\n\n\n\n<li>480p<\/li>\n\n\n\n<li>720p<\/li>\n\n\n\n<li>1080p<\/li>\n<\/ul>\n\n\n\n<p>No media source currently available<\/p>\n\n\n\n<p>0:006:450:00<\/p>\n\n\n\n<ul class=\"wp-block-list\">\n<li><\/li>\n\n\n\n<li><\/li>\n\n\n\n<li><\/li>\n\n\n\n<li><\/li>\n\n\n\n<li><\/li>\n\n\n\n<li><\/li>\n<\/ul>\n\n\n\n<p><a href=\"https:\/\/www.vozdeamerica.com\/embed\/player\/Article\/7463544.html?type=video&amp;FullScreenMode=True\" target=\"_blank\" rel=\"noreferrer noopener\"><\/a><\/p>\n\n\n\n<p>&nbsp;Descargar&nbsp;<\/p>\n\n\n\n<h3 class=\"wp-block-heading\">\u00bfQui\u00e9n es Manuel Flores y qu\u00e9 propone?<\/h3>\n\n\n\n<p>Juan Manuel de Jes\u00fas Flores Cornejo, conocido como \u201cel chino\u201d Flores, es el candidato presidencial del izquierdista Frente Farabundo Mart\u00ed Para la Liberaci\u00f3n Nacional (FMLN). Fue alcalde de Quezaltepeque, La Libertad, desde 2003 hasta 2012 y tras culminar su cargo en el gobierno municipal, particip\u00f3 en las elecciones legislativas en las que sali\u00f3 electo diputado del Congreso salvadore\u00f1o. Asegura tener un profundo inter\u00e9s en la cultura y&nbsp;<em><strong><a href=\"https:\/\/www.vozdeamerica.com\/a\/china-construyo-influencia-habil-sobre-america-latina-gracias-a-prestamos-exorbitantes\/6975844.html\" target=\"_blank\" rel=\"noreferrer noopener\">pol\u00edtica de China.<\/a><\/strong><\/em><\/p>\n\n\n\n<p>El candidato del FMLN ha lanzado nueve propuestas, algunas de estas son: medio pasaje a los estudiantes, hambre cero con 28 medidas para paliar la crisis econ\u00f3mica, bono de la dignidad para 60.000 adultos mayores de 70 a\u00f1os, municipios pr\u00f3speros en el que las alcald\u00edas administren los recursos, familia saludable, seguridad sin miedo y otros.<\/p>\n\n\n\n<p><a href=\"https:\/\/www.vozdeamerica.com\/a\/megacarcel-bukele-elsalvador-tecoluca-comunidades-pobreza\/6983053.html\"><\/a><\/p>\n\n\n\n<p><a href=\"https:\/\/www.vozdeamerica.com\/a\/megacarcel-bukele-elsalvador-tecoluca-comunidades-pobreza\/6983053.html\">TAMBI\u00c9N LEA<\/a><\/p>\n\n\n\n<h4 class=\"wp-block-heading\"><a href=\"https:\/\/www.vozdeamerica.com\/a\/megacarcel-bukele-elsalvador-tecoluca-comunidades-pobreza\/6983053.html\">La pobreza que rodea la nueva c\u00e1rcel \u00abde primer mundo\u00bb en El Salvador<\/a><\/h4>\n\n\n\n<p>\u201cVamos a ganar\u201d, manifest\u00f3 Flores. Adem\u00e1s, argument\u00f3 que Bukele es un candidato inconstitucional y que \u00e9l es el candidato del pueblo \u00aboriginal, legal y que cumple todos los requisitos\u00bb. \u201cEn el territorio el \u00fanico que anda y la gente ve se llama Manuel \u201cel chino\u201d Flores, al que abrazan, al que le dan la mano, al que le reclaman, al que le dicen estamos con vos o le dicen no\u201d, agreg\u00f3.<\/p>\n\n\n\n<p>El aspirante no dice concretamente que suspender\u00e1 el r\u00e9gimen de excepci\u00f3n, pero expresa su rechazo a esta medida. Record\u00f3 su propuesta de \u201cseguridad sin miedo\u201d y dijo que es una obligaci\u00f3n del Estado darle seguridad al pueblo. \u201cY yo se la voy a garantizar, ll\u00e1mese o no r\u00e9gimen de excepci\u00f3n. Es mi obligaci\u00f3n darle seguridad a la poblaci\u00f3n y que el joven no se sienta con miedo de que lo vayan a parar solo por ser sospechoso y ser pobre\u201d, plante\u00f3.<\/p>\n\n\n\n<figure class=\"wp-block-image\"><img decoding=\"async\" src=\"https:\/\/gdb.voanews.com\/01000000-0a00-0242-a8a4-08dc21be09b3_tv_w650_r1.jpg\" alt=\"&quot;Chino&quot; Flores, candidato del FMLN a la presidencia de El Salvador\" title=\"&quot;Chino&quot; Flores, candidato del FMLN a la presidencia de El Salvador\"\/><\/figure>\n\n\n\n<p><video poster=\"https:\/\/gdb.voanews.com\/01000000-0a00-0242-a8a4-08dc21be09b3_tv_w650_r1.jpg\" src=\"blob:https:\/\/www.vozdeamerica.com\/5610e273-fa90-4697-8b1d-d92886bd990b\"><\/video><\/p>\n\n\n\n<h5 class=\"wp-block-heading\"><a href=\"https:\/\/www.vozdeamerica.com\/a\/quienes-son-los-candidatos-presidenciales-que-se-enfrentaran-a-nayib-bukele-en-las-proximas-elecciones-de-el-salvador\/7463569.html\" target=\"_blank\" rel=\"noreferrer noopener\">\u00abChino\u00bb Flores, candidato del FMLN a la presidencia de El Salvador<\/a><\/h5>\n\n\n\n<p>El c\u00f3digo se ha copiado en su portapapeles.<\/p>\n\n\n\n<hr class=\"wp-block-separator has-alpha-channel-opacity\"\/>\n\n\n\n<p>Ancho&nbsp;&nbsp;pxAltura&nbsp;&nbsp;px<\/p>\n\n\n\n<ul class=\"wp-block-list\">\n<li><a href=\"https:\/\/facebook.com\/sharer.php?u=https%3a%2f%2fwww.vozdeamerica.com%2fa%2f7463569.html\" target=\"_blank\" rel=\"noreferrer noopener\">Comparta en Facebook<\/a><\/li>\n\n\n\n<li><a href=\"https:\/\/twitter.com\/share?url=https%3a%2f%2fwww.vozdeamerica.com%2fa%2f7463569.html&amp;text=%22Chino%22+Flores%2c+candidato+del+FMLN+a+la+presidencia+de+El+Salvador\" target=\"_blank\" rel=\"noreferrer noopener\">Comparta en Twitter<\/a><\/li>\n<\/ul>\n\n\n\n<p>The URL has been copied to your clipboard<\/p>\n\n\n\n<ul class=\"wp-block-list\">\n<li>Auto<\/li>\n\n\n\n<li>240p<\/li>\n\n\n\n<li>360p<\/li>\n\n\n\n<li>480p<\/li>\n\n\n\n<li>720p<\/li>\n\n\n\n<li>1080p<\/li>\n<\/ul>\n\n\n\n<p>No media source currently available<\/p>\n\n\n\n<p>0:004:160:00<\/p>\n\n\n\n<ul class=\"wp-block-list\">\n<li><\/li>\n\n\n\n<li><\/li>\n\n\n\n<li><\/li>\n\n\n\n<li><\/li>\n\n\n\n<li><\/li>\n\n\n\n<li><\/li>\n<\/ul>\n\n\n\n<p><a href=\"https:\/\/www.vozdeamerica.com\/embed\/player\/Article\/7463569.html?type=video&amp;FullScreenMode=True\" target=\"_blank\" rel=\"noreferrer noopener\"><\/a><\/p>\n\n\n\n<p>&nbsp;Descargar&nbsp;<\/p>\n\n\n\n<h3 class=\"wp-block-heading\">\u00bfQui\u00e9n es Joel S\u00e1nchez y qu\u00e9 propone?<\/h3>\n\n\n\n<p>Joel S\u00e1nchez es un empresario salvadore\u00f1o originario de Cojutepeque, en el departamento de Cuscatl\u00e1n. Tiene inversiones en Estados Unidos y M\u00e9xico y una amplia trayectoria en temas migratorios. Actualmente es el candidato presidencial 2024 por Alianza Republicana Nacionalista (ARENA), un partido de derecha tradicional.<\/p>\n\n\n\n<p>Para S\u00e1nchez, su mayor apuesta dentro del plan de gobierno es la econom\u00eda, pues considera que esta \u201cdebe ser el eje fundamental de la prosperidad\u201d del pueblo salvadore\u00f1o. Para eso pretende atraer inversi\u00f3n nacional e internacional dentro de un sistema jur\u00eddico que les permita tener seguridad. Adem\u00e1s, plantea dar incentivos fiscales a los empresarios.<\/p>\n\n\n\n<p>El candidato de ARENA ve posible ganarle la elecci\u00f3n a Bukele, pues dice que hay un voto silencioso del cual no se habla. \u201cCreo que hay much\u00edsimas personas indecisas a las que no se ha podido llegar\u201d, indic\u00f3.<\/p>\n\n\n\n<p>El aspirante entrevistado por la<strong><em>&nbsp;VOA<\/em><\/strong>&nbsp;dijo que es importante que dentro del r\u00e9gimen de excepci\u00f3n se analice el tema excepcional para poder establecer una ley permanente que permita que \u201ctodos los salvadore\u00f1os podamos tener nuestras libertades civiles, sin agraviar a todas las personas inocentes que est\u00e1n en la c\u00e1rcel y que son v\u00edctimas del r\u00e9gimen de excepci\u00f3n\u201d.<\/p>\n\n\n\n<figure class=\"wp-block-image\"><img decoding=\"async\" src=\"https:\/\/gdb.voanews.com\/01000000-0a00-0242-9011-08dc21bcad77_tv_w650_r1.jpg\" alt=\"Joel S\u00e1nchez, candidato del partido Arena a la presidencia de El Salvador\" title=\"Joel S\u00e1nchez, candidato del partido Arena a la presidencia de El Salvador\"\/><\/figure>\n\n\n\n<p><video poster=\"https:\/\/gdb.voanews.com\/01000000-0a00-0242-9011-08dc21bcad77_tv_w650_r1.jpg\" src=\"blob:https:\/\/www.vozdeamerica.com\/c26e22cc-9800-4a5b-9ce3-d68023854136\"><\/video><\/p>\n\n\n\n<h5 class=\"wp-block-heading\"><a href=\"https:\/\/www.vozdeamerica.com\/a\/quienes-son-los-candidatos-presidenciales-que-se-enfrentaran-a-nayib-bukele-en-las-proximas-elecciones-de-el-salvador\/7463531.html\" target=\"_blank\" rel=\"noreferrer noopener\">Joel S\u00e1nchez, candidato del partido Arena a la presidencia de El Salvador<\/a><\/h5>\n\n\n\n<p>El c\u00f3digo se ha copiado en su portapapeles.<\/p>\n\n\n\n<hr class=\"wp-block-separator has-alpha-channel-opacity\"\/>\n\n\n\n<p>Ancho&nbsp;&nbsp;pxAltura&nbsp;&nbsp;px<\/p>\n\n\n\n<ul class=\"wp-block-list\">\n<li><a href=\"https:\/\/facebook.com\/sharer.php?u=https%3a%2f%2fwww.vozdeamerica.com%2fa%2f7463531.html\" target=\"_blank\" rel=\"noreferrer noopener\">Comparta en Facebook<\/a><\/li>\n\n\n\n<li><a href=\"https:\/\/twitter.com\/share?url=https%3a%2f%2fwww.vozdeamerica.com%2fa%2f7463531.html&amp;text=Joel+S%c3%a1nchez%2c+candidato+del+partido+Arena+a+la+presidencia+de+El+Salvador\" target=\"_blank\" rel=\"noreferrer noopener\">Comparta en Twitter<\/a><\/li>\n<\/ul>\n\n\n\n<p>The URL has been copied to your clipboard<\/p>\n\n\n\n<ul class=\"wp-block-list\">\n<li>Auto<\/li>\n\n\n\n<li>240p<\/li>\n\n\n\n<li>360p<\/li>\n\n\n\n<li>480p<\/li>\n\n\n\n<li>1080p<\/li>\n\n\n\n<li>720p<\/li>\n<\/ul>\n\n\n\n<p>No media source currently available<\/p>\n\n\n\n<p>0:001:440:53<\/p>\n\n\n\n<ul class=\"wp-block-list\">\n<li><\/li>\n\n\n\n<li><\/li>\n\n\n\n<li><\/li>\n\n\n\n<li><\/li>\n\n\n\n<li><\/li>\n\n\n\n<li><\/li>\n<\/ul>\n\n\n\n<p><a href=\"https:\/\/www.vozdeamerica.com\/embed\/player\/Article\/7463531.html?type=video&amp;FullScreenMode=True\" target=\"_blank\" rel=\"noreferrer noopener\"><\/a><\/p>\n\n\n\n<p>&nbsp;Descargar&nbsp;<\/p>\n\n\n\n<h3 class=\"wp-block-heading\">\u00bfQui\u00e9n es Jos\u00e9 Renderos y qu\u00e9 propone?<\/h3>\n\n\n\n<p>Jos\u00e9 Javier Renderos, de 61 a\u00f1os, es doctor en medicina, graduado de la Universidad Evang\u00e9lica de El Salvador. Fue socio del Colegio M\u00e9dico de El Salvador y ahora es candidato presidencial por Fuerza Solidaria.<\/p>\n\n\n\n<p>Las propuestas de campa\u00f1a de Renderos se centran, fundamentalmente, en cuatro pilares que son la salud, educaci\u00f3n, medio ambiente y econom\u00eda.<\/p>\n\n\n\n<p>\u201cNosotros nos hemos preparado para ganar, la gente nos conoce por m\u00e1s de 30 a\u00f1os en la zona donde laboramos, sabe que nuestro trabajo siempre ha sido colaborando con la comunidad y si las personas tienen esa facilidad de recordar todo lo que se ha hecho durante este tiempo, creemos que nos puede beneficiar con su voto, por lo tanto, hemos trabajado para ganar\u201d, manifest\u00f3.<\/p>\n\n\n\n<p><a href=\"https:\/\/www.vozdeamerica.com\/a\/el-salvador-tiene-el-porcentaje-mas-alto-de-prisioneros-en-el-mundo\/6988651.html\"><\/a><\/p>\n\n\n\n<p><a href=\"https:\/\/www.vozdeamerica.com\/a\/el-salvador-tiene-el-porcentaje-mas-alto-de-prisioneros-en-el-mundo\/6988651.html\">TAMBI\u00c9N LEA<\/a><\/p>\n\n\n\n<h4 class=\"wp-block-heading\"><a href=\"https:\/\/www.vozdeamerica.com\/a\/el-salvador-tiene-el-porcentaje-mas-alto-de-prisioneros-en-el-mundo\/6988651.html\">El dilema salvadore\u00f1o: \u00bfseguridad a cambio del porcentaje m\u00e1s alto de presos en el mundo?<\/a><\/h4>\n\n\n\n<p>El aspirante a la presidencia por Fuerza Solidaria dice que el r\u00e9gimen de excepci\u00f3n \u201cya lleva mucho tiempo en vigencia\u201d y deja entrever que lo suspender\u00eda, en caso de ganar los pr\u00f3ximos comicios.<\/p>\n\n\n\n<p>\u201cCreo que es momento para trabajar de una manera diferente, ya las condiciones como ustedes bien saben, los mismos reportes del gobierno dicen que hay cero homicidios, entonces ya la emergencia ha sido controlada, tenemos que volver a nuestra vida normal\u201d, expres\u00f3.<\/p>\n\n\n\n<figure class=\"wp-block-image\"><img decoding=\"async\" src=\"https:\/\/gdb.voanews.com\/01000000-0a00-0242-33b4-08dc21bd0de1_tv_w650_r1.jpg\" alt=\"Luis Renderos, candidato por Fuerza Solidaria a la presidencia de El Salvador\" title=\"Luis Renderos, candidato por Fuerza Solidaria a la presidencia de El Salvador\"\/><\/figure>\n\n\n\n<p><video poster=\"https:\/\/gdb.voanews.com\/01000000-0a00-0242-33b4-08dc21bd0de1_tv_w650_r1.jpg\" src=\"blob:https:\/\/www.vozdeamerica.com\/9db5caa6-c470-402e-8e62-a41e9e3254be\"><\/video><\/p>\n\n\n\n<h5 class=\"wp-block-heading\"><a href=\"https:\/\/www.vozdeamerica.com\/a\/quienes-son-los-candidatos-presidenciales-que-se-enfrentaran-a-nayib-bukele-en-las-proximas-elecciones-de-el-salvador\/7463541.html\" target=\"_blank\" rel=\"noreferrer noopener\">Luis Renderos, candidato por Fuerza Solidaria a la presidencia de El Salvador<\/a><\/h5>\n\n\n\n<p>El c\u00f3digo se ha copiado en su portapapeles.<\/p>\n\n\n\n<hr class=\"wp-block-separator has-alpha-channel-opacity\"\/>\n\n\n\n<p>Ancho&nbsp;&nbsp;pxAltura&nbsp;&nbsp;px<\/p>\n\n\n\n<ul class=\"wp-block-list\">\n<li><a href=\"https:\/\/facebook.com\/sharer.php?u=https%3a%2f%2fwww.vozdeamerica.com%2fa%2f7463541.html\" target=\"_blank\" rel=\"noreferrer noopener\">Comparta en Facebook<\/a><\/li>\n\n\n\n<li><a href=\"https:\/\/twitter.com\/share?url=https%3a%2f%2fwww.vozdeamerica.com%2fa%2f7463541.html&amp;text=Luis+Renderos%2c+candidato+por+Fuerza+Solidaria+a+la+presidencia+de+El+Salvador\" target=\"_blank\" rel=\"noreferrer noopener\">Comparta en Twitter<\/a><\/li>\n<\/ul>\n\n\n\n<p>The URL has been copied to your clipboard<\/p>\n\n\n\n<ul class=\"wp-block-list\">\n<li>Auto<\/li>\n\n\n\n<li>240p<\/li>\n\n\n\n<li>360p<\/li>\n\n\n\n<li>480p<\/li>\n\n\n\n<li>720p<\/li>\n\n\n\n<li>1080p<\/li>\n<\/ul>\n\n\n\n<p>No media source currently available<\/p>\n\n\n\n<p>0:001:170:00<\/p>\n\n\n\n<ul class=\"wp-block-list\">\n<li><\/li>\n\n\n\n<li><\/li>\n\n\n\n<li><\/li>\n\n\n\n<li><\/li>\n\n\n\n<li><\/li>\n\n\n\n<li><\/li>\n<\/ul>\n\n\n\n<p><a href=\"https:\/\/www.vozdeamerica.com\/embed\/player\/Article\/7463541.html?type=video&amp;FullScreenMode=True\" target=\"_blank\" rel=\"noreferrer noopener\"><\/a><\/p>\n\n\n\n<p>&nbsp;Descargar&nbsp;<\/p>\n\n\n\n<h3 class=\"wp-block-heading\">\u00bfQui\u00e9n es Marina Murillo y qu\u00e9 propone?<\/h3>\n\n\n\n<p>Ana Marina Murillo es la \u00fanica mujer que compite por la presidencia de El Salvador. La arquitecta especialista en dise\u00f1o, tiene 63 a\u00f1os de edad, trabaj\u00f3 en los pol\u00edgonos de guerra haciendo proyectos y es fundadora del partido Fraternidad Patriota Salvadore\u00f1a por el cual aspira al cargo de Jefe de Estado.<\/p>\n\n\n\n<p>Para Murillo, todos los ejes de su plan de naci\u00f3n son importantes, pero los m\u00e1s urgentes son la salud, la econom\u00eda y la educaci\u00f3n. Destac\u00f3 que El Salvador tiene \u00edndices bastante bajos en educaci\u00f3n y \u201cun pa\u00eds que no tiene educaci\u00f3n es f\u00e1cil de manejar\u201d.<\/p>\n\n\n\n<p>Murillo, a diferencia de los otros candidatos, no asegura que le ganar\u00e1 a Bukele, pues cree que Dios y la poblaci\u00f3n salvadore\u00f1a tienen la \u00faltima palabra.<\/p>\n\n\n\n<p>\u201cYo he puesto<\/p>\n\n\n\n<figure class=\"wp-block-image\"><img decoding=\"async\" src=\"https:\/\/gdb.voanews.com\/01000000-0a00-0242-20db-08dc21bbc7a7_tv_w650_r1.jpg\" alt=\"Marina Murillo, candidata a la presidencia de El Salvador\" title=\"Marina Murillo, candidata a la presidencia de El Salvador\"\/><\/figure>\n\n\n\n<p><video poster=\"https:\/\/gdb.voanews.com\/01000000-0a00-0242-20db-08dc21bbc7a7_tv_w650_r1.jpg\" src=\"blob:https:\/\/www.vozdeamerica.com\/b71681bd-4597-40e3-b17e-a2173e6bb74f\"><\/video><\/p>\n\n\n\n<h5 class=\"wp-block-heading\"><a href=\"https:\/\/www.vozdeamerica.com\/a\/quienes-son-los-candidatos-presidenciales-que-se-enfrentaran-a-nayib-bukele-en-las-proximas-elecciones-de-el-salvador\/7463521.html\" target=\"_blank\" rel=\"noreferrer noopener\">Marina Murillo, candidata a la presidencia de El Salvador<\/a><\/h5>\n\n\n\n<p>El c\u00f3digo se ha copiado en su portapapeles.<\/p>\n\n\n\n<hr class=\"wp-block-separator has-alpha-channel-opacity\"\/>\n\n\n\n<p>Ancho&nbsp;&nbsp;pxAltura&nbsp;&nbsp;px<\/p>\n\n\n\n<ul class=\"wp-block-list\">\n<li><a href=\"https:\/\/facebook.com\/sharer.php?u=https%3a%2f%2fwww.vozdeamerica.com%2fa%2f7463521.html\" target=\"_blank\" rel=\"noreferrer noopener\">Comparta en Facebook<\/a><\/li>\n\n\n\n<li><a href=\"https:\/\/twitter.com\/share?url=https%3a%2f%2fwww.vozdeamerica.com%2fa%2f7463521.html&amp;text=Marina+Murillo%2c+candidata+a+la+presidencia+de+El+Salvador\" target=\"_blank\" rel=\"noreferrer noopener\">Comparta en Twitter<\/a><\/li>\n<\/ul>\n\n\n\n<p>The URL has been copied to your clipboard<\/p>\n\n\n\n<ul class=\"wp-block-list\">\n<li>Auto<\/li>\n\n\n\n<li>240p<\/li>\n\n\n\n<li>360p<\/li>\n\n\n\n<li>480p<\/li>\n\n\n\n<li>720p<\/li>\n\n\n\n<li>1080p<\/li>\n<\/ul>\n\n\n\n<p>No media source currently available<\/p>\n\n\n\n<p>0:005:250:00<\/p>\n\n\n\n<ul class=\"wp-block-list\">\n<li><\/li>\n\n\n\n<li><\/li>\n\n\n\n<li><\/li>\n\n\n\n<li><\/li>\n\n\n\n<li><\/li>\n\n\n\n<li><\/li>\n<\/ul>\n\n\n\n<p><a href=\"https:\/\/www.vozdeamerica.com\/embed\/player\/Article\/7463521.html?type=video&amp;FullScreenMode=True\" target=\"_blank\" rel=\"noreferrer noopener\"><\/a><\/p>\n\n\n\n<p>&nbsp;Descargar&nbsp;<\/p>\n\n\n\n<p>poblaci\u00f3n y somos luchadoras, creo que si se le da una oportunidad a una mujer vamos a demostrar que s\u00ed podemos lograrlo\u201d, expres\u00f3.<\/p>\n\n\n\n<p><a href=\"https:\/\/www.vozdeamerica.com\/a\/la-falta-de-independencia-judicial-contribuye-al-aumento-de-la-corrupcion-en-las-americas-dice-informe\/7463178.html\"><\/a><\/p>\n\n\n\n<p><a href=\"https:\/\/www.vozdeamerica.com\/a\/la-falta-de-independencia-judicial-contribuye-al-aumento-de-la-corrupcion-en-las-americas-dice-informe\/7463178.html\">TAMBI\u00c9N LEA<\/a><\/p>\n\n\n\n<h4 class=\"wp-block-heading\"><a href=\"https:\/\/www.vozdeamerica.com\/a\/la-falta-de-independencia-judicial-contribuye-al-aumento-de-la-corrupcion-en-las-americas-dice-informe\/7463178.html\">Venezuela, Nicaragua y Hait\u00ed entre los pa\u00edses m\u00e1s corruptos de la regi\u00f3n<\/a><\/h4>\n\n\n\n<p>La candidata de Fraternidad Patriota dice que es muy respetuosa de las leyes y por eso cree que el r\u00e9gimen de excepci\u00f3n se tendr\u00eda que mantener para darle el debido proceso a todos los que est\u00e1n ahora detenidos<\/p>\n\n\n\n<p>\u201cSe sabe que hay muchas personas que dicen que son inocentes, entonces hay que seguir el debido proceso para que despu\u00e9s se pueda el proceso y la libertad a inocentes. No se puede quitar el r\u00e9gimen de excepci\u00f3n, en este momento, bruscamente porque todav\u00eda no se ha hecho el proceso y ese proceso hasta donde s\u00e9, ni se ha iniciado\u201d, concluy\u00f3 Murillo.<\/p>\n\n\n\n<p>La seguridad es un reto de todos los aspirantes presidenciales puesto que El Salvador mantiene un r\u00e9gimen de excepci\u00f3n desde marzo del 2022 con el que aparentemente han logrado erradicar a las pandillas de los barrios.<\/p>\n\n\n\n<p>El cierre de campa\u00f1a se lleva a cabo en medio de una controversia ocasionada por una publicaci\u00f3n del peri\u00f3dico digital salvadore\u00f1o \u201cEl Faro\u201d que contiene audios y mensajes telef\u00f3nicos que revelan que el gobierno de Bukele presuntamente intent\u00f3 recapturar al l\u00edder marero Crook \u2013que huy\u00f3 de una c\u00e1rcel salvadore\u00f1a-, a trav\u00e9s de un intermediario pandillero, que negociar\u00eda la recaptura con el C\u00e1rtel Jalisco Nueva Generaci\u00f3n. Esto ha generado una ola de reacciones, a favor y en contra, en redes sociales.<\/p>\n\n\n\n<p>El mandatario reaccion\u00f3 a esta publicaci\u00f3n recientemente y escribi\u00f3 en su perfil de X que \u201ces un honor recibir sus ataques\u201d. \u201cMe preocupar\u00eda si estuvieran de nuestro lado\u201d, expres\u00f3 Bukele.<\/p>\n","protected":false},"excerpt":{"rendered":"<p>Candidatos presidenciales a las elecciones de 2024 en El Salvador. [Ilustraci\u00f3n: Sergio Valencia] febrero 01, 2024 Compartir &nbsp;Vea comentarios &nbsp;Print Seis opciones tendr\u00e1n los salvadore\u00f1os cuando salgan a votar por el pr\u00f3ximo presidente del pa\u00eds el pr\u00f3ximo domingo 4 de febrero de 2024. El presidente \u00aben licencia\u00bb, Nayib Bukele, va delante en las encuestas. SAN [&hellip;]<\/p>\n","protected":false},"author":28,"featured_media":505070,"comment_status":"closed","ping_status":"","sticky":false,"template":"","format":"standard","meta":{"footnotes":""},"categories":[23,22],"tags":[],"class_list":["post-505067","post","type-post","status-publish","format-standard","has-post-thumbnail","hentry","category-internacional","category-politica"],"_links":{"self":[{"href":"https:\/\/diariodominicano.com\/index.php?rest_route=\/wp\/v2\/posts\/505067","targetHints":{"allow":["GET"]}}],"collection":[{"href":"https:\/\/diariodominicano.com\/index.php?rest_route=\/wp\/v2\/posts"}],"about":[{"href":"https:\/\/diariodominicano.com\/index.php?rest_route=\/wp\/v2\/types\/post"}],"author":[{"embeddable":true,"href":"https:\/\/diariodominicano.com\/index.php?rest_route=\/wp\/v2\/users\/28"}],"replies":[{"embeddable":true,"href":"https:\/\/diariodominicano.com\/index.php?rest_route=%2Fwp%2Fv2%2Fcomments&post=505067"}],"version-history":[{"count":3,"href":"https:\/\/diariodominicano.com\/index.php?rest_route=\/wp\/v2\/posts\/505067\/revisions"}],"predecessor-version":[{"id":505071,"href":"https:\/\/diariodominicano.com\/index.php?rest_route=\/wp\/v2\/posts\/505067\/revisions\/505071"}],"wp:featuredmedia":[{"embeddable":true,"href":"https:\/\/diariodominicano.com\/index.php?rest_route=\/wp\/v2\/media\/505070"}],"wp:attachment":[{"href":"https:\/\/diariodominicano.com\/index.php?rest_route=%2Fwp%2Fv2%2Fmedia&parent=505067"}],"wp:term":[{"taxonomy":"category","embeddable":true,"href":"https:\/\/diariodominicano.com\/index.php?rest_route=%2Fwp%2Fv2%2Fcategories&post=505067"},{"taxonomy":"post_tag","embeddable":true,"href":"https:\/\/diariodominicano.com\/index.php?rest_route=%2Fwp%2Fv2%2Ftags&post=505067"}],"curies":[{"name":"wp","href":"https:\/\/api.w.org\/{rel}","templated":true}]}}