{"id":505028,"date":"2024-02-01T22:35:59","date_gmt":"2024-02-02T02:35:59","guid":{"rendered":"https:\/\/diariodominicano.com\/?p=505028"},"modified":"2024-02-02T03:15:35","modified_gmt":"2024-02-02T07:15:35","slug":"yvan-lorenzopld-considera-irresponsable-declaracion-de-participacion-ciudadana","status":"publish","type":"post","link":"https:\/\/diariodominicano.com\/?p=505028","title":{"rendered":"Yvan Lorenzo PLD considera irresponsable declaraci\u00f3n de Participaci\u00f3n Ciudadana"},"content":{"rendered":"\n<p>En opini\u00f3n del senador PLD por El\u00edas Pi\u00f1a, <em>PC incurre en una irresponsabilidad al afirmar que el presidente Abinader puede inaugurar obras durante la campa\u00f1a municipal<strong>.<\/strong><\/em><\/p>\n\n\n\n<p><strong>El Senador Yv\u00e1n Lorenzo<\/strong>\u00a0consider\u00f3 un acto de irresponsabilidad del movimiento que se define como no partidista, Participaci\u00f3n Ciudadana, insinuar que el presidente Abinader puede inaugurar obras durante la campa\u00f1a municipal, pese a que la Ley as\u00ed lo proh\u00edbe.<\/p>\n\n\n\n<p><\/p>\n\n\n\n<p>\u201cSe\u00f1ores de Participaci\u00f3n Ciudadana, es irresponsable tratar de confundir a la opini\u00f3n p\u00fablica, el presidente Abinader no puede inaugurar obras durante la campa\u00f1a municipal\u201d, escribi\u00f3 esta ma\u00f1ana Lorenzo en alusi\u00f3n a unas declaraciones de Participaci\u00f3n Ciudadana sobre el tema.<\/p>\n\n\n\n<p>El Senador por El\u00edas Pi\u00f1a y miembro del Comit\u00e9 Pol\u00edtico del Partido de la Liberaci\u00f3n Dominicana hizo referencia a un titular period\u00edstico que resalta las declaraciones de Participaci\u00f3n Ciudadana en que se afirma que \u201cAbinader debe renunciar a su derecho a inaugurar obras\u201d.<\/p>\n\n\n\n<p>\u201cAbinader no puede inaugurar obras durante la campa\u00f1a municipal, de conformidad con lo que establece el art. 210, p. 6 de la Ley 20-23 de R\u00e9gimen Electoral y la resoluci\u00f3n 38-23 de JCE\u201d, apunt\u00f3 Lorenzo.<\/p>\n\n\n\n<p>Sobre este punto el Partido de la Liberaci\u00f3n Dominicana present\u00f3 esta semana la recusaci\u00f3n del miembro titular de la JCE, Rafael Vallejo Santelises en raz\u00f3n de que asumi\u00f3 p\u00fablicamente la vocer\u00eda del Gobierno y renunci\u00f3 a su condici\u00f3n de magistrado que se hab\u00eda comprometido mediante documento hecho p\u00fablico que regula el calendario electoral donde se proh\u00edbe expresamente las inauguraciones tanto del gobierno como de las alcald\u00edas.<\/p>\n\n\n\n<p>&nbsp;&nbsp;<a href=\"https:\/\/t.co\/M7vAN7GdSX\" target=\"_blank\" rel=\"noreferrer noopener\">https:\/\/t.co\/M7vAN7GdSX<\/a><br>(<a href=\"https:\/\/x.com\/Yvanlorenzos\/status\/1753057210190467220?t=OzxNw-78p-sPYX6Pr2cGug&amp;s=03\" target=\"_blank\" rel=\"noreferrer noopener\">https:\/\/x.com\/Yvanlorenzos\/status\/1753057210190467220?t=OzxNw-78p-sPYX6Pr2cGug&amp;s=03<\/a>)<\/p>\n\n\n\n<p><strong>SECRETARIA DE COMUNICACIONES<\/strong><\/p>\n\n\n\n<p><strong>01 DE FEBRERO, 2024.-<\/strong><\/p>\n","protected":false},"excerpt":{"rendered":"<p>En opini\u00f3n del senador PLD por El\u00edas Pi\u00f1a, PC incurre en una irresponsabilidad al afirmar que el presidente Abinader puede inaugurar obras durante la campa\u00f1a municipal. El Senador Yv\u00e1n Lorenzo\u00a0consider\u00f3 un acto de irresponsabilidad del movimiento que se define como no partidista, Participaci\u00f3n Ciudadana, insinuar que el presidente Abinader puede inaugurar obras durante la campa\u00f1a [&hellip;]<\/p>\n","protected":false},"author":28,"featured_media":505145,"comment_status":"closed","ping_status":"open","sticky":true,"template":"","format":"standard","meta":{"footnotes":""},"categories":[22,27],"tags":[],"class_list":["post-505028","post","type-post","status-publish","format-standard","has-post-thumbnail","hentry","category-politica","category-portada"],"_links":{"self":[{"href":"https:\/\/diariodominicano.com\/index.php?rest_route=\/wp\/v2\/posts\/505028","targetHints":{"allow":["GET"]}}],"collection":[{"href":"https:\/\/diariodominicano.com\/index.php?rest_route=\/wp\/v2\/posts"}],"about":[{"href":"https:\/\/diariodominicano.com\/index.php?rest_route=\/wp\/v2\/types\/post"}],"author":[{"embeddable":true,"href":"https:\/\/diariodominicano.com\/index.php?rest_route=\/wp\/v2\/users\/28"}],"replies":[{"embeddable":true,"href":"https:\/\/diariodominicano.com\/index.php?rest_route=%2Fwp%2Fv2%2Fcomments&post=505028"}],"version-history":[{"count":4,"href":"https:\/\/diariodominicano.com\/index.php?rest_route=\/wp\/v2\/posts\/505028\/revisions"}],"predecessor-version":[{"id":505138,"href":"https:\/\/diariodominicano.com\/index.php?rest_route=\/wp\/v2\/posts\/505028\/revisions\/505138"}],"wp:featuredmedia":[{"embeddable":true,"href":"https:\/\/diariodominicano.com\/index.php?rest_route=\/wp\/v2\/media\/505145"}],"wp:attachment":[{"href":"https:\/\/diariodominicano.com\/index.php?rest_route=%2Fwp%2Fv2%2Fmedia&parent=505028"}],"wp:term":[{"taxonomy":"category","embeddable":true,"href":"https:\/\/diariodominicano.com\/index.php?rest_route=%2Fwp%2Fv2%2Fcategories&post=505028"},{"taxonomy":"post_tag","embeddable":true,"href":"https:\/\/diariodominicano.com\/index.php?rest_route=%2Fwp%2Fv2%2Ftags&post=505028"}],"curies":[{"name":"wp","href":"https:\/\/api.w.org\/{rel}","templated":true}]}}