{"id":50496,"date":"2020-08-20T22:13:30","date_gmt":"2020-08-20T22:13:30","guid":{"rendered":"http:\/\/diariodominicano.ddns.net\/?p=50496"},"modified":"2020-08-20T22:13:30","modified_gmt":"2020-08-20T22:13:30","slug":"intelectual-dominicana-solicita-nobel-para-medicos-cubanos","status":"publish","type":"post","link":"https:\/\/diariodominicano.com\/?p=50496","title":{"rendered":"Intelectual dominicana solicita Nobel para m\u00e9dicos cubanos"},"content":{"rendered":"<p><body><\/p>\n<p><img decoding=\"async\" src=\"img3\/Chiqui_Vicioso20-8-20.jpg\" \/>  <\/p>\n<p><strong><span class=\"text1noticias\">diariodominicano.com<\/span><\/strong><\/p>\n<p><strong> <\/strong><\/p>\n<p><strong><span class=\"text1noticias\">Santo Domingo, 20 ago (Prensa Latina)<\/span><\/strong><span class=\"text1noticias\"> La reconocida intelectual dominicana, Chiqui Vicioso, solicit\u00f3 a sus compatriotas apoyar la entrega a los m\u00e9dicos de Cuba y a su brigada internacional Henry Reeve, del Premio Nobel de la Paz, se divulg\u00f3 hoy aqu\u00ed.<\/span><\/p>\n<p><span class=\"text1noticias\"> <\/span><\/p>\n<p><span class=\"text1noticias\">A trav\u00e9s de las redes sociales, Vicioso conmin\u00f3 a parlamentarios, m\u00e9dicos, profesores, ingenieros y literatos dominicanos formados en Cuba, a seguir el ejemplo de parlamentarios brasile\u00f1os que firmaron una resoluci\u00f3n solicitando el reconocimiento para los cubanos.<\/span><\/p>\n<p><span class=\"text1noticias\"> <\/span><\/p>\n<p><span class=\"text1noticias\">&#8216;Desde hace 55 a\u00f1os las misiones m\u00e9dicas cubanas han efectuado 600 mil misiones en 164 pa\u00edses, las cuales involucraron a 400 mil profesionales cubanos de la salud&#8217;, se\u00f1al\u00f3.<\/span><\/p>\n<p><span class=\"text1noticias\"> <\/span><\/p>\n<p><span class=\"text1noticias\">En 1991, seg\u00fan manifest\u00f3, 20 mil ni\u00f1os de Belarus, Ucrania y Rusia desembarcaron en La Habana para recibir tratamientos de salud, afectados por el accidente nuclear de Chern\u00f3bil.<\/span><\/p>\n<p><span class=\"text1noticias\"> <\/span><\/p>\n<p><span class=\"text1noticias\">Asimismo, dijo que con el programa M\u00e1s M\u00e9dicos, llevado a cabo en Brasil, en cinco a\u00f1os de trabajo cerca de 20 mil galenos de la isla atendieron a 113 mil pacientes en m\u00e1s de tres mil municipios de esa naci\u00f3n<\/span><\/p>\n<p><span class=\"text1noticias\"> <\/span><\/p>\n<p><span class=\"text1noticias\">Por otra parte, la escritora apunt\u00f3 como la solidaridad m\u00e9dica cubana igualmente es admirada en \u00c1frica, donde los profesionales de la salud de la isla especializados en situaciones de desastre y epidemias graves, fueron &#8216;los \u00fanicos que se atrevieron a combatir con \u00e9xito el virus del Ebola, peor que el Covid-19&#8217;.<\/span><\/p>\n<p><span class=\"text1noticias\"> <\/span><\/p>\n<p><span class=\"text1noticias\">Tambi\u00e9n destac\u00f3 que esa solidaridad fue reconocida por los negros de los Estados Unidos, cuando Cuba fue el primer pa\u00eds en responder al desastre de la tormenta Katrina, en Nueva Orleans, y tambi\u00e9n por las poblaciones ind\u00edgenas de toda Am\u00e9rica Latina, las cuales nunca hab\u00edan siquiera visto un m\u00e9dico, antes de la llegada de las brigadas cubanas.<\/span><\/p>\n<p><span class=\"text1noticias\"> <\/span><\/p>\n<p><span class=\"text1noticias\">Finalmente, reiter\u00f3 a quienes se graduaron y estudiaron en la mayor de las Antillas &#8216;a no quedarse sin solicitar para Cuba un galard\u00f3n m\u00e1s que merecido&#8217;<\/span>.<\/p>\n<\/p>\n<p>ga\/ema<\/p>\n<h6> 2020-08-20 22:13:30 <\/h6>\n<p><!--\n<link rel=\"stylesheet\" href=\"css\/bootstrap.min.css\">\n\n\n<ul class=\"pagination\">\n\t    \n\t\n\n<li >\n\t<a href='?page_no=302'>Previous<\/a>\n\t<\/li>\n\n\n       \n    \n\n<li><a href='?page_no=1'>1<\/a><\/li>\n\n\n\n<li><a href='?page_no=2'>2<\/a><\/li>\n\n\n\n<li><a>...<\/a><\/li>\n\n\n\n<li><a href='?page_no=301'>301<\/a><\/li>\n\n\n\n<li><a href='?page_no=302'>302<\/a><\/li>\n\n\n\n<li class='active'><a>303<\/a><\/li>\n\n\n\n<li><a href='?page_no=304'>304<\/a><\/li>\n\n\n\n<li><a href='?page_no=305'>305<\/a><\/li>\n\n\n\n<li><a>...<\/a><\/li>\n\n\n\n<li><a href='?page_no=22911'>22911<\/a><\/li>\n\n\n\n<li><a href='?page_no=22912'>22912<\/a><\/li>\n\n    \n\t\n\n<li >\n\t<a href='?page_no=304'>Next<\/a>\n\t<\/li>\n\n\n    \n\n<li><a href='?page_no=22912'>Last &rsaquo;&rsaquo;<\/a><\/li>\n\n<\/ul>\n\n\n--><br \/>\n<\/body><\/p>\n","protected":false},"excerpt":{"rendered":"<p>diariodominicano.com Santo Domingo, 20 ago (Prensa Latina) La reconocida intelectual dominicana, Chiqui Vicioso, solicit\u00f3 a sus compatriotas apoyar la entrega a los m\u00e9dicos de Cuba y a su brigada internacional Henry Reeve, del Premio Nobel de la Paz, se divulg\u00f3 hoy aqu\u00ed. A trav\u00e9s de las redes sociales, Vicioso conmin\u00f3 a parlamentarios, m\u00e9dicos, profesores, ingenieros [&hellip;]<\/p>\n","protected":false},"author":3,"featured_media":0,"comment_status":"open","ping_status":"open","sticky":false,"template":"","format":"standard","meta":{"footnotes":""},"categories":[21],"tags":[],"class_list":["post-50496","post","type-post","status-publish","format-standard","hentry","category-cultura"],"_links":{"self":[{"href":"https:\/\/diariodominicano.com\/index.php?rest_route=\/wp\/v2\/posts\/50496","targetHints":{"allow":["GET"]}}],"collection":[{"href":"https:\/\/diariodominicano.com\/index.php?rest_route=\/wp\/v2\/posts"}],"about":[{"href":"https:\/\/diariodominicano.com\/index.php?rest_route=\/wp\/v2\/types\/post"}],"author":[{"embeddable":true,"href":"https:\/\/diariodominicano.com\/index.php?rest_route=\/wp\/v2\/users\/3"}],"replies":[{"embeddable":true,"href":"https:\/\/diariodominicano.com\/index.php?rest_route=%2Fwp%2Fv2%2Fcomments&post=50496"}],"version-history":[{"count":0,"href":"https:\/\/diariodominicano.com\/index.php?rest_route=\/wp\/v2\/posts\/50496\/revisions"}],"wp:attachment":[{"href":"https:\/\/diariodominicano.com\/index.php?rest_route=%2Fwp%2Fv2%2Fmedia&parent=50496"}],"wp:term":[{"taxonomy":"category","embeddable":true,"href":"https:\/\/diariodominicano.com\/index.php?rest_route=%2Fwp%2Fv2%2Fcategories&post=50496"},{"taxonomy":"post_tag","embeddable":true,"href":"https:\/\/diariodominicano.com\/index.php?rest_route=%2Fwp%2Fv2%2Ftags&post=50496"}],"curies":[{"name":"wp","href":"https:\/\/api.w.org\/{rel}","templated":true}]}}