{"id":504906,"date":"2024-02-01T00:56:37","date_gmt":"2024-02-01T04:56:37","guid":{"rendered":"https:\/\/diariodominicano.com\/?p=504906"},"modified":"2024-02-01T00:56:52","modified_gmt":"2024-02-01T04:56:52","slug":"uasd-y-embajada-de-cuba-depositan-ofrenda-por-el-171-aniversario-de-jose-marti","status":"publish","type":"post","link":"https:\/\/diariodominicano.com\/?p=504906","title":{"rendered":"UASD y embajada de Cuba depositan ofrenda por el 171 aniversario de Jos\u00e9 Mart\u00ed"},"content":{"rendered":"\n<p>La Universidad Aut\u00f3noma de Santo Domingo (UASD) y la embajada de Cuba en la Rep\u00fablica Dominicana, depositaron una ofrenda floral en la plazoleta que lleva su nombre, para conmemorar el 171 aniversario del pr\u00f3cer Jos\u00e9 Mart\u00ed.<\/p>\n\n\n\n<p>&nbsp;La actividad fue encabezada por la vicerrectora de Extensi\u00f3n de la UASD, maestra Rosal\u00eda Sosa, por el diplom\u00e1tico, \u00c1ngel Arzuaga Reyes y el coordinador de la c\u00e1tedra extracurricular,&nbsp; Jos\u00e9 Mart\u00ed, Lu\u00eds de Le\u00f3n.<\/p>\n\n\n\n<figure class=\"wp-block-image size-large\"><img loading=\"lazy\" decoding=\"async\" width=\"1024\" height=\"836\" src=\"https:\/\/diariodominicano.com\/wp-content\/uploads\/2024\/02\/IMG-20240128-WA0052-1024x836.jpg\" alt=\"\" class=\"wp-image-504909\" srcset=\"https:\/\/diariodominicano.com\/wp-content\/uploads\/2024\/02\/IMG-20240128-WA0052-1024x836.jpg 1024w, https:\/\/diariodominicano.com\/wp-content\/uploads\/2024\/02\/IMG-20240128-WA0052-300x245.jpg 300w, https:\/\/diariodominicano.com\/wp-content\/uploads\/2024\/02\/IMG-20240128-WA0052-768x627.jpg 768w, https:\/\/diariodominicano.com\/wp-content\/uploads\/2024\/02\/IMG-20240128-WA0052-816x666.jpg 816w, https:\/\/diariodominicano.com\/wp-content\/uploads\/2024\/02\/IMG-20240128-WA0052.jpg 1280w\" sizes=\"auto, (max-width: 1024px) 100vw, 1024px\" \/><\/figure>\n\n\n\n<p>En la ofrenda floral\u00a0 estuvieron presentes adem\u00e1s, \u00a0el decano de la Facultad de Humanidades, Gerardo Roa Ogando; Roberto Payano, coordinador de la campa\u00f1a Dominicana de Solidaridad con Cuba, Eliades Acosta Matos, entre otras personalidades.<\/p>\n\n\n\n<p>Relaciones P\u00fablicas<\/p>\n\n\n\n<p><a target=\"_blank\" href=\"mailto:relacionespublicas@uasd.edu.do\" rel=\"noreferrer noopener\">relacionespublicas@uasd.edu.do<\/a><\/p>\n","protected":false},"excerpt":{"rendered":"<p>La Universidad Aut\u00f3noma de Santo Domingo (UASD) y la embajada de Cuba en la Rep\u00fablica Dominicana, depositaron una ofrenda floral en la plazoleta que lleva su nombre, para conmemorar el 171 aniversario del pr\u00f3cer Jos\u00e9 Mart\u00ed. &nbsp;La actividad fue encabezada por la vicerrectora de Extensi\u00f3n de la UASD, maestra Rosal\u00eda Sosa, por el diplom\u00e1tico, \u00c1ngel [&hellip;]<\/p>\n","protected":false},"author":28,"featured_media":504907,"comment_status":"closed","ping_status":"","sticky":true,"template":"","format":"standard","meta":{"footnotes":""},"categories":[26,27],"tags":[],"class_list":["post-504906","post","type-post","status-publish","format-standard","has-post-thumbnail","hentry","category-efemerides","category-portada"],"_links":{"self":[{"href":"https:\/\/diariodominicano.com\/index.php?rest_route=\/wp\/v2\/posts\/504906","targetHints":{"allow":["GET"]}}],"collection":[{"href":"https:\/\/diariodominicano.com\/index.php?rest_route=\/wp\/v2\/posts"}],"about":[{"href":"https:\/\/diariodominicano.com\/index.php?rest_route=\/wp\/v2\/types\/post"}],"author":[{"embeddable":true,"href":"https:\/\/diariodominicano.com\/index.php?rest_route=\/wp\/v2\/users\/28"}],"replies":[{"embeddable":true,"href":"https:\/\/diariodominicano.com\/index.php?rest_route=%2Fwp%2Fv2%2Fcomments&post=504906"}],"version-history":[{"count":2,"href":"https:\/\/diariodominicano.com\/index.php?rest_route=\/wp\/v2\/posts\/504906\/revisions"}],"predecessor-version":[{"id":504910,"href":"https:\/\/diariodominicano.com\/index.php?rest_route=\/wp\/v2\/posts\/504906\/revisions\/504910"}],"wp:featuredmedia":[{"embeddable":true,"href":"https:\/\/diariodominicano.com\/index.php?rest_route=\/wp\/v2\/media\/504907"}],"wp:attachment":[{"href":"https:\/\/diariodominicano.com\/index.php?rest_route=%2Fwp%2Fv2%2Fmedia&parent=504906"}],"wp:term":[{"taxonomy":"category","embeddable":true,"href":"https:\/\/diariodominicano.com\/index.php?rest_route=%2Fwp%2Fv2%2Fcategories&post=504906"},{"taxonomy":"post_tag","embeddable":true,"href":"https:\/\/diariodominicano.com\/index.php?rest_route=%2Fwp%2Fv2%2Ftags&post=504906"}],"curies":[{"name":"wp","href":"https:\/\/api.w.org\/{rel}","templated":true}]}}