{"id":504851,"date":"2024-01-31T23:48:06","date_gmt":"2024-02-01T03:48:06","guid":{"rendered":"https:\/\/diariodominicano.com\/?p=504851"},"modified":"2024-01-31T23:48:06","modified_gmt":"2024-02-01T03:48:06","slug":"danilo-diaz-pld-califica-de-violacion-grosera-y-acto-de-vulgaridad-el-uso-de-los-recursos-del-estado-en-la-promocion-de-los-candidatos-del-prm","status":"publish","type":"post","link":"https:\/\/diariodominicano.com\/?p=504851","title":{"rendered":"Danilo Diaz PLD:\u00a0califica de violaci\u00f3n grosera y acto de vulgaridad el uso de los recursos del Estado en la promoci\u00f3n de los candidatos del PRM"},"content":{"rendered":"\n<p><strong>Danilo D\u00edaz, miembro del Comit\u00e9 Pol\u00edtico del Partido de la Liberaci\u00f3n Dominicana (PLD) y delegado ante la Junta Central Electoral,<\/strong>\u00a0consider\u00f3 el lunes como una violaci\u00f3n grosera y un acto de vulgaridad el uso de los recursos del Estado en la promoci\u00f3n de los candidatos del oficialismo.<\/p>\n\n\n\n<p>D\u00edaz dijo que la magnitud de estas violaciones nunca se hab\u00eda visto en el pa\u00eds y no se pueden justificar sobre la base de que supuestamente se hicieron anteriormente.<\/p>\n\n\n\n<p>\u201cEsa vulgaridad que estamos viendo en el uso de los recursos del Estado no se le pueden atribuir a los gobiernos del PLD. La foto del expresidente Danilo Medina nunca se vio en una inauguraci\u00f3n en medio de una campa\u00f1a electoral\u201d, expres\u00f3 Diaz al participar como entrevistado en la estaci\u00f3n La Super 7.<\/p>\n\n\n\n<p>Manifest\u00f3 que en este gobierno est\u00e1 sucediendo todo lo contrario, ya que la foto del presidente Luis Abinader, quien es un candidato, aparece en todas las inauguraciones oficiales, al igual que la de los candidatos y candidatas del PRM a cargos municipales.<\/p>\n\n\n\n<p>D\u00edaz resalt\u00f3 que el presidente de la Rep\u00fablica est\u00e1 haciendo campa\u00f1a todos los d\u00edas. \u201cEn el mismo lugar de las inauguraciones hace declaraciones pol\u00edticas, en el propio Palacio Nacional, en La Semanal que no es ning\u00fan acto de orientaci\u00f3n ciudadana sino un escenario de campa\u00f1a, y todo eso, con recursos del Estado\u201d.<\/p>\n\n\n\n<p>Considera como un acto inmoral que el presidente vaya a inaugurar una obra, e inmediatamente participe en una caravana a proclamar que ganar\u00e1 con el 70% por ciento de los votos.<\/p>\n\n\n\n<p>\u201cY m\u00e1s a\u00fan, partiendo de gente que promueve la transparencia y ha hecho una campa\u00f1a basada en una supuesta lucha anticorrupci\u00f3n\u201d, se\u00f1al\u00f3.<\/p>\n\n\n\n<p>En cuanto a la Junta Central Electoral declar\u00f3 que ha sido t\u00edmida y un poco indiferente en cuanto a la utilizaci\u00f3n de los recursos del Estado descaradamente.<\/p>\n\n\n\n<p><strong>SECRETARIA DE COMUNICACIONES<\/strong><\/p>\n\n\n\n<p><strong>31 DE ENERO, 2024.-<\/strong><\/p>\n","protected":false},"excerpt":{"rendered":"<p>Danilo D\u00edaz, miembro del Comit\u00e9 Pol\u00edtico del Partido de la Liberaci\u00f3n Dominicana (PLD) y delegado ante la Junta Central Electoral,\u00a0consider\u00f3 el lunes como una violaci\u00f3n grosera y un acto de vulgaridad el uso de los recursos del Estado en la promoci\u00f3n de los candidatos del oficialismo. D\u00edaz dijo que la magnitud de estas violaciones nunca [&hellip;]<\/p>\n","protected":false},"author":28,"featured_media":504852,"comment_status":"closed","ping_status":"","sticky":false,"template":"","format":"standard","meta":{"footnotes":""},"categories":[22],"tags":[],"class_list":["post-504851","post","type-post","status-publish","format-standard","has-post-thumbnail","hentry","category-politica"],"_links":{"self":[{"href":"https:\/\/diariodominicano.com\/index.php?rest_route=\/wp\/v2\/posts\/504851","targetHints":{"allow":["GET"]}}],"collection":[{"href":"https:\/\/diariodominicano.com\/index.php?rest_route=\/wp\/v2\/posts"}],"about":[{"href":"https:\/\/diariodominicano.com\/index.php?rest_route=\/wp\/v2\/types\/post"}],"author":[{"embeddable":true,"href":"https:\/\/diariodominicano.com\/index.php?rest_route=\/wp\/v2\/users\/28"}],"replies":[{"embeddable":true,"href":"https:\/\/diariodominicano.com\/index.php?rest_route=%2Fwp%2Fv2%2Fcomments&post=504851"}],"version-history":[{"count":1,"href":"https:\/\/diariodominicano.com\/index.php?rest_route=\/wp\/v2\/posts\/504851\/revisions"}],"predecessor-version":[{"id":504853,"href":"https:\/\/diariodominicano.com\/index.php?rest_route=\/wp\/v2\/posts\/504851\/revisions\/504853"}],"wp:featuredmedia":[{"embeddable":true,"href":"https:\/\/diariodominicano.com\/index.php?rest_route=\/wp\/v2\/media\/504852"}],"wp:attachment":[{"href":"https:\/\/diariodominicano.com\/index.php?rest_route=%2Fwp%2Fv2%2Fmedia&parent=504851"}],"wp:term":[{"taxonomy":"category","embeddable":true,"href":"https:\/\/diariodominicano.com\/index.php?rest_route=%2Fwp%2Fv2%2Fcategories&post=504851"},{"taxonomy":"post_tag","embeddable":true,"href":"https:\/\/diariodominicano.com\/index.php?rest_route=%2Fwp%2Fv2%2Ftags&post=504851"}],"curies":[{"name":"wp","href":"https:\/\/api.w.org\/{rel}","templated":true}]}}