{"id":50474,"date":"2020-08-20T22:31:22","date_gmt":"2020-08-20T22:31:22","guid":{"rendered":"http:\/\/diariodominicano.ddns.net\/?p=50474"},"modified":"2020-08-20T22:31:22","modified_gmt":"2020-08-20T22:31:22","slug":"el-general-buceta-inicia-su-retirada-a-santiago-de-los-caballeros","status":"publish","type":"post","link":"https:\/\/diariodominicano.com\/?p=50474","title":{"rendered":"El general Buceta inicia su retirada a Santiago de los Caballeros"},"content":{"rendered":"<p><body><\/p>\n<p><strong>En la Guerra de la Restauraci\u00f3n<\/strong><\/p>\n<p><strong>El general Buceta inicia su retirada a Santiago de los Caballeros<\/strong><\/p>\n<p><strong>     GUAYUBIN, el 20 de agosto de 1863,<\/strong> durante la Guerra de la Restauraci\u00f3n, el brigadier espa\u00f1ol Manuel Buceta inici\u00f3 su retirada a la ciudad de Santiago de los Caballeros.<\/p>\n<\/p>\n<p>      En esa circunstancia su columna fue atacada por las fuerzas de los restauradores Benito Monci\u00f3n  y Pedro Antonio Pimentel, desde Villalobos hasta Guayacanes, y luego fue emboscado en La Barranquita y Cayucal.<\/p>\n<\/p>\n<p>     De su lado Gaspar Polanco liquid\u00f3 el resto de la columna de Buceta, lo que lo oblig\u00f3 a internarse en las cejas de monte del r\u00edo Yaque del Norte.<\/p>\n<\/p>\n<p>    El \u00abManual de Historia Militar Dominicana\u00bb, precisa que \u00abLos patriotas atacaron a los espa\u00f1oles, el 20 de agosto, a las 9 de la ma\u00f1ana, logrando aprovechar las caracter\u00edsticas favorables del terreno, las condiciones meteorol\u00f3gicas, ya que se sufr\u00eda  un calor extenuante y la baja moral del enemigo, pues el polvo que produc\u00edan ambas caballer\u00edas, unido a la sed, los consum\u00edan.<\/p>\n<\/p>\n<p>   \u00abFue un ataque mortal por  la vanguardia, la retaguardia y los flancos. El combate se extendi\u00f3 hasta las 14:00 horas de ese d\u00eda, cuando los espa\u00f1oles pudieron replegarse, dejando en el campo de batalla 40 soldados de Infanter\u00eda y 7 de caballer\u00eda\u00bb.<\/p>\n<\/p>\n<h6> 2020-08-20 22:31:22 <\/h6>\n<p><!--\n<link rel=\"stylesheet\" href=\"css\/bootstrap.min.css\">\n\n\n<ul class=\"pagination\">\n\t    \n\t\n\n<li >\n\t<a href='?page_no=300'>Previous<\/a>\n\t<\/li>\n\n\n       \n    \n\n<li><a href='?page_no=1'>1<\/a><\/li>\n\n\n\n<li><a href='?page_no=2'>2<\/a><\/li>\n\n\n\n<li><a>...<\/a><\/li>\n\n\n\n<li><a href='?page_no=299'>299<\/a><\/li>\n\n\n\n<li><a href='?page_no=300'>300<\/a><\/li>\n\n\n\n<li class='active'><a>301<\/a><\/li>\n\n\n\n<li><a href='?page_no=302'>302<\/a><\/li>\n\n\n\n<li><a href='?page_no=303'>303<\/a><\/li>\n\n\n\n<li><a>...<\/a><\/li>\n\n\n\n<li><a href='?page_no=22911'>22911<\/a><\/li>\n\n\n\n<li><a href='?page_no=22912'>22912<\/a><\/li>\n\n    \n\t\n\n<li >\n\t<a href='?page_no=302'>Next<\/a>\n\t<\/li>\n\n\n    \n\n<li><a href='?page_no=22912'>Last &rsaquo;&rsaquo;<\/a><\/li>\n\n<\/ul>\n\n\n--><br \/>\n<\/body><\/p>\n","protected":false},"excerpt":{"rendered":"<p>En la Guerra de la Restauraci\u00f3n El general Buceta inicia su retirada a Santiago de los Caballeros GUAYUBIN, el 20 de agosto de 1863, durante la Guerra de la Restauraci\u00f3n, el brigadier espa\u00f1ol Manuel Buceta inici\u00f3 su retirada a la ciudad de Santiago de los Caballeros. En esa circunstancia su columna fue atacada por las [&hellip;]<\/p>\n","protected":false},"author":3,"featured_media":0,"comment_status":"open","ping_status":"open","sticky":false,"template":"","format":"standard","meta":{"footnotes":""},"categories":[21],"tags":[],"class_list":["post-50474","post","type-post","status-publish","format-standard","hentry","category-cultura"],"_links":{"self":[{"href":"https:\/\/diariodominicano.com\/index.php?rest_route=\/wp\/v2\/posts\/50474","targetHints":{"allow":["GET"]}}],"collection":[{"href":"https:\/\/diariodominicano.com\/index.php?rest_route=\/wp\/v2\/posts"}],"about":[{"href":"https:\/\/diariodominicano.com\/index.php?rest_route=\/wp\/v2\/types\/post"}],"author":[{"embeddable":true,"href":"https:\/\/diariodominicano.com\/index.php?rest_route=\/wp\/v2\/users\/3"}],"replies":[{"embeddable":true,"href":"https:\/\/diariodominicano.com\/index.php?rest_route=%2Fwp%2Fv2%2Fcomments&post=50474"}],"version-history":[{"count":0,"href":"https:\/\/diariodominicano.com\/index.php?rest_route=\/wp\/v2\/posts\/50474\/revisions"}],"wp:attachment":[{"href":"https:\/\/diariodominicano.com\/index.php?rest_route=%2Fwp%2Fv2%2Fmedia&parent=50474"}],"wp:term":[{"taxonomy":"category","embeddable":true,"href":"https:\/\/diariodominicano.com\/index.php?rest_route=%2Fwp%2Fv2%2Fcategories&post=50474"},{"taxonomy":"post_tag","embeddable":true,"href":"https:\/\/diariodominicano.com\/index.php?rest_route=%2Fwp%2Fv2%2Ftags&post=50474"}],"curies":[{"name":"wp","href":"https:\/\/api.w.org\/{rel}","templated":true}]}}