{"id":504738,"date":"2024-01-31T12:21:58","date_gmt":"2024-01-31T16:21:58","guid":{"rendered":"https:\/\/diariodominicano.com\/?p=504738"},"modified":"2024-01-31T12:21:58","modified_gmt":"2024-01-31T16:21:58","slug":"luis-el-gallo-y-la-udc-toman-las-principales-avenidas-de-la-capital-en-respaldo-a-presidente-luis-abinader","status":"publish","type":"post","link":"https:\/\/diariodominicano.com\/?p=504738","title":{"rendered":"Luis \u201cEl Gallo\u201d y la UDC toman las principales avenidas de la Capital, en respaldo a presidente Luis Abinader"},"content":{"rendered":"\n<p>La Uni\u00f3n Dem\u00f3crata Cristiana -UDC-, encabezada por Luis Acosta Moreta, Luis \u201cEl Gallo\u201d, realiz\u00f3 un bandereo en las principales avenidas de Santo Domingo, en respaldo a la obra de gobierno del presidente Luis Abinader.<\/p>\n\n\n\n<p>Tambi\u00e9n de apoyo y reconocimiento a Carolina Mej\u00eda, para que siga en la sindicatura del Distrito Nacional, en las elecciones del mes de febrero.-<\/p>\n\n\n\n<p>El bandereo arranc\u00f3 a las cinco de la ma\u00f1ana, y a las cinco de la tarde. Luis \u201cEl Gallo\u201d dijo que era el saludo a las personas que salen a trabajar temprano y retornan a sus casas al caer la tarde,<\/p>\n\n\n\n<figure class=\"wp-block-gallery has-nested-images columns-default is-cropped wp-block-gallery-1 is-layout-flex wp-block-gallery-is-layout-flex\">\n<figure class=\"wp-block-image size-large\"><img loading=\"lazy\" decoding=\"async\" width=\"683\" height=\"1024\" data-id=\"504754\" src=\"https:\/\/diariodominicano.com\/wp-content\/uploads\/2024\/01\/Luis-El-Gallo-y-la-UDC-toman-principales-avenidas-de-la-Capital-683x1024.jpeg\" alt=\"\" class=\"wp-image-504754\" srcset=\"https:\/\/diariodominicano.com\/wp-content\/uploads\/2024\/01\/Luis-El-Gallo-y-la-UDC-toman-principales-avenidas-de-la-Capital-683x1024.jpeg 683w, https:\/\/diariodominicano.com\/wp-content\/uploads\/2024\/01\/Luis-El-Gallo-y-la-UDC-toman-principales-avenidas-de-la-Capital-200x300.jpeg 200w, https:\/\/diariodominicano.com\/wp-content\/uploads\/2024\/01\/Luis-El-Gallo-y-la-UDC-toman-principales-avenidas-de-la-Capital-768x1152.jpeg 768w, https:\/\/diariodominicano.com\/wp-content\/uploads\/2024\/01\/Luis-El-Gallo-y-la-UDC-toman-principales-avenidas-de-la-Capital-816x1224.jpeg 816w, https:\/\/diariodominicano.com\/wp-content\/uploads\/2024\/01\/Luis-El-Gallo-y-la-UDC-toman-principales-avenidas-de-la-Capital.jpeg 912w\" sizes=\"auto, (max-width: 683px) 100vw, 683px\" \/><\/figure>\n\n\n\n<figure class=\"wp-block-image size-large\"><img loading=\"lazy\" decoding=\"async\" width=\"1024\" height=\"683\" data-id=\"504755\" src=\"https:\/\/diariodominicano.com\/wp-content\/uploads\/2024\/01\/Luis-El-Gallo-la-UDC-toman-las-principales-avenidas-de-la-Capital-en-respaldo-a-presidente-Luis-Abinader-1024x683.jpeg\" alt=\"\" class=\"wp-image-504755\" srcset=\"https:\/\/diariodominicano.com\/wp-content\/uploads\/2024\/01\/Luis-El-Gallo-la-UDC-toman-las-principales-avenidas-de-la-Capital-en-respaldo-a-presidente-Luis-Abinader-1024x683.jpeg 1024w, https:\/\/diariodominicano.com\/wp-content\/uploads\/2024\/01\/Luis-El-Gallo-la-UDC-toman-las-principales-avenidas-de-la-Capital-en-respaldo-a-presidente-Luis-Abinader-300x200.jpeg 300w, https:\/\/diariodominicano.com\/wp-content\/uploads\/2024\/01\/Luis-El-Gallo-la-UDC-toman-las-principales-avenidas-de-la-Capital-en-respaldo-a-presidente-Luis-Abinader-768x512.jpeg 768w, https:\/\/diariodominicano.com\/wp-content\/uploads\/2024\/01\/Luis-El-Gallo-la-UDC-toman-las-principales-avenidas-de-la-Capital-en-respaldo-a-presidente-Luis-Abinader-816x544.jpeg 816w, https:\/\/diariodominicano.com\/wp-content\/uploads\/2024\/01\/Luis-El-Gallo-la-UDC-toman-las-principales-avenidas-de-la-Capital-en-respaldo-a-presidente-Luis-Abinader.jpeg 1368w\" sizes=\"auto, (max-width: 1024px) 100vw, 1024px\" \/><\/figure>\n\n\n\n<figure class=\"wp-block-image size-large\"><img loading=\"lazy\" decoding=\"async\" width=\"1024\" height=\"683\" data-id=\"504753\" src=\"https:\/\/diariodominicano.com\/wp-content\/uploads\/2024\/01\/Luis-El-Gallo-y-la-UDC-toman-las-principales-avenidas-de-la-Capital-1024x683.jpeg\" alt=\"\" class=\"wp-image-504753\" srcset=\"https:\/\/diariodominicano.com\/wp-content\/uploads\/2024\/01\/Luis-El-Gallo-y-la-UDC-toman-las-principales-avenidas-de-la-Capital-1024x683.jpeg 1024w, https:\/\/diariodominicano.com\/wp-content\/uploads\/2024\/01\/Luis-El-Gallo-y-la-UDC-toman-las-principales-avenidas-de-la-Capital-300x200.jpeg 300w, https:\/\/diariodominicano.com\/wp-content\/uploads\/2024\/01\/Luis-El-Gallo-y-la-UDC-toman-las-principales-avenidas-de-la-Capital-768x512.jpeg 768w, https:\/\/diariodominicano.com\/wp-content\/uploads\/2024\/01\/Luis-El-Gallo-y-la-UDC-toman-las-principales-avenidas-de-la-Capital-816x544.jpeg 816w, https:\/\/diariodominicano.com\/wp-content\/uploads\/2024\/01\/Luis-El-Gallo-y-la-UDC-toman-las-principales-avenidas-de-la-Capital.jpeg 1368w\" sizes=\"auto, (max-width: 1024px) 100vw, 1024px\" \/><\/figure>\n<\/figure>\n\n\n\n<p>A los transe\u00fantes y automovilistas se les brind\u00f3 caf\u00e9 y t\u00e9 caliente y un pedazo de una sabrosa arepa dominicana.<\/p>\n\n\n\n<p>El bandereo se realiz\u00f3 en las principales intersecciones de las avenidas 27 de Febrero y Winston Churchill, donde cientos de personas se paraban a ver el ondear de las banderas y escuchar las consignas de los militantes de la UDC, en respaldo al presidente Abinader.<\/p>\n\n\n\n<p>Otras avenidas donde se situaron los abanderados fueron la Abraham Lincoln, La Tiradentes, la Ortega y Gasset y la George Washington.<\/p>\n\n\n\n<p>Tambi\u00e9n en la John F. Kennedy, considerada una de las principales v\u00edas de la capital, y por donde se desplazan cada d\u00eda miles de personas, que salen a trabajar, estudiar y sus diligencias personales.<\/p>\n\n\n\n<p>Destac\u00f3 que los militantes de la UDC est\u00e1n trabajando a tiempo completo para impulsar la candidatura del Presidente Luis Abinader, y garantizar que gane en la primera vuelta electoral.<\/p>\n\n\n\n<p>El compromiso de la alianza PRM-UDC con una gesti\u00f3n municipal eficiente y centrada en las necesidades de la poblaci\u00f3n se evidenci\u00f3 a lo largo de esta movilizaci\u00f3n, consolidando la uni\u00f3n y la confianza en el proyecto encabezado por CarolinaMej\u00eda. El evento deja patente el respaldo s\u00f3lido y creciente que su gesti\u00f3n ha logrado en los diversos sectores y barrios, que componen el Distrito Nacional.<\/p>\n\n\n\n<p>Hizo un llamado al pueblo dominicano, para que en las elecciones presidenciales y municipales voten en la casilla 20 por los candidatos de la alianza PRM-UDC a nivel nacional es en todas las provincias municipios, y distrito municipales de todo el pa\u00eds.<\/p>\n","protected":false},"excerpt":{"rendered":"<p>La Uni\u00f3n Dem\u00f3crata Cristiana -UDC-, encabezada por Luis Acosta Moreta, Luis \u201cEl Gallo\u201d, realiz\u00f3 un bandereo en las principales avenidas de Santo Domingo, en respaldo a la obra de gobierno del presidente Luis Abinader. Tambi\u00e9n de apoyo y reconocimiento a Carolina Mej\u00eda, para que siga en la sindicatura del Distrito Nacional, en las elecciones del [&hellip;]<\/p>\n","protected":false},"author":7,"featured_media":504755,"comment_status":"closed","ping_status":"","sticky":true,"template":"","format":"standard","meta":{"footnotes":""},"categories":[22,27],"tags":[],"class_list":["post-504738","post","type-post","status-publish","format-standard","has-post-thumbnail","hentry","category-politica","category-portada"],"_links":{"self":[{"href":"https:\/\/diariodominicano.com\/index.php?rest_route=\/wp\/v2\/posts\/504738","targetHints":{"allow":["GET"]}}],"collection":[{"href":"https:\/\/diariodominicano.com\/index.php?rest_route=\/wp\/v2\/posts"}],"about":[{"href":"https:\/\/diariodominicano.com\/index.php?rest_route=\/wp\/v2\/types\/post"}],"author":[{"embeddable":true,"href":"https:\/\/diariodominicano.com\/index.php?rest_route=\/wp\/v2\/users\/7"}],"replies":[{"embeddable":true,"href":"https:\/\/diariodominicano.com\/index.php?rest_route=%2Fwp%2Fv2%2Fcomments&post=504738"}],"version-history":[{"count":1,"href":"https:\/\/diariodominicano.com\/index.php?rest_route=\/wp\/v2\/posts\/504738\/revisions"}],"predecessor-version":[{"id":504780,"href":"https:\/\/diariodominicano.com\/index.php?rest_route=\/wp\/v2\/posts\/504738\/revisions\/504780"}],"wp:featuredmedia":[{"embeddable":true,"href":"https:\/\/diariodominicano.com\/index.php?rest_route=\/wp\/v2\/media\/504755"}],"wp:attachment":[{"href":"https:\/\/diariodominicano.com\/index.php?rest_route=%2Fwp%2Fv2%2Fmedia&parent=504738"}],"wp:term":[{"taxonomy":"category","embeddable":true,"href":"https:\/\/diariodominicano.com\/index.php?rest_route=%2Fwp%2Fv2%2Fcategories&post=504738"},{"taxonomy":"post_tag","embeddable":true,"href":"https:\/\/diariodominicano.com\/index.php?rest_route=%2Fwp%2Fv2%2Ftags&post=504738"}],"curies":[{"name":"wp","href":"https:\/\/api.w.org\/{rel}","templated":true}]}}