{"id":504662,"date":"2024-01-31T00:15:04","date_gmt":"2024-01-31T04:15:04","guid":{"rendered":"https:\/\/diariodominicano.com\/?p=504662"},"modified":"2024-01-31T00:15:04","modified_gmt":"2024-01-31T04:15:04","slug":"desde-ny-exhortan-emular-accionar-politico-de-max-puig","status":"publish","type":"post","link":"https:\/\/diariodominicano.com\/?p=504662","title":{"rendered":"Desde NY exhortan emular accionar pol\u00edtico de Max Puig"},"content":{"rendered":"\n<p><strong>Por Ram\u00f3n Mercedes&nbsp;<\/strong><\/p>\n\n\n\n<p><strong>NUEVA YORK.-<\/strong>&nbsp;Dominicanos residentes en el Alto Manhattan y El Bronx, lugares de mayor concentraci\u00f3n de quisqueyanos en todo el exterior, exhortaron a la mayor\u00eda de los pol\u00edticos en la Rep\u00fablica Dominicana emular el accionar del doctor Max Puig, un referente a la honestidad, pulcritud, transparencia y servicio a la patria.<\/p>\n\n\n\n<p>En documento de prensa, sostienen que Puig, presidente de la APD y Vicepresidente Ejecutivo del Consejo Nacional para el Cambio Clim\u00e1tico y Mecanismo de Desarrollo Limpio (CNCCMDL), ha mantenido por d\u00e9cadas su coherencia ante el pa\u00eds, en todo su accionar pol\u00edtico y personal, lo que debe ser emulado por muchos y futuras generaciones.<\/p>\n\n\n\n<p>Asimismo, mantiene unas excelentes y amplias relaciones con funcionarios y personalidades de varios pa\u00edses del mundo por su fecunda trayectoria de profesor universitario, intelectual y dirigente pol\u00edtico formado en la izquierda revolucionaria que imperaba en Am\u00e9rica Latina.<\/p>\n\n\n\n<p>Recientemente, la organizaci\u00f3n que dirige celebr\u00f3 un encuentro de candidatos de la APD y el equipo nacional de campa\u00f1a de la \u201cProfundizaci\u00f3n del Cambio\u201d, donde sus militantes y aspirantes se comprometieron solemnemente a cumplir con el c\u00f3digo de \u00e9tica de los servidores p\u00fablicos de dicha agrupaci\u00f3n.<\/p>\n\n\n\n<p>Destac\u00f3 la importancia de este compromiso \u00e9tico, afirmando que \u201ccon esta acci\u00f3n, el partido reafirma su compromiso de luchar mano a mano con el pueblo dominicano para superar las injusticias econ\u00f3micas y sociales mediante la profundizaci\u00f3n del cambio, apoyando bajo un nuevo mandato constitucional 2024-2028 al presidente Luis Abinader\u201d.<\/p>\n\n\n\n<p>Dicho compromiso se formaliz\u00f3 en el marco de la celebraci\u00f3n del \u201cD\u00eda Nacional del Servidor P\u00fablico\u201d, el pasado 25 de enero.<\/p>\n\n\n\n<p>Puig record\u00f3 que, en el a\u00f1o 2004, la APD fue la primera organizaci\u00f3n pol\u00edtica en aprobar su propio c\u00f3digo de \u00e9tica, y en este encuentro, se renov\u00f3 el compromiso de trabajar por una sociedad m\u00e1s justa y solidaria.<\/p>\n\n\n\n<p>Entre los que firman figuran Tom\u00e1s Reyna, Luis Mart\u00ednez, Andr\u00e9s de los Santos, Luisa del Orbe, Hugo Rivera, Margarita de Jes\u00fas, Anthony Ruiz, Gilberto Rivas, Ernesto Caba, Gregorio Hern\u00e1ndez, Elvyra Jim\u00e9nez, Juan Aquino, Marlon Batista, y Gustavo Duarte, entre otros.<\/p>\n","protected":false},"excerpt":{"rendered":"<p>Por Ram\u00f3n Mercedes&nbsp; NUEVA YORK.-&nbsp;Dominicanos residentes en el Alto Manhattan y El Bronx, lugares de mayor concentraci\u00f3n de quisqueyanos en todo el exterior, exhortaron a la mayor\u00eda de los pol\u00edticos en la Rep\u00fablica Dominicana emular el accionar del doctor Max Puig, un referente a la honestidad, pulcritud, transparencia y servicio a la patria. En documento [&hellip;]<\/p>\n","protected":false},"author":28,"featured_media":504663,"comment_status":"closed","ping_status":"","sticky":false,"template":"","format":"standard","meta":{"footnotes":""},"categories":[36,22],"tags":[],"class_list":["post-504662","post","type-post","status-publish","format-standard","has-post-thumbnail","hentry","category-hombresmujeresycosas","category-politica"],"_links":{"self":[{"href":"https:\/\/diariodominicano.com\/index.php?rest_route=\/wp\/v2\/posts\/504662","targetHints":{"allow":["GET"]}}],"collection":[{"href":"https:\/\/diariodominicano.com\/index.php?rest_route=\/wp\/v2\/posts"}],"about":[{"href":"https:\/\/diariodominicano.com\/index.php?rest_route=\/wp\/v2\/types\/post"}],"author":[{"embeddable":true,"href":"https:\/\/diariodominicano.com\/index.php?rest_route=\/wp\/v2\/users\/28"}],"replies":[{"embeddable":true,"href":"https:\/\/diariodominicano.com\/index.php?rest_route=%2Fwp%2Fv2%2Fcomments&post=504662"}],"version-history":[{"count":1,"href":"https:\/\/diariodominicano.com\/index.php?rest_route=\/wp\/v2\/posts\/504662\/revisions"}],"predecessor-version":[{"id":504664,"href":"https:\/\/diariodominicano.com\/index.php?rest_route=\/wp\/v2\/posts\/504662\/revisions\/504664"}],"wp:featuredmedia":[{"embeddable":true,"href":"https:\/\/diariodominicano.com\/index.php?rest_route=\/wp\/v2\/media\/504663"}],"wp:attachment":[{"href":"https:\/\/diariodominicano.com\/index.php?rest_route=%2Fwp%2Fv2%2Fmedia&parent=504662"}],"wp:term":[{"taxonomy":"category","embeddable":true,"href":"https:\/\/diariodominicano.com\/index.php?rest_route=%2Fwp%2Fv2%2Fcategories&post=504662"},{"taxonomy":"post_tag","embeddable":true,"href":"https:\/\/diariodominicano.com\/index.php?rest_route=%2Fwp%2Fv2%2Ftags&post=504662"}],"curies":[{"name":"wp","href":"https:\/\/api.w.org\/{rel}","templated":true}]}}