{"id":504659,"date":"2024-01-31T00:12:16","date_gmt":"2024-01-31T04:12:16","guid":{"rendered":"https:\/\/diariodominicano.com\/?p=504659"},"modified":"2024-01-31T00:12:16","modified_gmt":"2024-01-31T04:12:16","slug":"tokischa-cambio-viaje-a-dominicanos-en-el-capitolio-por-un-concierto-en-panama","status":"publish","type":"post","link":"https:\/\/diariodominicano.com\/?p=504659","title":{"rendered":"Tokischa cambi\u00f3 viaje a \u201cDominicanos en el Capitolio\u201d por un concierto en Panam\u00e1"},"content":{"rendered":"\n<p><strong>Por Ram\u00f3n Mercedes<\/strong><strong><\/strong><\/p>\n\n\n\n<p><strong>NUEVA YORK.-<\/strong>&nbsp;La artista urbana Tokischa, que se propon\u00eda participar del evento \u201cDominicanos en el Capitolio\u201d, que anualmente celebra el congresista Adriano Espaillat en Washington DC, cambi\u00f3 de parecer porque ahora tendr\u00e1n un concierto el mismo d\u00eda 7 de febrero en Panam\u00e1, en el que se presentar\u00e1.<\/p>\n\n\n\n<p>La presencia de Tokischa en el Capitolio provoc\u00f3 rechaz\u00f3 y al mismo tiempo aceptaci\u00f3n dentro de la comunidad dominicana en la Gran Manzana.<\/p>\n\n\n\n<p>El programa del evento (gratuito) se mantiene inalterable para los dem\u00e1s participantes, seg\u00fan informe de la oficina del legislador.<\/p>\n\n\n\n<p>Este a\u00f1o el tema ser\u00e1: \u201cDominicanos, Rompiendo Barreras\u201d, para reconocer los notables logros de personalidades y avance de la comunidad.<\/p>\n\n\n\n<p>Entre los participantes figuran: G\u00e9nesis Suero como maestra de ceremonias, de Telemundo-47; las palabras de apertura a cargo de Brian A. De Pe\u00f1a, alcalde de Lawrence, Massachusetts; y Janet Pequero, vicepresidenta del condado de El Bronx.<\/p>\n\n\n\n<p>Un conversatorio sobre Educaci\u00f3n y Fuerza Laboral, con la participaci\u00f3n del secretario del Departamento de Educaci\u00f3n de los EE. UU., Miguel A. Cardona, y la secretaria del Departamento de Comercio de los EE. UU., Gina Raimondo, moderado por Ang\u00e9lica Infante-Green, comisionada de Educaci\u00f3n de Rhode Island.<\/p>\n\n\n\n<p>Una sesi\u00f3n inaugural contar\u00e1 con aclamados artistas, entre ellos la poeta y autora Elizabeth Acevedo; la pintora y artista visual Scherezade Garc\u00eda; el artista contempor\u00e1neo Bony Ram\u00edrez; y el dise\u00f1ador de modas Sully Bonnelly, moderada por Jennifer Pichardo, oficial s\u00e9nior de promoci\u00f3n del Museo Nacional del Latino Estadounidense del Smithsonian.<\/p>\n\n\n\n<p>Habr\u00e1 un panel sobre el \u2018Futuro de la Tecnolog\u00eda\u2019 moderado por Claritza N. Abreu, de Google, en el que participar\u00e1n los panelistas The Kid Mero, podcaster; Mebrulin Francisco, responsable global de Estrategia de Datos &amp; Martech; y el dos veces campe\u00f3n de la Copa Capcom y jugador profesional, Sa\u00fal Mena.<\/p>\n\n\n\n<p>Por su parte, el doctor Amado Alejandro B\u00e1ez, jefe asociado de Personal para Investigaci\u00f3n y Desarrollo del Sistema de Salud de VA de Augusta, y Carlos de la Mota, viceministro del Ministerio de Relaciones Exteriores de la Rep\u00fablica Dominicana y director ejecutivo del INDEX, encabezar\u00e1n un panel de discusi\u00f3n sobre los dominicanos.<\/p>\n\n\n\n<p>Adem\u00e1s, la Investigaci\u00f3n Biom\u00e9dica con los panelistas doctores Dioscaris Garc\u00eda PhD, profesor de la Universidad de Brown; Jos\u00e9 Lora, investigador Biom\u00e9dico; y Rafael Lantigua, profesor de medicina en CUMC, decano asociado de Programas Comunitarios VP&amp;S&nbsp; de la Universidad Columbia.<\/p>\n\n\n\n<p>Tambi\u00e9n incluye un di\u00e1logo con funcionarios dom\u00ednico-estadounidenses que ocupan cargos p\u00fablicos de ciudades e incluir\u00e1 a H\u00e9ctor Lora, alcalde de Passaic, NJ; Helmin Caba, alcalde de Perth Amboy, NJ; Antonio Reynoso, presidente del condado de Brooklyn, NY; Yadira Ramos, alcaldesa de New Rochelle, NY; y Juana Mat\u00edas, administradora regional del Departamento de Vivienda y Desarrollo Urbano de EE. UU. actuar\u00e1 como moderadora.<\/p>\n\n\n\n<p>Cada a\u00f1o, al evento asisten cientos de l\u00edderes, profesionales, estudiantes y funcionarios electos de ascendencia dominicana y grupos de toda la naci\u00f3n.<\/p>\n\n\n\n<p>Visite en l\u00ednea para obtener actualizaciones sobre el evento de 2024 y consulte X\/Twitter y Facebook: @RepEspaillat y @DominicansHill y en Instagram en @RepAdrianoEspaillat.<\/p>\n","protected":false},"excerpt":{"rendered":"<p>Por Ram\u00f3n Mercedes NUEVA YORK.-&nbsp;La artista urbana Tokischa, que se propon\u00eda participar del evento \u201cDominicanos en el Capitolio\u201d, que anualmente celebra el congresista Adriano Espaillat en Washington DC, cambi\u00f3 de parecer porque ahora tendr\u00e1n un concierto el mismo d\u00eda 7 de febrero en Panam\u00e1, en el que se presentar\u00e1. La presencia de Tokischa en el [&hellip;]<\/p>\n","protected":false},"author":28,"featured_media":504660,"comment_status":"closed","ping_status":"","sticky":true,"template":"","format":"standard","meta":{"footnotes":""},"categories":[36,25,27],"tags":[],"class_list":["post-504659","post","type-post","status-publish","format-standard","has-post-thumbnail","hentry","category-hombresmujeresycosas","category-gente","category-portada"],"_links":{"self":[{"href":"https:\/\/diariodominicano.com\/index.php?rest_route=\/wp\/v2\/posts\/504659","targetHints":{"allow":["GET"]}}],"collection":[{"href":"https:\/\/diariodominicano.com\/index.php?rest_route=\/wp\/v2\/posts"}],"about":[{"href":"https:\/\/diariodominicano.com\/index.php?rest_route=\/wp\/v2\/types\/post"}],"author":[{"embeddable":true,"href":"https:\/\/diariodominicano.com\/index.php?rest_route=\/wp\/v2\/users\/28"}],"replies":[{"embeddable":true,"href":"https:\/\/diariodominicano.com\/index.php?rest_route=%2Fwp%2Fv2%2Fcomments&post=504659"}],"version-history":[{"count":1,"href":"https:\/\/diariodominicano.com\/index.php?rest_route=\/wp\/v2\/posts\/504659\/revisions"}],"predecessor-version":[{"id":504661,"href":"https:\/\/diariodominicano.com\/index.php?rest_route=\/wp\/v2\/posts\/504659\/revisions\/504661"}],"wp:featuredmedia":[{"embeddable":true,"href":"https:\/\/diariodominicano.com\/index.php?rest_route=\/wp\/v2\/media\/504660"}],"wp:attachment":[{"href":"https:\/\/diariodominicano.com\/index.php?rest_route=%2Fwp%2Fv2%2Fmedia&parent=504659"}],"wp:term":[{"taxonomy":"category","embeddable":true,"href":"https:\/\/diariodominicano.com\/index.php?rest_route=%2Fwp%2Fv2%2Fcategories&post=504659"},{"taxonomy":"post_tag","embeddable":true,"href":"https:\/\/diariodominicano.com\/index.php?rest_route=%2Fwp%2Fv2%2Ftags&post=504659"}],"curies":[{"name":"wp","href":"https:\/\/api.w.org\/{rel}","templated":true}]}}