{"id":504614,"date":"2024-01-30T22:30:33","date_gmt":"2024-01-31T02:30:33","guid":{"rendered":"https:\/\/diariodominicano.com\/?p=504614"},"modified":"2024-01-30T22:30:33","modified_gmt":"2024-01-31T02:30:33","slug":"pld-recusa-al-miembro-titular-de-la-jce-rafael-vallejo-santelises","status":"publish","type":"post","link":"https:\/\/diariodominicano.com\/?p=504614","title":{"rendered":"PLD recusa al miembro titular de la JCE Rafael Vallejo Santelises"},"content":{"rendered":"\n<p><strong><em>PLD&nbsp;<\/em><\/strong><em>denuncia al PRM por usar recursos del Estado en la campa\u00f1a electoral, reitera violaci\u00f3n a Leyes Electorales en las inauguraciones del Gobierno.<\/em><\/p>\n\n\n\n<figure class=\"wp-block-image size-large is-style-default\"><img loading=\"lazy\" decoding=\"async\" width=\"768\" height=\"1024\" src=\"https:\/\/diariodominicano.com\/wp-content\/uploads\/2024\/01\/EntregaDocJCE-4-768x1024.jpeg\" alt=\"\" class=\"wp-image-504616\" srcset=\"https:\/\/diariodominicano.com\/wp-content\/uploads\/2024\/01\/EntregaDocJCE-4-768x1024.jpeg 768w, https:\/\/diariodominicano.com\/wp-content\/uploads\/2024\/01\/EntregaDocJCE-4-225x300.jpeg 225w, https:\/\/diariodominicano.com\/wp-content\/uploads\/2024\/01\/EntregaDocJCE-4.jpeg 780w\" sizes=\"auto, (max-width: 768px) 100vw, 768px\" \/><\/figure>\n\n\n\n<p><strong>El Partido de la Liberaci\u00f3n Dominicana<\/strong>&nbsp;reiter\u00f3 su denuncia del uso de los recursos del Estado en campa\u00f1a electoral a favor de los candidatos del PRM, al tiempo de solicitar que la JCE se pronuncie sobre la violaci\u00f3n del gobierno con las inauguraciones ilegales que proh\u00edbe la ley electoral en el periodo de campa\u00f1a y recusar al miembro titular de la Junta Central Electoral, Rafael Vallejo Santelises.<\/p>\n\n\n\n<p>La solicitud fue entregada formalmente este martes por el&nbsp;<strong>delegado suplente del PLD ante la Junta Central Electoral, Danilo D\u00edaz, el secretario de Asuntos Jur\u00eddicos, Jos\u00e9 Dant\u00e9s D\u00edaz,<\/strong>&nbsp;encabezando una comisi\u00f3n en la que tambi\u00e9n participaron los j\u00f3venes&nbsp;<strong>abogados del PLD Yury Rodr\u00edguez y Hugo Columna.<\/strong><strong><\/strong><\/p>\n\n\n\n<p>Al ofrecer detalles a los representantes de los medios de comunicaci\u00f3n, Danilo D\u00edaz explic\u00f3 que en la instancia depositada se solicita la prohibici\u00f3n formal de actos inaugurales de campa\u00f1a del gobierno, como lo ordena el P\u00e1rrafo VI del art\u00edculo 210 de la Ley 20-23.<\/p>\n\n\n\n<p>\u201cLas inauguraciones que est\u00e1 haciendo el Gobierno, incluso en algunos casos paralelas, evidencia una burla al sistema legal y a la Ley de R\u00e9gimen Electoral\u201d, dijo D\u00edaz.<\/p>\n\n\n\n<p>El tambi\u00e9n miembro del Comit\u00e9 Pol\u00edtico inform\u00f3 que igualmente est\u00e1n pidiendo a la Junta Central Electoral la recusaci\u00f3n del miembro titular de la JCE, Rafael Vallejo Santelises.<\/p>\n\n\n\n<p>\u201cEstamos recusando al magistrado Santelises por haber asumido p\u00fablicamente la vocer\u00eda del Gobierno y renunciar a su condici\u00f3n de magistrado que se hab\u00eda comprometido mediante documento hecho p\u00fablico que regula el calendario electoral donde se proh\u00edbe expresamente las inauguraciones tanto del gobierno como de las alcald\u00edas\u201d, indic\u00f3.<\/p>\n\n\n\n<p>Precis\u00f3 que en el documento tambi\u00e9n se solicita a la JCE una audiencia de car\u00e1cter urgente para conocer estos casos.<\/p>\n\n\n\n<p>&nbsp;Por su lado, Jos\u00e9 Dantes D\u00edaz agreg\u00f3 que entregaron al organismo comicial siete nuevos casos documentados sobre el uso de los recursos p\u00fablicos a favor de candidatos del PRM.<\/p>\n\n\n\n<p>Jos\u00e9 Dant\u00e9s D\u00edaz reiter\u00f3 la solicitud de la prohibici\u00f3n formal de actos inaugurales de campa\u00f1a del gobierno, como lo ordena el P\u00e1rrafo VI del art\u00edculo 210 de la Ley 20-23.<\/p>\n\n\n\n<p>Refiri\u00f3 que se solicita se determinen las responsabilidades de lugar para la aplicaci\u00f3n de las sanciones de lugar a los funcionarios Gloria Reyes, directora del Programa Sup\u00e9rate; Yadira Henr\u00edquez, directora del Plan Social de la Presidencia; Iv\u00e1n Hern\u00e1ndez Guzm\u00e1n, director de INESPRE; y Nolberto Ortiz de la Cruz, Diputado del PRM por la provincia Monse\u00f1or Nouel.<\/p>\n\n\n\n<p><strong>SECRETARIA DE COMUNICACIONES<\/strong><\/p>\n\n\n\n<p><strong>30 DE ENERO, 2024.-<\/strong><\/p>\n","protected":false},"excerpt":{"rendered":"<p>PLD&nbsp;denuncia al PRM por usar recursos del Estado en la campa\u00f1a electoral, reitera violaci\u00f3n a Leyes Electorales en las inauguraciones del Gobierno. El Partido de la Liberaci\u00f3n Dominicana&nbsp;reiter\u00f3 su denuncia del uso de los recursos del Estado en campa\u00f1a electoral a favor de los candidatos del PRM, al tiempo de solicitar que la JCE se [&hellip;]<\/p>\n","protected":false},"author":28,"featured_media":504615,"comment_status":"closed","ping_status":"","sticky":true,"template":"","format":"standard","meta":{"footnotes":""},"categories":[22,27],"tags":[],"class_list":["post-504614","post","type-post","status-publish","format-standard","has-post-thumbnail","hentry","category-politica","category-portada"],"_links":{"self":[{"href":"https:\/\/diariodominicano.com\/index.php?rest_route=\/wp\/v2\/posts\/504614","targetHints":{"allow":["GET"]}}],"collection":[{"href":"https:\/\/diariodominicano.com\/index.php?rest_route=\/wp\/v2\/posts"}],"about":[{"href":"https:\/\/diariodominicano.com\/index.php?rest_route=\/wp\/v2\/types\/post"}],"author":[{"embeddable":true,"href":"https:\/\/diariodominicano.com\/index.php?rest_route=\/wp\/v2\/users\/28"}],"replies":[{"embeddable":true,"href":"https:\/\/diariodominicano.com\/index.php?rest_route=%2Fwp%2Fv2%2Fcomments&post=504614"}],"version-history":[{"count":1,"href":"https:\/\/diariodominicano.com\/index.php?rest_route=\/wp\/v2\/posts\/504614\/revisions"}],"predecessor-version":[{"id":504617,"href":"https:\/\/diariodominicano.com\/index.php?rest_route=\/wp\/v2\/posts\/504614\/revisions\/504617"}],"wp:featuredmedia":[{"embeddable":true,"href":"https:\/\/diariodominicano.com\/index.php?rest_route=\/wp\/v2\/media\/504615"}],"wp:attachment":[{"href":"https:\/\/diariodominicano.com\/index.php?rest_route=%2Fwp%2Fv2%2Fmedia&parent=504614"}],"wp:term":[{"taxonomy":"category","embeddable":true,"href":"https:\/\/diariodominicano.com\/index.php?rest_route=%2Fwp%2Fv2%2Fcategories&post=504614"},{"taxonomy":"post_tag","embeddable":true,"href":"https:\/\/diariodominicano.com\/index.php?rest_route=%2Fwp%2Fv2%2Ftags&post=504614"}],"curies":[{"name":"wp","href":"https:\/\/api.w.org\/{rel}","templated":true}]}}