{"id":50461,"date":"2020-11-29T02:47:14","date_gmt":"2020-11-29T02:47:14","guid":{"rendered":"http:\/\/diariodominicano.ddns.net\/?p=50461"},"modified":"2020-11-29T02:47:14","modified_gmt":"2020-11-29T02:47:14","slug":"santiago-rodriguez-celebrara-la-3era-edicion-de-su-feria-del-libro-en-modalidad-semipresencial","status":"publish","type":"post","link":"https:\/\/diariodominicano.com\/?p=50461","title":{"rendered":"Santiago Rodr\u00edguez celebrar\u00e1 la 3era. edici\u00f3n de su feria del libro en modalidad semipresencial"},"content":{"rendered":"<p><body><\/p>\n<p><img decoding=\"async\" src=\"img3\/Santiago-Rodriguez II.jpg\" \/>  <\/p>\n<\/p>\n<\/p>\n<p>diariodominicano.com <\/p>\n<p>Santiago Rodr\u00edguez, R. D., 29 de noviembre, 2020.- Los d\u00edas 11 y 12 de diciembre, la provincia Santiago Rodr\u00edguez se prepara para celebrar la 3era. edici\u00f3n de su feria del libro, bajo el lema \u00ableer distingue\u00bb, esta vez, en modalidad semipresencial. <\/p>\n<\/p>\n<p>El comit\u00e9 de esta edici\u00f3n, est\u00e1 integrado por: Ricardo Gonz\u00e1lez, \u00c1lvaro Caama\u00f1o, Sobeyda Jumelles, Dilmarys Cuello, Yadira Rivas, William Yamil, V\u00edctor G\u00f3mez, Marlen N\u00fa\u00f1ez, Meyland Atanacio, Yenni Tineo y Lilian Carrasco.<\/p>\n<\/p>\n<p>El evento ser\u00e1 dedicado al poeta Armando Arturo Sosa Leyba, quien vivi\u00f3 durante un buen tiempo en Sabaneta, dejando una labor social y afectiva para la memoria hist\u00f3rica. <\/p>\n<\/p>\n<p>Y es que Armando Sosa Leyba naci\u00f3 en Neiba, no obstante, al concluir sus estudios de derecho en la Universidad de Santo Domingo, es designado por Rafael Leonidas Trujillo como Fiscal de Santiago Rodr\u00edguez y, como se suele decir entre los lugare\u00f1os: \u00abtom\u00f3 del agua del r\u00edo Yaguajay\u00bb por lo que se qued\u00f3 a formar familia en Sabaneta. <\/p>\n<\/p>\n<p>De una calidad humana incalculable, Sosa Leyba, llev\u00f3 a su pluma su sentir cotidiano, destacando m\u00e1s tarde como miembro del movimiento constitucionalista de la Gesta de Abril de 1965. <\/p>\n<\/p>\n<p>Hay figuras que deben recordarse siempre y Armando Arturo Sosa Leyba es una de ellas, as\u00ed que por medio de la feria provincial del libro Santiago Rodr\u00edguez 2020, se difundir\u00e1 la vida y obra de este ilustre personaje, a partir de la visi\u00f3n del intelectual sabanetero Luis Amilkar G\u00f3mez. <\/p>\n<\/p>\n<p>Esta 3era. edici\u00f3n de la feria permitir\u00e1 reconocer otras figuras destacas de la comunidad como es el caso del maestro Genaro Monci\u00f3n y, de manera p\u00f3stuma, a la maestra Eugenia Ramos (Do\u00f1a Gena). Asimismo, la Oficina Senatorial, reconocer\u00e1 a Fefita La Grande, una de las figuras m\u00e1s destacadas de la m\u00fasica popular tradicional en la Rep\u00fablica Dominicana, quien es hija merit\u00edsima de la provincia Santiago Rodr\u00edguez.<\/p>\n<\/p>\n<p>El programa de feria propone una noche inaugural en el parque Juan Rosado de la ciudad de Sabaneta con la presencia de una selecci\u00f3n de m\u00fasicos de Sabaneta bajo la direcci\u00f3n del maestro Fauris Santana. <\/p>\n<\/p>\n<p>Se exhibir\u00e1n decenas de libros tanto de los autores de la provincia Santiago Rodr\u00edguez, como de otras provincias a nivel nacional. Asimismo, se presentar\u00e1n las obras que se han compilado a trav\u00e9s de donaciones por entidades como la Editora Nacional, la Fundaci\u00f3n Global Democracia y Desarrollo (FUNGLODE), el Dr. Jottin Cury hijo; y, tambi\u00e9n, mediante la presencia de la Editorial Santuario, al frente de Isael P\u00e9rez. <\/p>\n<\/p>\n<p>Todo el material estar\u00e1 dispuesto en una carpa en el \u00e1rea del parque, siguiendo un riguroso protocolo sanitario, de modo que los interesados puedan pasar a adquirir los de su preferencia. <\/p>\n<\/p>\n<p>De manera virtual, se presentar\u00e1n talleres infantiles bajo la coordinaci\u00f3n de las licenciadas Yadira Rivas y Meyland Atanacio; tambi\u00e9n se han programado conferencias y paneles sobre historia, arte y literatura. <\/p>\n<\/p>\n<p>Entre los autores que participar\u00e1n en la feria se encuentran: Pedro Carreras Aguilera, Luis Am\u00edlkar G\u00f3mez, Miguel Reyes S\u00e1nchez, Avelino Stanley, Reina Rosario, Ram\u00f3n Saba, Gerardo Castillo, Pedro espinal (Pell\u00edn), V\u00edctor G\u00f3mez Carrasco, Ricardo Gonz\u00e1lez, Arlenes Sabaris, Di\u00f3genes D\u00edaz Torres, Miguel An\u00edbal Perdomo, Amable Mej\u00eda, Juan Hern\u00e1ndez Inirio, Yasm\u00edn Cid Garc\u00eda, Yadira Rivas, Meyland Atanacio, M\u00e1ximo Vega, Keila Gonz\u00e1lez, Tammy Su\u00e1rez, Zariell Espada, Mario Maga\u00f1a, Elizabeth Ram\u00edrez y Lilian Carrasco.<\/p>\n<\/p>\n<p>Se espera la integraci\u00f3n de los tres distritos educativos, en funci\u00f3n de los municipios de la provincia: Villa los Alm\u00e1cigos, Sabaneta y Monci\u00f3n.  De igual modo, se han convocado a todas las autoridades provinciales y municipales, quienes se han mostrado muy positivos con la presentaci\u00f3n de la feria. Tambi\u00e9n, se ha dispuesto que el programa de actividades pueda ser transmitido por el Canal 10 local, v\u00eda zoom y la p\u00e1gina oficial de la feria en Facebook. En adici\u00f3n, se procurar\u00e1 desarrollar una l\u00ednea de comunicaci\u00f3n abierta para compartir oportunamente todos los detalles relacionados con esta 3era. edici\u00f3n de la feria provincial del libro Santiago Rodr\u00edguez, 2020.<\/p>\n<\/p>\n<h6> 2020-11-29 02:47:14 <\/h6>\n<p><!--\n<link rel=\"stylesheet\" href=\"css\/bootstrap.min.css\">\n\n\n<ul class=\"pagination\">\n\t    \n\t\n\n<li >\n\t<a href='?page_no=2'>Previous<\/a>\n\t<\/li>\n\n\n       \n    \n\n<li><a href='?page_no=1'>1<\/a><\/li>\n\n\n\n<li><a href='?page_no=2'>2<\/a><\/li>\n\n\n\n<li class='active'><a>3<\/a><\/li>\n\n\n\n<li><a href='?page_no=4'>4<\/a><\/li>\n\n\n\n<li><a href='?page_no=5'>5<\/a><\/li>\n\n\n\n<li><a href='?page_no=6'>6<\/a><\/li>\n\n\n\n<li><a href='?page_no=7'>7<\/a><\/li>\n\n\n\n<li><a>...<\/a><\/li>\n\n\n\n<li><a href='?page_no=22911'>22911<\/a><\/li>\n\n\n\n<li><a href='?page_no=22912'>22912<\/a><\/li>\n\n    \n\t\n\n<li >\n\t<a href='?page_no=4'>Next<\/a>\n\t<\/li>\n\n\n    \n\n<li><a href='?page_no=22912'>Last &rsaquo;&rsaquo;<\/a><\/li>\n\n<\/ul>\n\n\n--><br \/>\n<\/body><\/p>\n","protected":false},"excerpt":{"rendered":"<p>diariodominicano.com Santiago Rodr\u00edguez, R. D., 29 de noviembre, 2020.- Los d\u00edas 11 y 12 de diciembre, la provincia Santiago Rodr\u00edguez se prepara para celebrar la 3era. edici\u00f3n de su feria del libro, bajo el lema \u00ableer distingue\u00bb, esta vez, en modalidad semipresencial. El comit\u00e9 de esta edici\u00f3n, est\u00e1 integrado por: Ricardo Gonz\u00e1lez, \u00c1lvaro Caama\u00f1o, Sobeyda [&hellip;]<\/p>\n","protected":false},"author":3,"featured_media":0,"comment_status":"open","ping_status":"open","sticky":false,"template":"","format":"standard","meta":{"footnotes":""},"categories":[21],"tags":[],"class_list":["post-50461","post","type-post","status-publish","format-standard","hentry","category-cultura"],"_links":{"self":[{"href":"https:\/\/diariodominicano.com\/index.php?rest_route=\/wp\/v2\/posts\/50461","targetHints":{"allow":["GET"]}}],"collection":[{"href":"https:\/\/diariodominicano.com\/index.php?rest_route=\/wp\/v2\/posts"}],"about":[{"href":"https:\/\/diariodominicano.com\/index.php?rest_route=\/wp\/v2\/types\/post"}],"author":[{"embeddable":true,"href":"https:\/\/diariodominicano.com\/index.php?rest_route=\/wp\/v2\/users\/3"}],"replies":[{"embeddable":true,"href":"https:\/\/diariodominicano.com\/index.php?rest_route=%2Fwp%2Fv2%2Fcomments&post=50461"}],"version-history":[{"count":0,"href":"https:\/\/diariodominicano.com\/index.php?rest_route=\/wp\/v2\/posts\/50461\/revisions"}],"wp:attachment":[{"href":"https:\/\/diariodominicano.com\/index.php?rest_route=%2Fwp%2Fv2%2Fmedia&parent=50461"}],"wp:term":[{"taxonomy":"category","embeddable":true,"href":"https:\/\/diariodominicano.com\/index.php?rest_route=%2Fwp%2Fv2%2Fcategories&post=50461"},{"taxonomy":"post_tag","embeddable":true,"href":"https:\/\/diariodominicano.com\/index.php?rest_route=%2Fwp%2Fv2%2Ftags&post=50461"}],"curies":[{"name":"wp","href":"https:\/\/api.w.org\/{rel}","templated":true}]}}