{"id":504502,"date":"2024-01-30T10:39:15","date_gmt":"2024-01-30T14:39:15","guid":{"rendered":"https:\/\/diariodominicano.com\/?p=504502"},"modified":"2024-01-30T10:39:15","modified_gmt":"2024-01-30T14:39:15","slug":"partido-oficialista-dominicano-deplora-asesinato-de-militante","status":"publish","type":"post","link":"https:\/\/diariodominicano.com\/?p=504502","title":{"rendered":"Partido oficialista dominicano deplora asesinato de militante"},"content":{"rendered":"\n<p>diariodominicano.com<\/p>\n\n\n\n<p>Santo Domingo, 30 ene (Prensa Latina) El Partido Revolucionario Moderno (PRM) conden\u00f3 hoy el asesinato del militante de esa agrupaci\u00f3n Jos\u00e9 Humberto Garc\u00eda, ocurrido tras finalizar un acto en Casta\u00f1uelas, en la provincia de Montecristi.<\/p>\n\n\n\n<p>El oficialista PRM defini\u00f3 como un \u00abcrimen a sangre fr\u00eda que debe ser condenado con todo el peso de la ley\u00bb la muerte del militante perremeista ocurrido la v\u00edspera.<\/p>\n\n\n\n<p>V\u00edctor D\u00b4 Aza, coordinador de la campa\u00f1a municipal del PRM, precis\u00f3 que el hecho tuvo lugar en el municipio de Casta\u00f1uelas luego de que Garc\u00eda presuntamente discutiera con militantes del opositor Partido de la Liberaci\u00f3n Dominicana (PLD) tras concluir una caravana de la candidata a alcaldesa de la organizaci\u00f3n oficialista, Cinthia Jim\u00e9nez.<\/p>\n\n\n\n<p>En un comunicado compartido por el PRM, D\u00b4 Aza precis\u00f3 que \u00abseg\u00fan las informaciones obtenidas con personalidades de Casta\u00f1uelas, un grupo de militantes y simpatizantes del PLD se congregaron en un supermercado por donde pasaba una caminata del PRM en apoyo a la aspirante a alcaldesa y provocaron a los participantes\u00bb. Al concluir la actividad persiguieron a Garc\u00eda y lo asesinaron, puntualiz\u00f3.<\/p>\n\n\n\n<p>Seg\u00fan la informaci\u00f3n compartida por el PRM, el pol\u00edtico pidi\u00f3 a los organismos correspondientes hacer una exhaustiva investigaci\u00f3n hasta dar con el o los responsables de la muerte del dirigente \u00aby que la justicia imponga todo el peso de la ley\u00bb.<\/p>\n\n\n\n<p>El PRM conden\u00f3 el hecho, que \u00abenluta la presente campa\u00f1a electoral\u00bb y llam\u00f3 a la \u00abprudencia, la cordura y la responsabilidad de los partidos y sus equipos de campa\u00f1a para evitar provocaciones que llenen de sangre lo que debe ser una fiesta de la democracia\u00bb.<\/p>\n\n\n\n<p>Desde inicios de enero la campa\u00f1a electoral con vista a los comicios municipales de febrero arreci\u00f3 en Rep\u00fablica Dominicana.<\/p>\n\n\n\n<p>Las marchas, caravanas, actos pol\u00edticos y reuniones en apoyo a los aspirantes a cargos de elecci\u00f3n popular son cada vez m\u00e1s numerosos en la medida en que se aproxima el 18 de febrero, d\u00eda de las elecciones. Ocho millones 105 mil 151 dominicanos est\u00e1n convocados a las urnas para decidir quienes ser\u00e1n los pr\u00f3ximos alcaldes, regidores, directores distritales y vocales durante los pr\u00f3ximos cuatro a\u00f1os.<\/p>\n\n\n\n<p>mem\/mpv<\/p>\n\n\n\n<p><\/p>\n","protected":false},"excerpt":{"rendered":"<p>diariodominicano.com Santo Domingo, 30 ene (Prensa Latina) El Partido Revolucionario Moderno (PRM) conden\u00f3 hoy el asesinato del militante de esa agrupaci\u00f3n Jos\u00e9 Humberto Garc\u00eda, ocurrido tras finalizar un acto en Casta\u00f1uelas, en la provincia de Montecristi. El oficialista PRM defini\u00f3 como un \u00abcrimen a sangre fr\u00eda que debe ser condenado con todo el peso de [&hellip;]<\/p>\n","protected":false},"author":5,"featured_media":504503,"comment_status":"closed","ping_status":"","sticky":true,"template":"","format":"standard","meta":{"footnotes":""},"categories":[29,22,27],"tags":[],"class_list":["post-504502","post","type-post","status-publish","format-standard","has-post-thumbnail","hentry","category-policiasucesos","category-politica","category-portada"],"_links":{"self":[{"href":"https:\/\/diariodominicano.com\/index.php?rest_route=\/wp\/v2\/posts\/504502","targetHints":{"allow":["GET"]}}],"collection":[{"href":"https:\/\/diariodominicano.com\/index.php?rest_route=\/wp\/v2\/posts"}],"about":[{"href":"https:\/\/diariodominicano.com\/index.php?rest_route=\/wp\/v2\/types\/post"}],"author":[{"embeddable":true,"href":"https:\/\/diariodominicano.com\/index.php?rest_route=\/wp\/v2\/users\/5"}],"replies":[{"embeddable":true,"href":"https:\/\/diariodominicano.com\/index.php?rest_route=%2Fwp%2Fv2%2Fcomments&post=504502"}],"version-history":[{"count":1,"href":"https:\/\/diariodominicano.com\/index.php?rest_route=\/wp\/v2\/posts\/504502\/revisions"}],"predecessor-version":[{"id":504504,"href":"https:\/\/diariodominicano.com\/index.php?rest_route=\/wp\/v2\/posts\/504502\/revisions\/504504"}],"wp:featuredmedia":[{"embeddable":true,"href":"https:\/\/diariodominicano.com\/index.php?rest_route=\/wp\/v2\/media\/504503"}],"wp:attachment":[{"href":"https:\/\/diariodominicano.com\/index.php?rest_route=%2Fwp%2Fv2%2Fmedia&parent=504502"}],"wp:term":[{"taxonomy":"category","embeddable":true,"href":"https:\/\/diariodominicano.com\/index.php?rest_route=%2Fwp%2Fv2%2Fcategories&post=504502"},{"taxonomy":"post_tag","embeddable":true,"href":"https:\/\/diariodominicano.com\/index.php?rest_route=%2Fwp%2Fv2%2Ftags&post=504502"}],"curies":[{"name":"wp","href":"https:\/\/api.w.org\/{rel}","templated":true}]}}