{"id":504430,"date":"2024-01-30T00:01:35","date_gmt":"2024-01-30T04:01:35","guid":{"rendered":"https:\/\/diariodominicano.com\/?p=504430"},"modified":"2024-01-30T00:22:04","modified_gmt":"2024-01-30T04:22:04","slug":"con-multitud-en-las-calles-leonel-inicia-en-la-victoria-recorrido-de-este-lunes","status":"publish","type":"post","link":"https:\/\/diariodominicano.com\/?p=504430","title":{"rendered":"Con multitud en las calles, Leonel inici\u00f3 en La Victoria recorrido de este lunes"},"content":{"rendered":"\n<p>Incluye  Guerra, San Lu\u00eds y Santo Domingo Este para apoyar los candidatos municipales<\/p>\n\n\n\n<figure class=\"wp-block-image size-large\"><img loading=\"lazy\" decoding=\"async\" width=\"1024\" height=\"683\" src=\"https:\/\/diariodominicano.com\/wp-content\/uploads\/2024\/01\/IMG-20240129-WA0221-1024x683.jpg\" alt=\"\" class=\"wp-image-504433\" srcset=\"https:\/\/diariodominicano.com\/wp-content\/uploads\/2024\/01\/IMG-20240129-WA0221-1024x683.jpg 1024w, https:\/\/diariodominicano.com\/wp-content\/uploads\/2024\/01\/IMG-20240129-WA0221-300x200.jpg 300w, https:\/\/diariodominicano.com\/wp-content\/uploads\/2024\/01\/IMG-20240129-WA0221-768x512.jpg 768w, https:\/\/diariodominicano.com\/wp-content\/uploads\/2024\/01\/IMG-20240129-WA0221-1536x1024.jpg 1536w, https:\/\/diariodominicano.com\/wp-content\/uploads\/2024\/01\/IMG-20240129-WA0221-2048x1366.jpg 2048w, https:\/\/diariodominicano.com\/wp-content\/uploads\/2024\/01\/IMG-20240129-WA0221-816x544.jpg 816w\" sizes=\"auto, (max-width: 1024px) 100vw, 1024px\" \/><\/figure>\n\n\n\n<figure class=\"wp-block-image size-large\"><img loading=\"lazy\" decoding=\"async\" width=\"1024\" height=\"683\" src=\"https:\/\/diariodominicano.com\/wp-content\/uploads\/2024\/01\/IMG-20240129-WA0226-1-1024x683.jpg\" alt=\"\" class=\"wp-image-504435\" srcset=\"https:\/\/diariodominicano.com\/wp-content\/uploads\/2024\/01\/IMG-20240129-WA0226-1-1024x683.jpg 1024w, https:\/\/diariodominicano.com\/wp-content\/uploads\/2024\/01\/IMG-20240129-WA0226-1-300x200.jpg 300w, https:\/\/diariodominicano.com\/wp-content\/uploads\/2024\/01\/IMG-20240129-WA0226-1-768x512.jpg 768w, https:\/\/diariodominicano.com\/wp-content\/uploads\/2024\/01\/IMG-20240129-WA0226-1-1536x1024.jpg 1536w, https:\/\/diariodominicano.com\/wp-content\/uploads\/2024\/01\/IMG-20240129-WA0226-1-2048x1366.jpg 2048w, https:\/\/diariodominicano.com\/wp-content\/uploads\/2024\/01\/IMG-20240129-WA0226-1-816x544.jpg 816w\" sizes=\"auto, (max-width: 1024px) 100vw, 1024px\" \/><\/figure>\n\n\n\n<p>LA VICTORIA, Santo Domingo.- El presidente del partido Fuerza del Pueblo (FP), Leonel Fern\u00e1ndez, continu\u00f3 este lunes su activismo proselitista en apoyo a los candidatos a puestos municipales y distritales, postulados por FP y organizaciones pol\u00edticas aliadas.<\/p>\n\n\n\n<p>El l\u00edder pol\u00edtico y candidato presidencial del principal partido opositor de Rep\u00fablica Dominicana, inici\u00f3 sus actividades este lunes en el distrito municipal  La Victoria, municipio Santo Domingo Norte, donde levant\u00f3 los brazos de Jos\u00e9 Ram\u00f3n Hern\u00e1ndez (Ramoncito), en se\u00f1al de triunfo.<\/p>\n\n\n\n<figure class=\"wp-block-image size-large\"><img loading=\"lazy\" decoding=\"async\" width=\"1024\" height=\"683\" src=\"https:\/\/diariodominicano.com\/wp-content\/uploads\/2024\/01\/IMG-20240129-WA0224-1024x683.jpg\" alt=\"\" class=\"wp-image-504444\" srcset=\"https:\/\/diariodominicano.com\/wp-content\/uploads\/2024\/01\/IMG-20240129-WA0224-1024x683.jpg 1024w, https:\/\/diariodominicano.com\/wp-content\/uploads\/2024\/01\/IMG-20240129-WA0224-300x200.jpg 300w, https:\/\/diariodominicano.com\/wp-content\/uploads\/2024\/01\/IMG-20240129-WA0224-768x512.jpg 768w, https:\/\/diariodominicano.com\/wp-content\/uploads\/2024\/01\/IMG-20240129-WA0224-1536x1024.jpg 1536w, https:\/\/diariodominicano.com\/wp-content\/uploads\/2024\/01\/IMG-20240129-WA0224-2048x1366.jpg 2048w, https:\/\/diariodominicano.com\/wp-content\/uploads\/2024\/01\/IMG-20240129-WA0224-816x544.jpg 816w\" sizes=\"auto, (max-width: 1024px) 100vw, 1024px\" \/><\/figure>\n\n\n\n<p><strong>Leonel Fern\u00e1ndez no pudo ocultar la emoci\u00f3n y, dijo que estaba \u201crealmente impactado, por esta inmensa multitud que se ha dado cita aqu\u00ed en el d\u00eda de hoy, que ya es el indicador que el seguro alcalde es el compa\u00f1ero Ramoncito Hern\u00e1ndez\u201d.<\/strong><\/p>\n\n\n\n<p>Hern\u00e1ndez es el candidato del partido Fuerza del Pueblo, (FP) a la direcci\u00f3n de este distrito municipal, que fue elevado a municipio recientemente por el Congreso Nacional.<\/p>\n\n\n\n<p>Fern\u00e1ndez, quien seg\u00fan las encuestas, se encuentra polarizando el proceso electoral de mayo del presente a\u00f1o con el candidato oficialista a la reelecci\u00f3n, desde esta jurisdicci\u00f3n se digiri\u00f3 al municipio de San Antonio de Guerra, donde encabezar\u00e1 una gran marcha-caravana en apoyo a Cristian Berroa, candidato de la FP y partidos aliados.<\/p>\n\n\n\n<p>El virtual pr\u00f3ximo presidente de la Rep\u00fablica, desde el municipio de&nbsp; San Antonio de Guerra, ir\u00e1 al distrito municipal de San Lu\u00eds, donde estar\u00e1 dando su respaldo a Junior Fr\u00edas, el candidato a director por la FP para esa demarcaci\u00f3n.&nbsp;<\/p>\n\n\n\n<p>El l\u00edder de la oposici\u00f3n pol\u00edtica dominicana culmin\u00f3 sus actividades, este lunes en horas de la tarde, en la Circunscripci\u00f3n No. 3, de Santo Domingo Este, con una multitudinaria marcha-caravana junto al candidato a la Alcald\u00eda de este municipio, Julio Romero.<\/p>\n\n\n\n<p>*Secretar\u00eda de Comunicaciones*<\/p>\n\n\n\n<p>*Fuerza del Pueblo*<\/p>\n","protected":false},"excerpt":{"rendered":"<p>Incluye Guerra, San Lu\u00eds y Santo Domingo Este para apoyar los candidatos municipales LA VICTORIA, Santo Domingo.- El presidente del partido Fuerza del Pueblo (FP), Leonel Fern\u00e1ndez, continu\u00f3 este lunes su activismo proselitista en apoyo a los candidatos a puestos municipales y distritales, postulados por FP y organizaciones pol\u00edticas aliadas. El l\u00edder pol\u00edtico y candidato [&hellip;]<\/p>\n","protected":false},"author":28,"featured_media":504431,"comment_status":"closed","ping_status":"","sticky":true,"template":"","format":"standard","meta":{"footnotes":""},"categories":[22,27],"tags":[],"class_list":["post-504430","post","type-post","status-publish","format-standard","has-post-thumbnail","hentry","category-politica","category-portada"],"_links":{"self":[{"href":"https:\/\/diariodominicano.com\/index.php?rest_route=\/wp\/v2\/posts\/504430","targetHints":{"allow":["GET"]}}],"collection":[{"href":"https:\/\/diariodominicano.com\/index.php?rest_route=\/wp\/v2\/posts"}],"about":[{"href":"https:\/\/diariodominicano.com\/index.php?rest_route=\/wp\/v2\/types\/post"}],"author":[{"embeddable":true,"href":"https:\/\/diariodominicano.com\/index.php?rest_route=\/wp\/v2\/users\/28"}],"replies":[{"embeddable":true,"href":"https:\/\/diariodominicano.com\/index.php?rest_route=%2Fwp%2Fv2%2Fcomments&post=504430"}],"version-history":[{"count":6,"href":"https:\/\/diariodominicano.com\/index.php?rest_route=\/wp\/v2\/posts\/504430\/revisions"}],"predecessor-version":[{"id":504445,"href":"https:\/\/diariodominicano.com\/index.php?rest_route=\/wp\/v2\/posts\/504430\/revisions\/504445"}],"wp:featuredmedia":[{"embeddable":true,"href":"https:\/\/diariodominicano.com\/index.php?rest_route=\/wp\/v2\/media\/504431"}],"wp:attachment":[{"href":"https:\/\/diariodominicano.com\/index.php?rest_route=%2Fwp%2Fv2%2Fmedia&parent=504430"}],"wp:term":[{"taxonomy":"category","embeddable":true,"href":"https:\/\/diariodominicano.com\/index.php?rest_route=%2Fwp%2Fv2%2Fcategories&post=504430"},{"taxonomy":"post_tag","embeddable":true,"href":"https:\/\/diariodominicano.com\/index.php?rest_route=%2Fwp%2Fv2%2Ftags&post=504430"}],"curies":[{"name":"wp","href":"https:\/\/api.w.org\/{rel}","templated":true}]}}