{"id":504407,"date":"2024-01-29T22:57:55","date_gmt":"2024-01-30T02:57:55","guid":{"rendered":"https:\/\/diariodominicano.com\/?p=504407"},"modified":"2024-01-29T22:59:02","modified_gmt":"2024-01-30T02:59:02","slug":"miguel-vargas-comparte-mensaje-de-la-iglesia-con-ocasion-del-dia-de-duarte","status":"publish","type":"post","link":"https:\/\/diariodominicano.com\/?p=504407","title":{"rendered":"Miguel Vargas comparte mensaje de la iglesia con ocasi\u00f3n del D\u00eda de Duarte"},"content":{"rendered":"\n<p><em><u>El presidente del PRD coincidi\u00f3 con el obispo Alfredo de la Cruz, quien  repudi\u00f3 que se enga\u00f1e a los pobres con ofertas de campa\u00f1as electorales y consider\u00f3 que las promesas incumplidas provocan que el padre de la patria llore en su tumba.<\/u><\/em><\/p>\n\n\n\n<p>El Seibo. &#8211; El ingeniero Miguel Vargas Maldonado, candidato presidencial del Partido Revolucionario Dominicano (PRD), salud\u00f3 la posici\u00f3n asumida por la iglesia en ocasi\u00f3n a la celebraci\u00f3n del 211 aniversario del natalicio de Juan Pablo Duarte.<\/p>\n\n\n\n<figure class=\"wp-block-image size-large\"><img loading=\"lazy\" decoding=\"async\" width=\"1024\" height=\"682\" src=\"https:\/\/diariodominicano.com\/wp-content\/uploads\/2024\/01\/EL-SEIBO-2_-2-1024x682.jpg\" alt=\"\" class=\"wp-image-504409\" srcset=\"https:\/\/diariodominicano.com\/wp-content\/uploads\/2024\/01\/EL-SEIBO-2_-2-1024x682.jpg 1024w, https:\/\/diariodominicano.com\/wp-content\/uploads\/2024\/01\/EL-SEIBO-2_-2-300x200.jpg 300w, https:\/\/diariodominicano.com\/wp-content\/uploads\/2024\/01\/EL-SEIBO-2_-2-768x512.jpg 768w, https:\/\/diariodominicano.com\/wp-content\/uploads\/2024\/01\/EL-SEIBO-2_-2-1536x1023.jpg 1536w, https:\/\/diariodominicano.com\/wp-content\/uploads\/2024\/01\/EL-SEIBO-2_-2-816x544.jpg 816w, https:\/\/diariodominicano.com\/wp-content\/uploads\/2024\/01\/EL-SEIBO-2_-2.jpg 1600w\" sizes=\"auto, (max-width: 1024px) 100vw, 1024px\" \/><\/figure>\n\n\n\n<p>Al visitar la provincia El Seibo,  Vargas coincidi\u00f3 con el discurso pronunciado el viernes por el obispo de la di\u00f3cesis de San Francisco de Macor\u00eds. Monse\u00f1or Alfredo de la Cruz quien censur\u00f3 que se enga\u00f1e a los pobres con ofertas durante las campa\u00f1as electorales. Al presidir el tedeum en la catedral Santa Ana, en dicha localidad, con motivo del nacimiento del patricio, tambi\u00e9n consider\u00f3 que las promesas incumplidas provocan que el padre de la patria llore en su tumba.<\/p>\n\n\n\n<p>Este lunes, el pa\u00eds celebra el natalicio de Duarte, hecho hist\u00f3rico conmemorado el pasado 26 de enero. En este orden, el PRD emiti\u00f3 una nota que destaca la salutaci\u00f3n de su presidente a la citada declaraci\u00f3n del obispo. Igualmente, se identific\u00f3 con su invitaci\u00f3n a que todo el pueblo dominicano renueve los compromisos con los ideales duartianos. Es decir, trabajar juntos por un pa\u00eds donde la justicia, la igualdad y la libertad sean realidades para todos.<\/p>\n\n\n\n<p>Las declaraciones de Vargas se produjeron durante un encuentro en apoyo a candidatos municipales en esta provincia, de la Alianza Rescate RD y del PRD. All\u00ed, el l\u00edder del partido afirm\u00f3 que, en las elecciones municipales, el pa\u00eds expresar\u00e1 su rechazo a la actual Administraci\u00f3n. Agreg\u00f3 que los oficialistas \u201chan resultado ser un rotundo fracaso en la gesti\u00f3n municipal y lo propio desde el Ejecutivo\u201d.<\/p>\n\n\n\n<p>En ese orden, reiter\u00f3 el compromiso del PRD \u201ccon una oferta y una gesti\u00f3n distintas\u201d.<\/p>\n\n\n\n<p>En el masivo evento participaron los candidatos municipales de El Seibo: Ram\u00f3n Beras (del Partido de la Liberaci\u00f3n Dominicana-PLD-) y Lidia de Padua (PRD). Estos compiten para alcalde y vicealcaldesa de Santa Cruz, cabecera de la provincia. Tambi\u00e9n asistieron los contendores para directores de distritos municipales.<\/p>\n\n\n\n<p>De igual modo estuvo presente el candidato a senador de la Alianza Opositora Rescate RD, Ulises de Beras. Igualmente, para diputados, Guarionex Moreno y Andhy Esther Herrera. Adem\u00e1s, los presidentes provinciales H\u00e9ctor Rivera, del PRD, y Gerardo Casanova, del PLD, entre otros l\u00edderes nacionales, provinciales, municipales y distritales.<\/p>\n\n\n\n<p>Comunicaci\u00f3n Integral Rep Dom<\/p>\n\n\n\n<p><a target=\"_blank\" href=\"mailto:comunicacionintegralrepdom@gmail.com\" rel=\"noreferrer noopener\">comunicacionintegralrepdom@<\/a><\/p>\n","protected":false},"excerpt":{"rendered":"<p>El presidente del PRD coincidi\u00f3 con el obispo Alfredo de la Cruz, quien repudi\u00f3 que se enga\u00f1e a los pobres con ofertas de campa\u00f1as electorales y consider\u00f3 que las promesas incumplidas provocan que el padre de la patria llore en su tumba. El Seibo. &#8211; El ingeniero Miguel Vargas Maldonado, candidato presidencial del Partido Revolucionario [&hellip;]<\/p>\n","protected":false},"author":28,"featured_media":504408,"comment_status":"closed","ping_status":"","sticky":true,"template":"","format":"standard","meta":{"footnotes":""},"categories":[22,27],"tags":[],"class_list":["post-504407","post","type-post","status-publish","format-standard","has-post-thumbnail","hentry","category-politica","category-portada"],"_links":{"self":[{"href":"https:\/\/diariodominicano.com\/index.php?rest_route=\/wp\/v2\/posts\/504407","targetHints":{"allow":["GET"]}}],"collection":[{"href":"https:\/\/diariodominicano.com\/index.php?rest_route=\/wp\/v2\/posts"}],"about":[{"href":"https:\/\/diariodominicano.com\/index.php?rest_route=\/wp\/v2\/types\/post"}],"author":[{"embeddable":true,"href":"https:\/\/diariodominicano.com\/index.php?rest_route=\/wp\/v2\/users\/28"}],"replies":[{"embeddable":true,"href":"https:\/\/diariodominicano.com\/index.php?rest_route=%2Fwp%2Fv2%2Fcomments&post=504407"}],"version-history":[{"count":2,"href":"https:\/\/diariodominicano.com\/index.php?rest_route=\/wp\/v2\/posts\/504407\/revisions"}],"predecessor-version":[{"id":504411,"href":"https:\/\/diariodominicano.com\/index.php?rest_route=\/wp\/v2\/posts\/504407\/revisions\/504411"}],"wp:featuredmedia":[{"embeddable":true,"href":"https:\/\/diariodominicano.com\/index.php?rest_route=\/wp\/v2\/media\/504408"}],"wp:attachment":[{"href":"https:\/\/diariodominicano.com\/index.php?rest_route=%2Fwp%2Fv2%2Fmedia&parent=504407"}],"wp:term":[{"taxonomy":"category","embeddable":true,"href":"https:\/\/diariodominicano.com\/index.php?rest_route=%2Fwp%2Fv2%2Fcategories&post=504407"},{"taxonomy":"post_tag","embeddable":true,"href":"https:\/\/diariodominicano.com\/index.php?rest_route=%2Fwp%2Fv2%2Ftags&post=504407"}],"curies":[{"name":"wp","href":"https:\/\/api.w.org\/{rel}","templated":true}]}}