{"id":50439,"date":"2020-08-20T23:55:42","date_gmt":"2020-08-20T23:55:42","guid":{"rendered":"http:\/\/diariodominicano.ddns.net\/?p=50439"},"modified":"2020-08-20T23:55:42","modified_gmt":"2020-08-20T23:55:42","slug":"el-club-y-la-fundacion-mauricio-baez-expresan-su-pesar-y-se-declaran-en-luto-por-el-fallecimiento-de-jimmy-sierra","status":"publish","type":"post","link":"https:\/\/diariodominicano.com\/?p=50439","title":{"rendered":"El club y la Fundaci\u00f3n Mauricio B\u00e1ez expresan su pesar y se declaran en luto por el fallecimiento de Jimmy Sierra"},"content":{"rendered":"<p><body><\/p>\n<p><img decoding=\"async\" src=\"img3\/Foto 2, Jimmy Sierra.jpg\" \/><br \/><img decoding=\"async\" src=\"img3\/jimmy una.jpg\" \/><br \/><img decoding=\"async\" src=\"img3\/jimmy una.jpg\" \/>  <\/p>\n<p><strong>Diariodominicano.com<\/strong><\/p>\n<p><strong>Jos\u00e9 -Boy\u00f3n- Dom\u00ednguez, presidente del club Mauricio B\u00e1ez, C\u00e9sar Heredia Guerra, quien preside la fundaci\u00f3n que lleva el mismo nombre y el asesor de ambas instituciones, Leo Corpor\u00e1n, expresaron su consternaci\u00f3n por quien consideraron fue  uno de los grandes valores del pa\u00eds y un entra\u00f1able amigo de los mauricianos de toda una vida.<\/strong><\/p>\n<p><strong>SANTO DOMINGO, RD, 20 de agosto de 2020.- El <\/strong>club y la Fundaci\u00f3n Mauricio B\u00e1ez expresaron su pesar y se declararon en luto por el fallecimiento del reputado intelectual, catedr\u00e1tico y cineasta, Jimmy Sierra.<\/p>\n<\/p>\n<p>Jos\u00e9 -Boy\u00f3n- Dom\u00ednguez, presidente del club Mauricio B\u00e1ez, C\u00e9sar Heredia Guerra, quien preside la fundaci\u00f3n que lleva el mismo nombre y el asesor de ambas instituciones, Leo Corpor\u00e1n, expresaron su consternaci\u00f3n por quien consideraron fue  uno de los grandes valores del pa\u00eds y un entra\u00f1able amigo de los mauricianos de toda una vida.<\/p>\n<\/p>\n<p>Mediante un documento de prensa, manifestaron que durante m\u00e1s de cinco d\u00e9cadas, Jimmy Sierra realiz\u00f3 valiosos aportes a la sociedad dominicana, y de manera particular a la barriada de Villa Juana, en los \u00e1mbitos del arte y la cultura.<\/p>\n<\/p>\n<p>\u00abFueron muchos los ni\u00f1os y j\u00f3venes de nuestras entidades  y del sector de Villa Juana, a los que Jimmy  educ\u00f3 y orient\u00f3 de manera desinteresada\u00bb, dice el documento.<\/p>\n<\/p>\n<p>De recia formaci\u00f3n, Jimmy Sierra, quien falleci\u00f3 de un infarto el pasado martes, a la edad de 75 a\u00f1os, fue desde temprana edad, un incansable luchador por las mejores causas del pueblo y supo a trav\u00e9s de las instituciones dedicadas al arte y la cultura, aportar su experiencia y sus conocimientos para dejar un legado a los j\u00f3venes del pa\u00eds.<\/p>\n<\/p>\n<p>\u00abJimmy fue uno de los m\u00e1s importantes referentes culturales del pa\u00eds y de forma muy especial de nuestra barriada de Villa Juana. Un gran valor que dedic\u00f3 su existencia a la b\u00fasqueda de conocimientos y ayudar a otros a superarse\u00bb, indica la nota.<\/p>\n<\/p>\n<p>Dom\u00ednguez, Heredia y Corpor\u00e1n expresaron sus condolencias a sus familiares e indicaron que \u00abtanto el club como la Fundaci\u00f3n Mauricio B\u00e1ez se encuentran de luto por la p\u00e9rdida irreparable de uno de sus hijos\u00bb.<\/p>\n<\/p>\n<p>Agregaron que no es posible cuantificar el aporte realizado por Jimmy Sierra al arte y la cultura de la sociedad dominicana.<\/p>\n<\/p>\n<p>Los mauricianos manifestaron que Jimmy Sierra llev\u00f3 su arte y sus conocimientos a muchos barrios populares, pero que fue Villa Juana, el barrio donde mayores contribuciones hizo en el sentido amplio de la palabra.<\/p>\n<\/p>\n<p>\u00abHa sido un duro golpe para la sociedad dominicana y constituye un gran pesar para la familia mauriciana, con la cual \u00e9l supo compartir sus ideas, siempre encaminadas al desarrollo integral de las presentes y futuras generaciones\u00bb.<\/p>\n<\/p>\n<h6> 2020-08-20 23:55:42 <\/h6>\n<p><!--\n<link rel=\"stylesheet\" href=\"css\/bootstrap.min.css\">\n\n\n<ul class=\"pagination\">\n\t    \n\t\n\n<li >\n\t<a href='?page_no=297'>Previous<\/a>\n\t<\/li>\n\n\n       \n    \n\n<li><a href='?page_no=1'>1<\/a><\/li>\n\n\n\n<li><a href='?page_no=2'>2<\/a><\/li>\n\n\n\n<li><a>...<\/a><\/li>\n\n\n\n<li><a href='?page_no=296'>296<\/a><\/li>\n\n\n\n<li><a href='?page_no=297'>297<\/a><\/li>\n\n\n\n<li class='active'><a>298<\/a><\/li>\n\n\n\n<li><a href='?page_no=299'>299<\/a><\/li>\n\n\n\n<li><a href='?page_no=300'>300<\/a><\/li>\n\n\n\n<li><a>...<\/a><\/li>\n\n\n\n<li><a href='?page_no=22911'>22911<\/a><\/li>\n\n\n\n<li><a href='?page_no=22912'>22912<\/a><\/li>\n\n    \n\t\n\n<li >\n\t<a href='?page_no=299'>Next<\/a>\n\t<\/li>\n\n\n    \n\n<li><a href='?page_no=22912'>Last &rsaquo;&rsaquo;<\/a><\/li>\n\n<\/ul>\n\n\n--><br \/>\n<\/body><\/p>\n","protected":false},"excerpt":{"rendered":"<p>Diariodominicano.com Jos\u00e9 -Boy\u00f3n- Dom\u00ednguez, presidente del club Mauricio B\u00e1ez, C\u00e9sar Heredia Guerra, quien preside la fundaci\u00f3n que lleva el mismo nombre y el asesor de ambas instituciones, Leo Corpor\u00e1n, expresaron su consternaci\u00f3n por quien consideraron fue uno de los grandes valores del pa\u00eds y un entra\u00f1able amigo de los mauricianos de toda una vida. SANTO [&hellip;]<\/p>\n","protected":false},"author":3,"featured_media":0,"comment_status":"open","ping_status":"open","sticky":false,"template":"","format":"standard","meta":{"footnotes":""},"categories":[21],"tags":[],"class_list":["post-50439","post","type-post","status-publish","format-standard","hentry","category-cultura"],"_links":{"self":[{"href":"https:\/\/diariodominicano.com\/index.php?rest_route=\/wp\/v2\/posts\/50439","targetHints":{"allow":["GET"]}}],"collection":[{"href":"https:\/\/diariodominicano.com\/index.php?rest_route=\/wp\/v2\/posts"}],"about":[{"href":"https:\/\/diariodominicano.com\/index.php?rest_route=\/wp\/v2\/types\/post"}],"author":[{"embeddable":true,"href":"https:\/\/diariodominicano.com\/index.php?rest_route=\/wp\/v2\/users\/3"}],"replies":[{"embeddable":true,"href":"https:\/\/diariodominicano.com\/index.php?rest_route=%2Fwp%2Fv2%2Fcomments&post=50439"}],"version-history":[{"count":0,"href":"https:\/\/diariodominicano.com\/index.php?rest_route=\/wp\/v2\/posts\/50439\/revisions"}],"wp:attachment":[{"href":"https:\/\/diariodominicano.com\/index.php?rest_route=%2Fwp%2Fv2%2Fmedia&parent=50439"}],"wp:term":[{"taxonomy":"category","embeddable":true,"href":"https:\/\/diariodominicano.com\/index.php?rest_route=%2Fwp%2Fv2%2Fcategories&post=50439"},{"taxonomy":"post_tag","embeddable":true,"href":"https:\/\/diariodominicano.com\/index.php?rest_route=%2Fwp%2Fv2%2Ftags&post=50439"}],"curies":[{"name":"wp","href":"https:\/\/api.w.org\/{rel}","templated":true}]}}