{"id":504385,"date":"2024-01-29T22:01:43","date_gmt":"2024-01-30T02:01:43","guid":{"rendered":"https:\/\/diariodominicano.com\/?p=504385"},"modified":"2024-01-29T22:01:43","modified_gmt":"2024-01-30T02:01:43","slug":"andres-navarro-pld-la-logica-del-prm-y-del-propio-gobierno-de-luis-abinader-ha-sido-de-puro-marketing","status":"publish","type":"post","link":"https:\/\/diariodominicano.com\/?p=504385","title":{"rendered":"Andr\u00e9s Navarro PLD: La l\u00f3gica del PRM y del propio gobierno de Luis Abinader ha sido de puro marketing"},"content":{"rendered":"\n<p>Andr\u00e9s Navarro dijo que ante  la proximidad de las elecciones municipales el equipo de campa\u00f1a de Abel Mart\u00ednez, candidato presidencial del Partido de la Liberaci\u00f3n Dominicana (PLD), ha tomado la decisi\u00f3n de concentrarse en el empuje de las candidaturas municipales y de distritos municipales.<\/p>\n\n\n\n<p> Andr\u00e9s Navarro, coordinador general de la campa\u00f1a, resalt\u00f3 de esa manera la sinton\u00eda en esa decisi\u00f3n que se ha tenido con Abel Mart\u00ednez, un municipalista con excelentes resultados en sus ejecutorias como alcalde de una ciudad , que del\u00a0 abandono,\u00a0 se transform\u00f3 en modelo de la regi\u00f3n.\u00a0<\/p>\n\n\n\n<p>\u201cEn este tramo de la campa\u00f1a Abel Mart\u00ednez ha brindado su respaldo a candidatos y candidatas a alcaldes o directores de distritos municipales, apoy\u00f3 que lo ha llevado tambi\u00e9n a los regidores y vocales, como sucedi\u00f3 el pasado domingo en Santo Domingo Norte, realizando unas 17 visitas, que concluyeron todas en actos de concentraci\u00f3n de los mun\u00edcipes respaldando las candidaturas del PLD\u201d, explic\u00f3 en su participaci\u00f3n en el programa Matinal 5.<\/p>\n\n\n\n<p>Navarro dijo que el conocimiento que Abel Mart\u00ednez tiene de la municipalidad le ha llevado a tener un compromiso con el desarrollo local.<\/p>\n\n\n\n<p>Dijo que entre la candidatura presidencial del PLD y las candidaturas municipales se ha logrado una sinergia extraordinaria, asociando el liderazgo local con el nacional, que representa el candidato presidencial.<\/p>\n\n\n\n<p>El coordinador general de la campa\u00f1a de Abel Mart\u00ednez refut\u00f3 recientes declaraciones del presidente-candidato, Luis Abinader,&nbsp; sobre el falso posicionamiento de las candidaturas municipales del PRM, apuntando, como un disco rayado, que le llevan 20 puntos a las del PLD o a las de la alianza opositora.<\/p>\n\n\n\n<p>\u201cLa l\u00f3gica del PRM y del propio gobierno de Abinader ha sido de puros marketing, basado en una data cuestionable no solo en el aspecto electoral, tambi\u00e9n en las pol\u00edticas p\u00fablicas del Gobierno\u201d,&nbsp; dijo Navarro para sostener que en&nbsp;&nbsp;&nbsp;febrero se realizar\u00e1 una verdadera encuesta , que no se basa&nbsp;&nbsp;en simples muestreos , sino en el universo que acudir\u00e1 como concurrente a las elecciones municipales programadas para el dia&nbsp;&nbsp;18 del mes pr\u00f3ximo.<\/p>\n\n\n\n<p>Es lo que explica que tanto el candidato presidencial, Abel Mart\u00ednez, como el presidente del PLD, Danilo Medina y el equipo de campa\u00f1a hayan reiterado que el 18 de febrero marcar\u00e1 un punto de inflexi\u00f3n significando as\u00ed el giro que dar\u00e1 el electorado a favor de las candidaturas opositoras.<\/p>\n\n\n\n<p><strong>SECRETARIA COMUNICACIONES<\/strong><\/p>\n\n\n\n<p><strong>29 ENERO 2024<\/strong><\/p>\n","protected":false},"excerpt":{"rendered":"<p>Andr\u00e9s Navarro dijo que ante la proximidad de las elecciones municipales el equipo de campa\u00f1a de Abel Mart\u00ednez, candidato presidencial del Partido de la Liberaci\u00f3n Dominicana (PLD), ha tomado la decisi\u00f3n de concentrarse en el empuje de las candidaturas municipales y de distritos municipales. Andr\u00e9s Navarro, coordinador general de la campa\u00f1a, resalt\u00f3 de esa manera [&hellip;]<\/p>\n","protected":false},"author":28,"featured_media":504386,"comment_status":"closed","ping_status":"","sticky":true,"template":"","format":"standard","meta":{"footnotes":""},"categories":[22,27],"tags":[],"class_list":["post-504385","post","type-post","status-publish","format-standard","has-post-thumbnail","hentry","category-politica","category-portada"],"_links":{"self":[{"href":"https:\/\/diariodominicano.com\/index.php?rest_route=\/wp\/v2\/posts\/504385","targetHints":{"allow":["GET"]}}],"collection":[{"href":"https:\/\/diariodominicano.com\/index.php?rest_route=\/wp\/v2\/posts"}],"about":[{"href":"https:\/\/diariodominicano.com\/index.php?rest_route=\/wp\/v2\/types\/post"}],"author":[{"embeddable":true,"href":"https:\/\/diariodominicano.com\/index.php?rest_route=\/wp\/v2\/users\/28"}],"replies":[{"embeddable":true,"href":"https:\/\/diariodominicano.com\/index.php?rest_route=%2Fwp%2Fv2%2Fcomments&post=504385"}],"version-history":[{"count":1,"href":"https:\/\/diariodominicano.com\/index.php?rest_route=\/wp\/v2\/posts\/504385\/revisions"}],"predecessor-version":[{"id":504387,"href":"https:\/\/diariodominicano.com\/index.php?rest_route=\/wp\/v2\/posts\/504385\/revisions\/504387"}],"wp:featuredmedia":[{"embeddable":true,"href":"https:\/\/diariodominicano.com\/index.php?rest_route=\/wp\/v2\/media\/504386"}],"wp:attachment":[{"href":"https:\/\/diariodominicano.com\/index.php?rest_route=%2Fwp%2Fv2%2Fmedia&parent=504385"}],"wp:term":[{"taxonomy":"category","embeddable":true,"href":"https:\/\/diariodominicano.com\/index.php?rest_route=%2Fwp%2Fv2%2Fcategories&post=504385"},{"taxonomy":"post_tag","embeddable":true,"href":"https:\/\/diariodominicano.com\/index.php?rest_route=%2Fwp%2Fv2%2Ftags&post=504385"}],"curies":[{"name":"wp","href":"https:\/\/api.w.org\/{rel}","templated":true}]}}