{"id":504310,"date":"2024-01-30T00:09:00","date_gmt":"2024-01-30T04:09:00","guid":{"rendered":"https:\/\/diariodominicano.com\/?p=504310"},"modified":"2024-01-30T00:37:27","modified_gmt":"2024-01-30T04:37:27","slug":"diputada-ana-maria-pena-lamenta-persistencia-de-altos-indices-de-criminalidad-en-el-pais","status":"publish","type":"post","link":"https:\/\/diariodominicano.com\/?p=504310","title":{"rendered":"Diputada Ana Mar\u00eda Pe\u00f1a lamenta persistencia de altos \u00edndices de criminalidad en el pa\u00eds"},"content":{"rendered":"\n<p>SANTO DOMINGO, RD.- La diputada Ana Mar\u00eda Pe\u00f1a, representante del Partido de la Liberaci\u00f3n Dominicana (PLD) por Santo Domingo Oeste, expres\u00f3 su profunda lamentaci\u00f3n este lunes al observar c\u00f3mo j\u00f3venes de ambos sexos contin\u00faan perdiendo la vida debido a los niveles de criminalidad que persisten en la Rep\u00fablica Dominicana.<\/p>\n\n\n\n<p>La preocupaci\u00f3n de la diputada se acentu\u00f3 al referirse a la escalada de violencia en el sector Capotillo, Distrito Nacional, donde los recientes acontecimientos criminales dejaron como saldo la tr\u00e1gica muerte a tiros de una persona y dos heridos.<\/p>\n\n\n\n<p>Enfatiz\u00f3 que la violencia criminal est\u00e1 cobrando la vida de j\u00f3venes de ambos sexos, no solo aquellos involucrados en actividades delictivas como ventas de drogas, robos o asaltos, sino tambi\u00e9n j\u00f3venes trabajadores que buscan el sustento para sus familias.<\/p>\n\n\n\n<p>La legisladora manifest\u00f3 su preocupaci\u00f3n por la falta de pol\u00edticas p\u00fablicas efectivas destinadas a ayudar a la juventud, proporcion\u00e1ndoles oportunidades para estudiar, encontrar empleo, emprender iniciativas productivas y desarrollarse.<\/p>\n\n\n\n<p>Se\u00f1al\u00f3 que la carencia de estas pol\u00edticas contribuye a la alta incidencia de j\u00f3venes en actividades delictivas.<\/p>\n\n\n\n<p>Ana Mar\u00eda Pe\u00f1a hizo un llamado a que el Estado garantice condiciones propicias para que la juventud pueda perseguir sus sue\u00f1os en entornos saludables y progresistas.<\/p>\n\n\n\n<p>Subray\u00f3 la importancia de brindar oportunidades de educaci\u00f3n, empleo y desarrollo a los j\u00f3venes como medio para combatir la criminalidad y fomentar un ambiente m\u00e1s seguro y productivo en la sociedad.<\/p>\n\n\n\n<p>&#8212;<\/p>\n\n\n\n<p><strong>Lic. Rafael Lara A.<\/strong><\/p>\n\n\n\n<p><strong>AQA MEDIA SRL,&nbsp;<\/strong>es una Agencia de Noticias, Publicidad y Relaciones P\u00fablicas de RD.<\/p>\n\n\n\n<p>Para contacto: Tel: 829-603-2275 \/ Gmail.&nbsp;<a href=\"mailto:aqamediaam@gmail.com\" target=\"_blank\" rel=\"noreferrer noopener\">aqamediaam@gmail.com<\/a>&nbsp;\/&nbsp;<a href=\"http:\/\/www.elexpreso.com.do\/\" target=\"_blank\" rel=\"noreferrer noopener\">www.elexpreso.com.do<\/a><\/p>\n","protected":false},"excerpt":{"rendered":"<p>SANTO DOMINGO, RD.- La diputada Ana Mar\u00eda Pe\u00f1a, representante del Partido de la Liberaci\u00f3n Dominicana (PLD) por Santo Domingo Oeste, expres\u00f3 su profunda lamentaci\u00f3n este lunes al observar c\u00f3mo j\u00f3venes de ambos sexos contin\u00faan perdiendo la vida debido a los niveles de criminalidad que persisten en la Rep\u00fablica Dominicana. La preocupaci\u00f3n de la diputada se [&hellip;]<\/p>\n","protected":false},"author":7,"featured_media":504389,"comment_status":"closed","ping_status":"","sticky":true,"template":"","format":"standard","meta":{"footnotes":""},"categories":[22],"tags":[],"class_list":["post-504310","post","type-post","status-publish","format-standard","has-post-thumbnail","hentry","category-politica"],"_links":{"self":[{"href":"https:\/\/diariodominicano.com\/index.php?rest_route=\/wp\/v2\/posts\/504310","targetHints":{"allow":["GET"]}}],"collection":[{"href":"https:\/\/diariodominicano.com\/index.php?rest_route=\/wp\/v2\/posts"}],"about":[{"href":"https:\/\/diariodominicano.com\/index.php?rest_route=\/wp\/v2\/types\/post"}],"author":[{"embeddable":true,"href":"https:\/\/diariodominicano.com\/index.php?rest_route=\/wp\/v2\/users\/7"}],"replies":[{"embeddable":true,"href":"https:\/\/diariodominicano.com\/index.php?rest_route=%2Fwp%2Fv2%2Fcomments&post=504310"}],"version-history":[{"count":2,"href":"https:\/\/diariodominicano.com\/index.php?rest_route=\/wp\/v2\/posts\/504310\/revisions"}],"predecessor-version":[{"id":504449,"href":"https:\/\/diariodominicano.com\/index.php?rest_route=\/wp\/v2\/posts\/504310\/revisions\/504449"}],"wp:featuredmedia":[{"embeddable":true,"href":"https:\/\/diariodominicano.com\/index.php?rest_route=\/wp\/v2\/media\/504389"}],"wp:attachment":[{"href":"https:\/\/diariodominicano.com\/index.php?rest_route=%2Fwp%2Fv2%2Fmedia&parent=504310"}],"wp:term":[{"taxonomy":"category","embeddable":true,"href":"https:\/\/diariodominicano.com\/index.php?rest_route=%2Fwp%2Fv2%2Fcategories&post=504310"},{"taxonomy":"post_tag","embeddable":true,"href":"https:\/\/diariodominicano.com\/index.php?rest_route=%2Fwp%2Fv2%2Ftags&post=504310"}],"curies":[{"name":"wp","href":"https:\/\/api.w.org\/{rel}","templated":true}]}}