{"id":504309,"date":"2024-01-29T21:00:47","date_gmt":"2024-01-30T01:00:47","guid":{"rendered":"https:\/\/diariodominicano.com\/?p=504309"},"modified":"2024-01-29T21:00:47","modified_gmt":"2024-01-30T01:00:47","slug":"gloria-reyes-asegura-que-el-gobierno-de-luis-abinader-cambio-el-rostro-de-los-alcarrizos","status":"publish","type":"post","link":"https:\/\/diariodominicano.com\/?p=504309","title":{"rendered":"Gloria Reyes asegura\u00a0 que el gobierno de Luis Abinader cambi\u00f3 el rostro de\u00a0\u00a0 Los Alcarrizos"},"content":{"rendered":"\n<p><strong>Los Alcarrizos, 28 de enero del 2024.-<\/strong>&nbsp;&nbsp;Las obras que realiza el gobierno en el municipio de Los Alcarrizos &nbsp;fueron destacadas ayer por&nbsp; Gloria Reyes, miembro de la Direcci\u00f3n Ejecutiva del&nbsp;Partido Revolucionario Moderno (PRM).<\/p>\n\n\n\n<p>La dirigente pol\u00edtica habl\u00f3 durante el acto realizado por Agentes de Cambio en apoyo a los candidatos a cargos&nbsp; municipales en este municipio por el&nbsp; PRM&nbsp; y aliados. En su intervenci\u00f3n destac\u00f3 que el compromiso del presidente Luis Abinader con este municipio es palpable a trav\u00e9s de las importantes obras de infraestructura que se han levantado en esta gesti\u00f3n.<\/p>\n\n\n\n<figure class=\"wp-block-image size-large\"><img loading=\"lazy\" decoding=\"async\" width=\"682\" height=\"1024\" src=\"https:\/\/diariodominicano.com\/wp-content\/uploads\/2024\/01\/Gloria-Reyes-resalta-obras-del-gobierno-en-Los-Alcarrizos-682x1024.jpg\" alt=\"\" class=\"wp-image-504357\" srcset=\"https:\/\/diariodominicano.com\/wp-content\/uploads\/2024\/01\/Gloria-Reyes-resalta-obras-del-gobierno-en-Los-Alcarrizos-682x1024.jpg 682w, https:\/\/diariodominicano.com\/wp-content\/uploads\/2024\/01\/Gloria-Reyes-resalta-obras-del-gobierno-en-Los-Alcarrizos-200x300.jpg 200w, https:\/\/diariodominicano.com\/wp-content\/uploads\/2024\/01\/Gloria-Reyes-resalta-obras-del-gobierno-en-Los-Alcarrizos-768x1152.jpg 768w, https:\/\/diariodominicano.com\/wp-content\/uploads\/2024\/01\/Gloria-Reyes-resalta-obras-del-gobierno-en-Los-Alcarrizos-816x1224.jpg 816w, https:\/\/diariodominicano.com\/wp-content\/uploads\/2024\/01\/Gloria-Reyes-resalta-obras-del-gobierno-en-Los-Alcarrizos.jpg 853w\" sizes=\"auto, (max-width: 682px) 100vw, 682px\" \/><\/figure>\n\n\n\n<p>Reyes cit\u00f3 las obras de gran importancia para este municipio incluyendo apartamentos a trav\u00e9s del Plan Nacional de Viviendas Familia Feliz y otras de infraestructura que han mejorado la calidad de vida de los mun\u00edcipes.<\/p>\n\n\n\n<p>\u201cPor mucho tiempo solo sal\u00edan en las noticias negativas de Los Alcarrizos y eso hace muy poco que empez\u00f3 a cambiar con la llegada del presidente Luis Abinader. Ahora la gente menciona Los Alcarrizos por el telef\u00e9rico, por la construcci\u00f3n del metro y&nbsp; ser un territorio de gente honesta y trabajadora\u201d.<\/p>\n\n\n\n<p>Gloria Reyes tom\u00f3 la palabra &nbsp;durante un&nbsp; concurrido acto en apoyo a los candidatos a cargos&nbsp; municipales en esta demarcaci\u00f3n por el&nbsp; PRM&nbsp; y aliados, Junior Santos, candidato&nbsp; a alcalde del Municipio de Los Alcarrizos; a los aspirantes a directores municipales Fidel De Los Santos por&nbsp; Pantoja y Jos\u00e9 L\u00f3pez por&nbsp; Palmarejo, as\u00ed como los que est\u00e1n corriendo por las regidur\u00edas.<\/p>\n","protected":false},"excerpt":{"rendered":"<p>Los Alcarrizos, 28 de enero del 2024.-&nbsp;&nbsp;Las obras que realiza el gobierno en el municipio de Los Alcarrizos &nbsp;fueron destacadas ayer por&nbsp; Gloria Reyes, miembro de la Direcci\u00f3n Ejecutiva del&nbsp;Partido Revolucionario Moderno (PRM). La dirigente pol\u00edtica habl\u00f3 durante el acto realizado por Agentes de Cambio en apoyo a los candidatos a cargos&nbsp; municipales en este [&hellip;]<\/p>\n","protected":false},"author":7,"featured_media":504358,"comment_status":"closed","ping_status":"","sticky":true,"template":"","format":"standard","meta":{"footnotes":""},"categories":[22,27],"tags":[],"class_list":["post-504309","post","type-post","status-publish","format-standard","has-post-thumbnail","hentry","category-politica","category-portada"],"_links":{"self":[{"href":"https:\/\/diariodominicano.com\/index.php?rest_route=\/wp\/v2\/posts\/504309","targetHints":{"allow":["GET"]}}],"collection":[{"href":"https:\/\/diariodominicano.com\/index.php?rest_route=\/wp\/v2\/posts"}],"about":[{"href":"https:\/\/diariodominicano.com\/index.php?rest_route=\/wp\/v2\/types\/post"}],"author":[{"embeddable":true,"href":"https:\/\/diariodominicano.com\/index.php?rest_route=\/wp\/v2\/users\/7"}],"replies":[{"embeddable":true,"href":"https:\/\/diariodominicano.com\/index.php?rest_route=%2Fwp%2Fv2%2Fcomments&post=504309"}],"version-history":[{"count":1,"href":"https:\/\/diariodominicano.com\/index.php?rest_route=\/wp\/v2\/posts\/504309\/revisions"}],"predecessor-version":[{"id":504359,"href":"https:\/\/diariodominicano.com\/index.php?rest_route=\/wp\/v2\/posts\/504309\/revisions\/504359"}],"wp:featuredmedia":[{"embeddable":true,"href":"https:\/\/diariodominicano.com\/index.php?rest_route=\/wp\/v2\/media\/504358"}],"wp:attachment":[{"href":"https:\/\/diariodominicano.com\/index.php?rest_route=%2Fwp%2Fv2%2Fmedia&parent=504309"}],"wp:term":[{"taxonomy":"category","embeddable":true,"href":"https:\/\/diariodominicano.com\/index.php?rest_route=%2Fwp%2Fv2%2Fcategories&post=504309"},{"taxonomy":"post_tag","embeddable":true,"href":"https:\/\/diariodominicano.com\/index.php?rest_route=%2Fwp%2Fv2%2Ftags&post=504309"}],"curies":[{"name":"wp","href":"https:\/\/api.w.org\/{rel}","templated":true}]}}