{"id":504306,"date":"2024-01-29T20:27:49","date_gmt":"2024-01-30T00:27:49","guid":{"rendered":"https:\/\/diariodominicano.com\/?p=504306"},"modified":"2024-01-29T20:42:44","modified_gmt":"2024-01-30T00:42:44","slug":"luis-el-gallo-encabeza-gran-caravana-en-municipios-de-ocoa-en-apoyo-trabajo-presidente-luis-abinader","status":"publish","type":"post","link":"https:\/\/diariodominicano.com\/?p=504306","title":{"rendered":"Luis \u201cEl Gallo\u201d encabeza caravana en municipios de Ocoa, en apoyo al trabajo del presidente Luis Abinader"},"content":{"rendered":"\n<p>SAN JOS\u00c9 DE OCOA.- El presidente de la Uni\u00f3n Dem\u00f3crata Cristiana, \u2013UDC, Luis Acosta Moreta, Luis \u201cEl Callo\u201d, encabez\u00f3 una impresionante caravana, en los dos municipios principales de esta provincia, bajo la consigna de que hay que ganar las municipales, en reconocimiento al trabajo y dedicaci\u00f3n del presidente Luis Abinader.<\/p>\n\n\n\n<p>A\u00f1adi\u00f3 que los municipios de San Jos\u00e9 de Ocoa han sido beneficiados por obras de infraestructura, apoyo a la agropecuaria, ampliaci\u00f3n de los servicios sanitarios y mejor\u00eda de las escuelas, por lo que sus moradores deben apoyar los candidatos municipales de Abinader y la UDC, para garantizar mantener el bienestar<\/p>\n\n\n\n<p>Mientras la caravana hacia su entrada en el municipio de San Jos\u00e9 de Ocoa, se uni\u00f3 a Luis \u201cEl Gallo, el alcalde Fernando Castillo, y el candidato a senador Aneudy Ortiz<\/p>\n\n\n\n<p>En el municipio cabecera se present\u00f3 una euforia colectiva con cientos de personas en las calles, levantando banderas nacionales, y las fotos de sus candidatos municipales y del presidente Luis Abinader.<\/p>\n\n\n\n<p>Al llegar al municipio de Sabana Larga Luis \u201cEl Gallo\u201d encabez\u00f3 la caravana junto al s\u00edndico Wilton Brea (Petro), quien est\u00e1 en la b\u00fasqueda de la reelecci\u00f3n. Destac\u00f3 que los candidatos municipales de la UDC no pueden perder, porque son hombres y mujeres que les duele la situaci\u00f3n de sus pueblos.<\/p>\n\n\n\n<p>Los moradores de Sabana Larga salieron a las calles, mientras pasaba la caravana de la UDC, amenizada por los acordes de la Banda Imperial y el Batton Ballet.<\/p>\n","protected":false},"excerpt":{"rendered":"<p>SAN JOS\u00c9 DE OCOA.- El presidente de la Uni\u00f3n Dem\u00f3crata Cristiana, \u2013UDC, Luis Acosta Moreta, Luis \u201cEl Callo\u201d, encabez\u00f3 una impresionante caravana, en los dos municipios principales de esta provincia, bajo la consigna de que hay que ganar las municipales, en reconocimiento al trabajo y dedicaci\u00f3n del presidente Luis Abinader. A\u00f1adi\u00f3 que los municipios de [&hellip;]<\/p>\n","protected":false},"author":7,"featured_media":504316,"comment_status":"closed","ping_status":"open","sticky":true,"template":"","format":"standard","meta":{"footnotes":""},"categories":[22,27],"tags":[],"class_list":["post-504306","post","type-post","status-publish","format-standard","has-post-thumbnail","hentry","category-politica","category-portada"],"_links":{"self":[{"href":"https:\/\/diariodominicano.com\/index.php?rest_route=\/wp\/v2\/posts\/504306","targetHints":{"allow":["GET"]}}],"collection":[{"href":"https:\/\/diariodominicano.com\/index.php?rest_route=\/wp\/v2\/posts"}],"about":[{"href":"https:\/\/diariodominicano.com\/index.php?rest_route=\/wp\/v2\/types\/post"}],"author":[{"embeddable":true,"href":"https:\/\/diariodominicano.com\/index.php?rest_route=\/wp\/v2\/users\/7"}],"replies":[{"embeddable":true,"href":"https:\/\/diariodominicano.com\/index.php?rest_route=%2Fwp%2Fv2%2Fcomments&post=504306"}],"version-history":[{"count":4,"href":"https:\/\/diariodominicano.com\/index.php?rest_route=\/wp\/v2\/posts\/504306\/revisions"}],"predecessor-version":[{"id":504345,"href":"https:\/\/diariodominicano.com\/index.php?rest_route=\/wp\/v2\/posts\/504306\/revisions\/504345"}],"wp:featuredmedia":[{"embeddable":true,"href":"https:\/\/diariodominicano.com\/index.php?rest_route=\/wp\/v2\/media\/504316"}],"wp:attachment":[{"href":"https:\/\/diariodominicano.com\/index.php?rest_route=%2Fwp%2Fv2%2Fmedia&parent=504306"}],"wp:term":[{"taxonomy":"category","embeddable":true,"href":"https:\/\/diariodominicano.com\/index.php?rest_route=%2Fwp%2Fv2%2Fcategories&post=504306"},{"taxonomy":"post_tag","embeddable":true,"href":"https:\/\/diariodominicano.com\/index.php?rest_route=%2Fwp%2Fv2%2Ftags&post=504306"}],"curies":[{"name":"wp","href":"https:\/\/api.w.org\/{rel}","templated":true}]}}